{"id":1131,"date":"2019-09-28T22:21:00","date_gmt":"2019-09-28T22:21:00","guid":{"rendered":"https:\/\/corporacionpba.org\/nuevo\/?p=1131"},"modified":"2020-08-27T22:22:29","modified_gmt":"2020-08-27T22:22:29","slug":"exitoso-evento-sobre-enfoque-territorial-participativo","status":"publish","type":"post","link":"https:\/\/corporacionpba.org\/nuevo\/exitoso-evento-sobre-enfoque-territorial-participativo\/","title":{"rendered":"Exitoso evento sobre enfoque territorial participativo"},"content":{"rendered":"<p><img loading=\"lazy\" decoding=\"async\" class=\"size-medium wp-image-1132 aligncenter\" src=\"https:\/\/corporacionpba.org\/nuevo\/wp-content\/uploads\/2020\/08\/IMG_1162-2-300x300.jpg\" alt=\"\" width=\"300\" height=\"300\" srcset=\"https:\/\/corporacionpba.org\/nuevo\/wp-content\/uploads\/2020\/08\/IMG_1162-2-300x300.jpg 300w, https:\/\/corporacionpba.org\/nuevo\/wp-content\/uploads\/2020\/08\/IMG_1162-2-150x150.jpg 150w, https:\/\/corporacionpba.org\/nuevo\/wp-content\/uploads\/2020\/08\/IMG_1162-2.jpg 600w\" sizes=\"auto, (max-width: 300px) 100vw, 300px\" \/><\/p>\n<p>La Corporaci\u00f3n PBA, con el apoyo financiero del FIDA, organiz\u00f3 un conversatorio sobre la implementaci\u00f3n del enfoque territorial en el desarrollo rural, el pasado 25 de mayo. El evento cont\u00f3 con importantes oradores que conocen muy bien el mundo rural como el director de la Misi\u00f3n para la Transformaci\u00f3n del Campo, Jos\u00e9 Antonio Ocampo, la viceministra de educaci\u00f3n superior, Natalia Ruiz, el representante de FIDA para la regi\u00f3n andina, Jes\u00fas Quintana, el Director Ejecutivo de la Corporaci\u00f3n PBA, Santiago Perry, entre otros.<\/p>\n<p>Uno de los temas centrales fue los Programas de Desarrollo Rural Integral con Enfoque Territorial (PDRIET), que est\u00e1n incluidos tanto en el punto uno del Acuerdo de La Habana como en el texto de la Misi\u00f3n Rural. La Corporaci\u00f3n PBA ha venido acompa\u00f1ando la formulaci\u00f3n de cinco de estos programas en distintas regiones del pa\u00eds y en el evento se presentaron los avances en el Territorio Solidario de Santander. Para contar la experiencia estuvieron los l\u00edderes sociales Ricaurte Becerra, presidente de la Mesa Territorial y de la asociaci\u00f3n de organizaciones campesinas El Com\u00fan, y Francisco Cruz, presidente de la Asociaci\u00f3n de Municipios de V\u00e9lez y alcalde de El Pe\u00f1\u00f3n.<\/p>\n<p>Las exposiciones fueron muy aplaudidas por los m\u00e1s de 100 asistentes, que salieron muy satisfechos con el evento. Dentro de ellos, hab\u00eda expertos rurales (miembros del Grupo de Di\u00e1logo Rural y acad\u00e9micos investigadores), l\u00edderes sociales de territorios en donde se llevan a cabo experiencias de enfoque territorial, funcionarios de instituciones p\u00fablicas y privadas que promueven el desarrollo rural, representantes de organizaciones internacionales (como la FAO, Uni\u00f3n Europea y USAID), funcionarios de gobierno vinculados a la pol\u00edtica de posconflicto y paz, periodistas que cubren temas rurales, universidades, representantes de autoridades departamentales, entre otros.<\/p>\n<p>Despu\u00e9s de las presentaciones de los expertos y de los representantes de Santander, se llev\u00f3 a cabo una ronda de preguntas y comentarios para que los asistentes tuvieran la oportunidad de dar su punto de vista e interrogar a los panelistas. Posteriormente, a cada uno de los presentes se les entreg\u00f3 un manual y una cartilla para la formulaci\u00f3n de PDRIET y un manual para la conformaci\u00f3n de Sistemas Territoriales de Innovaci\u00f3n (STI). Una vez finalizado el evento, fueron un\u00e1nimes los comentarios y felicitaciones de los asistentes por la importancia, calidad y riqueza del conversatorio.<\/p>\n","protected":false},"excerpt":{"rendered":"<p>La Corporaci\u00f3n PBA, con el apoyo financiero del FIDA, organiz\u00f3 un conversatorio sobre la implementaci\u00f3n del enfoque territorial en el desarrollo rural, el pasado 25 de mayo. El evento cont\u00f3 con importantes oradores que conocen muy bien el mundo rural como el director de la Misi\u00f3n para la Transformaci\u00f3n del Campo, Jos\u00e9 Antonio Ocampo, la [&hellip;]<\/p>\n","protected":false},"author":2,"featured_media":1132,"comment_status":"open","ping_status":"open","sticky":false,"template":"","format":"standard","meta":{"_et_pb_use_builder":"","_et_pb_old_content":"","footnotes":""},"categories":[11],"tags":[],"class_list":["post-1131","post","type-post","status-publish","format-standard","has-post-thumbnail","hentry","category-articulo"],"yoast_head":"<!-- This site is optimized with the Yoast SEO plugin v27.2 - https:\/\/yoast.com\/product\/yoast-seo-wordpress\/ -->\n<title>Exitoso evento sobre enfoque territorial participativo - Corporacion PBA<\/title>\n<meta name=\"robots\" content=\"index, follow, max-snippet:-1, max-image-preview:large, max-video-preview:-1\" \/>\n<link rel=\"canonical\" href=\"https:\/\/corporacionpba.org\/nuevo\/exitoso-evento-sobre-enfoque-territorial-participativo\/\" \/>\n<meta property=\"og:locale\" content=\"es_ES\" \/>\n<meta property=\"og:type\" content=\"article\" \/>\n<meta property=\"og:title\" content=\"Exitoso evento sobre enfoque territorial participativo - Corporacion PBA\" \/>\n<meta property=\"og:description\" content=\"La Corporaci\u00f3n PBA, con el apoyo financiero del FIDA, organiz\u00f3 un conversatorio sobre la implementaci\u00f3n del enfoque territorial en el desarrollo rural, el pasado 25 de mayo. El evento cont\u00f3 con importantes oradores que conocen muy bien el mundo rural como el director de la Misi\u00f3n para la Transformaci\u00f3n del Campo, Jos\u00e9 Antonio Ocampo, la [&hellip;]\" \/>\n<meta property=\"og:url\" content=\"https:\/\/corporacionpba.org\/nuevo\/exitoso-evento-sobre-enfoque-territorial-participativo\/\" \/>\n<meta property=\"og:site_name\" content=\"Corporacion PBA\" \/>\n<meta property=\"article:published_time\" content=\"2019-09-28T22:21:00+00:00\" \/>\n<meta property=\"article:modified_time\" content=\"2020-08-27T22:22:29+00:00\" \/>\n<meta property=\"og:image\" content=\"https:\/\/corporacionpba.org\/nuevo\/wp-content\/uploads\/2020\/08\/IMG_1162-2.jpg\" \/>\n\t<meta property=\"og:image:width\" content=\"600\" \/>\n\t<meta property=\"og:image:height\" content=\"600\" \/>\n\t<meta property=\"og:image:type\" content=\"image\/jpeg\" \/>\n<meta name=\"author\" content=\"Corporacion PBA\" \/>\n<meta name=\"twitter:card\" content=\"summary_large_image\" \/>\n<meta name=\"twitter:label1\" content=\"Escrito por\" \/>\n\t<meta name=\"twitter:data1\" content=\"Corporacion PBA\" \/>\n\t<meta name=\"twitter:label2\" content=\"Tiempo de lectura\" \/>\n\t<meta name=\"twitter:data2\" content=\"2 minutos\" \/>\n<script type=\"application\/ld+json\" class=\"yoast-schema-graph\">{\"@context\":\"https:\/\/schema.org\",\"@graph\":[{\"@type\":\"Article\",\"@id\":\"https:\/\/corporacionpba.org\/nuevo\/exitoso-evento-sobre-enfoque-territorial-participativo\/#article\",\"isPartOf\":{\"@id\":\"https:\/\/corporacionpba.org\/nuevo\/exitoso-evento-sobre-enfoque-territorial-participativo\/\"},\"author\":{\"name\":\"Corporacion PBA\",\"@id\":\"https:\/\/corporacionpba.org\/nuevo\/#\/schema\/person\/54fa2e5ef13523f0259b1707b99c11b8\"},\"headline\":\"Exitoso evento sobre enfoque territorial participativo\",\"datePublished\":\"2019-09-28T22:21:00+00:00\",\"dateModified\":\"2020-08-27T22:22:29+00:00\",\"mainEntityOfPage\":{\"@id\":\"https:\/\/corporacionpba.org\/nuevo\/exitoso-evento-sobre-enfoque-territorial-participativo\/\"},\"wordCount\":415,\"commentCount\":0,\"image\":{\"@id\":\"https:\/\/corporacionpba.org\/nuevo\/exitoso-evento-sobre-enfoque-territorial-participativo\/#primaryimage\"},\"thumbnailUrl\":\"https:\/\/corporacionpba.org\/nuevo\/wp-content\/uploads\/2020\/08\/IMG_1162-2.jpg\",\"articleSection\":[\"Art\u00edculo\"],\"inLanguage\":\"es\",\"potentialAction\":[{\"@type\":\"CommentAction\",\"name\":\"Comment\",\"target\":[\"https:\/\/corporacionpba.org\/nuevo\/exitoso-evento-sobre-enfoque-territorial-participativo\/#respond\"]}]},{\"@type\":\"WebPage\",\"@id\":\"https:\/\/corporacionpba.org\/nuevo\/exitoso-evento-sobre-enfoque-territorial-participativo\/\",\"url\":\"https:\/\/corporacionpba.org\/nuevo\/exitoso-evento-sobre-enfoque-territorial-participativo\/\",\"name\":\"Exitoso evento sobre enfoque territorial participativo - Corporacion PBA\",\"isPartOf\":{\"@id\":\"https:\/\/corporacionpba.org\/nuevo\/#website\"},\"primaryImageOfPage\":{\"@id\":\"https:\/\/corporacionpba.org\/nuevo\/exitoso-evento-sobre-enfoque-territorial-participativo\/#primaryimage\"},\"image\":{\"@id\":\"https:\/\/corporacionpba.org\/nuevo\/exitoso-evento-sobre-enfoque-territorial-participativo\/#primaryimage\"},\"thumbnailUrl\":\"https:\/\/corporacionpba.org\/nuevo\/wp-content\/uploads\/2020\/08\/IMG_1162-2.jpg\",\"datePublished\":\"2019-09-28T22:21:00+00:00\",\"dateModified\":\"2020-08-27T22:22:29+00:00\",\"author\":{\"@id\":\"https:\/\/corporacionpba.org\/nuevo\/#\/schema\/person\/54fa2e5ef13523f0259b1707b99c11b8\"},\"breadcrumb\":{\"@id\":\"https:\/\/corporacionpba.org\/nuevo\/exitoso-evento-sobre-enfoque-territorial-participativo\/#breadcrumb\"},\"inLanguage\":\"es\",\"potentialAction\":[{\"@type\":\"ReadAction\",\"target\":[\"https:\/\/corporacionpba.org\/nuevo\/exitoso-evento-sobre-enfoque-territorial-participativo\/\"]}]},{\"@type\":\"ImageObject\",\"inLanguage\":\"es\",\"@id\":\"https:\/\/corporacionpba.org\/nuevo\/exitoso-evento-sobre-enfoque-territorial-participativo\/#primaryimage\",\"url\":\"https:\/\/corporacionpba.org\/nuevo\/wp-content\/uploads\/2020\/08\/IMG_1162-2.jpg\",\"contentUrl\":\"https:\/\/corporacionpba.org\/nuevo\/wp-content\/uploads\/2020\/08\/IMG_1162-2.jpg\",\"width\":600,\"height\":600},{\"@type\":\"BreadcrumbList\",\"@id\":\"https:\/\/corporacionpba.org\/nuevo\/exitoso-evento-sobre-enfoque-territorial-participativo\/#breadcrumb\",\"itemListElement\":[{\"@type\":\"ListItem\",\"position\":1,\"name\":\"Portada\",\"item\":\"https:\/\/corporacionpba.org\/nuevo\/\"},{\"@type\":\"ListItem\",\"position\":2,\"name\":\"Exitoso evento sobre enfoque territorial participativo\"}]},{\"@type\":\"WebSite\",\"@id\":\"https:\/\/corporacionpba.org\/nuevo\/#website\",\"url\":\"https:\/\/corporacionpba.org\/nuevo\/\",\"name\":\"Corporacion PBA\",\"description\":\"Innovaci&oacute;n Rural para el Desarrollo\",\"potentialAction\":[{\"@type\":\"SearchAction\",\"target\":{\"@type\":\"EntryPoint\",\"urlTemplate\":\"https:\/\/corporacionpba.org\/nuevo\/?s={search_term_string}\"},\"query-input\":{\"@type\":\"PropertyValueSpecification\",\"valueRequired\":true,\"valueName\":\"search_term_string\"}}],\"inLanguage\":\"es\"},{\"@type\":\"Person\",\"@id\":\"https:\/\/corporacionpba.org\/nuevo\/#\/schema\/person\/54fa2e5ef13523f0259b1707b99c11b8\",\"name\":\"Corporacion PBA\",\"image\":{\"@type\":\"ImageObject\",\"inLanguage\":\"es\",\"@id\":\"https:\/\/secure.gravatar.com\/avatar\/2063c349439df46203f11a73c15ec3288b8d551168ba8c1a8410ff02770aa39b?s=96&d=mm&r=g\",\"url\":\"https:\/\/secure.gravatar.com\/avatar\/2063c349439df46203f11a73c15ec3288b8d551168ba8c1a8410ff02770aa39b?s=96&d=mm&r=g\",\"contentUrl\":\"https:\/\/secure.gravatar.com\/avatar\/2063c349439df46203f11a73c15ec3288b8d551168ba8c1a8410ff02770aa39b?s=96&d=mm&r=g\",\"caption\":\"Corporacion PBA\"},\"url\":\"https:\/\/corporacionpba.org\/nuevo\/author\/corpba\/\"}]}<\/script>\n<!-- \/ Yoast SEO plugin. -->","yoast_head_json":{"title":"Exitoso evento sobre enfoque territorial participativo - Corporacion PBA","robots":{"index":"index","follow":"follow","max-snippet":"max-snippet:-1","max-image-preview":"max-image-preview:large","max-video-preview":"max-video-preview:-1"},"canonical":"https:\/\/corporacionpba.org\/nuevo\/exitoso-evento-sobre-enfoque-territorial-participativo\/","og_locale":"es_ES","og_type":"article","og_title":"Exitoso evento sobre enfoque territorial participativo - Corporacion PBA","og_description":"La Corporaci\u00f3n PBA, con el apoyo financiero del FIDA, organiz\u00f3 un conversatorio sobre la implementaci\u00f3n del enfoque territorial en el desarrollo rural, el pasado 25 de mayo. El evento cont\u00f3 con importantes oradores que conocen muy bien el mundo rural como el director de la Misi\u00f3n para la Transformaci\u00f3n del Campo, Jos\u00e9 Antonio Ocampo, la [&hellip;]","og_url":"https:\/\/corporacionpba.org\/nuevo\/exitoso-evento-sobre-enfoque-territorial-participativo\/","og_site_name":"Corporacion PBA","article_published_time":"2019-09-28T22:21:00+00:00","article_modified_time":"2020-08-27T22:22:29+00:00","og_image":[{"width":600,"height":600,"url":"https:\/\/corporacionpba.org\/nuevo\/wp-content\/uploads\/2020\/08\/IMG_1162-2.jpg","type":"image\/jpeg"}],"author":"Corporacion PBA","twitter_card":"summary_large_image","twitter_misc":{"Escrito por":"Corporacion PBA","Tiempo de lectura":"2 minutos"},"schema":{"@context":"https:\/\/schema.org","@graph":[{"@type":"Article","@id":"https:\/\/corporacionpba.org\/nuevo\/exitoso-evento-sobre-enfoque-territorial-participativo\/#article","isPartOf":{"@id":"https:\/\/corporacionpba.org\/nuevo\/exitoso-evento-sobre-enfoque-territorial-participativo\/"},"author":{"name":"Corporacion PBA","@id":"https:\/\/corporacionpba.org\/nuevo\/#\/schema\/person\/54fa2e5ef13523f0259b1707b99c11b8"},"headline":"Exitoso evento sobre enfoque territorial participativo","datePublished":"2019-09-28T22:21:00+00:00","dateModified":"2020-08-27T22:22:29+00:00","mainEntityOfPage":{"@id":"https:\/\/corporacionpba.org\/nuevo\/exitoso-evento-sobre-enfoque-territorial-participativo\/"},"wordCount":415,"commentCount":0,"image":{"@id":"https:\/\/corporacionpba.org\/nuevo\/exitoso-evento-sobre-enfoque-territorial-participativo\/#primaryimage"},"thumbnailUrl":"https:\/\/corporacionpba.org\/nuevo\/wp-content\/uploads\/2020\/08\/IMG_1162-2.jpg","articleSection":["Art\u00edculo"],"inLanguage":"es","potentialAction":[{"@type":"CommentAction","name":"Comment","target":["https:\/\/corporacionpba.org\/nuevo\/exitoso-evento-sobre-enfoque-territorial-participativo\/#respond"]}]},{"@type":"WebPage","@id":"https:\/\/corporacionpba.org\/nuevo\/exitoso-evento-sobre-enfoque-territorial-participativo\/","url":"https:\/\/corporacionpba.org\/nuevo\/exitoso-evento-sobre-enfoque-territorial-participativo\/","name":"Exitoso evento sobre enfoque territorial participativo - Corporacion PBA","isPartOf":{"@id":"https:\/\/corporacionpba.org\/nuevo\/#website"},"primaryImageOfPage":{"@id":"https:\/\/corporacionpba.org\/nuevo\/exitoso-evento-sobre-enfoque-territorial-participativo\/#primaryimage"},"image":{"@id":"https:\/\/corporacionpba.org\/nuevo\/exitoso-evento-sobre-enfoque-territorial-participativo\/#primaryimage"},"thumbnailUrl":"https:\/\/corporacionpba.org\/nuevo\/wp-content\/uploads\/2020\/08\/IMG_1162-2.jpg","datePublished":"2019-09-28T22:21:00+00:00","dateModified":"2020-08-27T22:22:29+00:00","author":{"@id":"https:\/\/corporacionpba.org\/nuevo\/#\/schema\/person\/54fa2e5ef13523f0259b1707b99c11b8"},"breadcrumb":{"@id":"https:\/\/corporacionpba.org\/nuevo\/exitoso-evento-sobre-enfoque-territorial-participativo\/#breadcrumb"},"inLanguage":"es","potentialAction":[{"@type":"ReadAction","target":["https:\/\/corporacionpba.org\/nuevo\/exitoso-evento-sobre-enfoque-territorial-participativo\/"]}]},{"@type":"ImageObject","inLanguage":"es","@id":"https:\/\/corporacionpba.org\/nuevo\/exitoso-evento-sobre-enfoque-territorial-participativo\/#primaryimage","url":"https:\/\/corporacionpba.org\/nuevo\/wp-content\/uploads\/2020\/08\/IMG_1162-2.jpg","contentUrl":"https:\/\/corporacionpba.org\/nuevo\/wp-content\/uploads\/2020\/08\/IMG_1162-2.jpg","width":600,"height":600},{"@type":"BreadcrumbList","@id":"https:\/\/corporacionpba.org\/nuevo\/exitoso-evento-sobre-enfoque-territorial-participativo\/#breadcrumb","itemListElement":[{"@type":"ListItem","position":1,"name":"Portada","item":"https:\/\/corporacionpba.org\/nuevo\/"},{"@type":"ListItem","position":2,"name":"Exitoso evento sobre enfoque territorial participativo"}]},{"@type":"WebSite","@id":"https:\/\/corporacionpba.org\/nuevo\/#website","url":"https:\/\/corporacionpba.org\/nuevo\/","name":"Corporacion PBA","description":"Innovaci&oacute;n Rural para el Desarrollo","potentialAction":[{"@type":"SearchAction","target":{"@type":"EntryPoint","urlTemplate":"https:\/\/corporacionpba.org\/nuevo\/?s={search_term_string}"},"query-input":{"@type":"PropertyValueSpecification","valueRequired":true,"valueName":"search_term_string"}}],"inLanguage":"es"},{"@type":"Person","@id":"https:\/\/corporacionpba.org\/nuevo\/#\/schema\/person\/54fa2e5ef13523f0259b1707b99c11b8","name":"Corporacion PBA","image":{"@type":"ImageObject","inLanguage":"es","@id":"https:\/\/secure.gravatar.com\/avatar\/2063c349439df46203f11a73c15ec3288b8d551168ba8c1a8410ff02770aa39b?s=96&d=mm&r=g","url":"https:\/\/secure.gravatar.com\/avatar\/2063c349439df46203f11a73c15ec3288b8d551168ba8c1a8410ff02770aa39b?s=96&d=mm&r=g","contentUrl":"https:\/\/secure.gravatar.com\/avatar\/2063c349439df46203f11a73c15ec3288b8d551168ba8c1a8410ff02770aa39b?s=96&d=mm&r=g","caption":"Corporacion PBA"},"url":"https:\/\/corporacionpba.org\/nuevo\/author\/corpba\/"}]}},"_links":{"self":[{"href":"https:\/\/corporacionpba.org\/nuevo\/wp-json\/wp\/v2\/posts\/1131","targetHints":{"allow":["GET"]}}],"collection":[{"href":"https:\/\/corporacionpba.org\/nuevo\/wp-json\/wp\/v2\/posts"}],"about":[{"href":"https:\/\/corporacionpba.org\/nuevo\/wp-json\/wp\/v2\/types\/post"}],"author":[{"embeddable":true,"href":"https:\/\/corporacionpba.org\/nuevo\/wp-json\/wp\/v2\/users\/2"}],"replies":[{"embeddable":true,"href":"https:\/\/corporacionpba.org\/nuevo\/wp-json\/wp\/v2\/comments?post=1131"}],"version-history":[{"count":1,"href":"https:\/\/corporacionpba.org\/nuevo\/wp-json\/wp\/v2\/posts\/1131\/revisions"}],"predecessor-version":[{"id":1133,"href":"https:\/\/corporacionpba.org\/nuevo\/wp-json\/wp\/v2\/posts\/1131\/revisions\/1133"}],"wp:featuredmedia":[{"embeddable":true,"href":"https:\/\/corporacionpba.org\/nuevo\/wp-json\/wp\/v2\/media\/1132"}],"wp:attachment":[{"href":"https:\/\/corporacionpba.org\/nuevo\/wp-json\/wp\/v2\/media?parent=1131"}],"wp:term":[{"taxonomy":"category","embeddable":true,"href":"https:\/\/corporacionpba.org\/nuevo\/wp-json\/wp\/v2\/categories?post=1131"},{"taxonomy":"post_tag","embeddable":true,"href":"https:\/\/corporacionpba.org\/nuevo\/wp-json\/wp\/v2\/tags?post=1131"}],"curies":[{"name":"wp","href":"https:\/\/api.w.org\/{rel}","templated":true}]}}