{"id":1142,"date":"2016-12-19T19:35:57","date_gmt":"2016-12-19T19:35:57","guid":{"rendered":"https:\/\/corporacionpba.org\/nuevo\/?p=1142"},"modified":"2020-08-28T19:37:19","modified_gmt":"2020-08-28T19:37:19","slug":"comienza-la-era-del-enfoque-territorial-en-colombia","status":"publish","type":"post","link":"https:\/\/corporacionpba.org\/nuevo\/comienza-la-era-del-enfoque-territorial-en-colombia\/","title":{"rendered":"Comienza la era del Enfoque Territorial en Colombia"},"content":{"rendered":"<p><img loading=\"lazy\" decoding=\"async\" class=\"size-medium wp-image-1143 aligncenter\" src=\"https:\/\/corporacionpba.org\/nuevo\/wp-content\/uploads\/2020\/08\/San-Gil-2-2-300x300.jpg\" alt=\"\" width=\"300\" height=\"300\" srcset=\"https:\/\/corporacionpba.org\/nuevo\/wp-content\/uploads\/2020\/08\/San-Gil-2-2-300x300.jpg 300w, https:\/\/corporacionpba.org\/nuevo\/wp-content\/uploads\/2020\/08\/San-Gil-2-2-150x150.jpg 150w, https:\/\/corporacionpba.org\/nuevo\/wp-content\/uploads\/2020\/08\/San-Gil-2-2.jpg 600w\" sizes=\"auto, (max-width: 300px) 100vw, 300px\" \/><\/p>\n<p>El Desarrollo Rural con Enfoque Territorial es una estrategia participativa, equitativa y democr\u00e1tica para conseguir la transformaci\u00f3n del campo y saldar la deuda hist\u00f3rica con el sector rural, que reconoce las diferencias entre regiones y convoca al conjunto de la sociedad civil y a la institucionalidad territorial a construir conjuntamente las visiones, planes y programas que desean implementar para el desarrollo rural de sus territorios y a participar en un proceso concertado de priorizaci\u00f3n de las inversiones.<br \/>\nEsta estrategia fue una de las recomendaciones de la Misi\u00f3n para la Transformaci\u00f3n del Campo, y est\u00e1 contemplada en los acuerdos firmados en La Habana entre el gobierno y las FARC.<\/p>\n<p>En Europa se utilizan aproximaciones parecidas desde hace varias d\u00e9cadas y en Colombia diversos sectores hab\u00edan propuesto la adopci\u00f3n del Enfoque Territorial, entre ellos el Grupo Di\u00e1logo Rural Colombia, que coordina la Corporaci\u00f3n PBA a trav\u00e9s de su Director Ejecutivo, Santiago Perry. El Plan Nacional de Desarrollo del actual gobierno lo incluy\u00f3 entre sus pol\u00edticas, pero fue la proximidad de un acuerdo final en La Habana el factor que aceler\u00f3 su implementaci\u00f3n, puesto que el punto uno de los acuerdos contempla expl\u00edcitamente la preparaci\u00f3n de programas de este tipo en varias zonas.<\/p>\n<p>Anticip\u00e1ndose a la agenda de los acuerdos y de com\u00fan acuerdo con el Departamento Nacional de Planeaci\u00f3n, la Corporaci\u00f3n PBA inici\u00f3 con recursos del FIDA las formulaciones en cuatro territorios del pa\u00eds, que fueron identificados con base en sus potencialidades y experiencias: el sur de Santander, exactamente en las provincias Comunera, Guanentina y Vele\u00f1a; la Provincia de M\u00e1rquez en Boyac\u00e1; en la zona Costanera de C\u00f3rdoba y Sucre, incluyendo los municipios Canalete, los C\u00f3rdobas, Puerto Escondido, Mo\u00f1itos, San Bernardo del Viento y San Antero de C\u00f3rdoba y Cove\u00f1as de Sucre; y en el sur del Atl\u00e1ntico, en el territorio conformado por los municipios Suan, Santa Luc\u00eda, Manat\u00ed, Campo de la Cruz, Candelaria y Repel\u00f3n.<\/p>\n<p>En dichos territorios se dio comienzo hace algo m\u00e1s de un mes a la construcci\u00f3n de los primeros PDRIET (sigla con la que se les ha bautizado provisionalmente). La Corporaci\u00f3n PBA juega en ellos el papel de facilitador y asesor metodol\u00f3gico. Equipos de profesionales de la Corporaci\u00f3n PBA acompa\u00f1an estos cuatro procesos, en los que est\u00e1n involucrados directamente actores territoriales influyentes. En el sur de Santander participan instituciones como la Universidad de San Gil, la Fundaci\u00f3n Coomuldesa, la Asociaci\u00f3n de municipios de la Provincia de V\u00e9lez, las Di\u00f3cesis de Socorro y San Gil y de V\u00e9lez, y organizaciones sociales como CorpoV\u00e9lez, El Com\u00fan y la Mesa de Mujeres, entre muchas otras. En Boyac\u00e1 es la gobernaci\u00f3n directamente quien lidera la iniciativa con la Corporaci\u00f3n, con el apoyo de la Universidad Central y organizaciones de peque\u00f1os productores rurales. En la zona costanera de C\u00f3rdoba los aliados son la Universidad de C\u00f3rdoba, la Universidad Central y las redes de j\u00f3venes rurales y de productores de pl\u00e1tano; y en el sur del Atl\u00e1ntico participan el IICA, la Gobernaci\u00f3n, la Universidad Libre, otras entidades y organizaciones de productores.<\/p>\n<p>A la fecha, se han conformado equipos territoriales de construcci\u00f3n de los PDRIET y se preparan los manuales y talleres con la poblaci\u00f3n y con los diferentes actores, para llevar adelante los diagn\u00f3sticos territoriales, la construcci\u00f3n de visi\u00f3n com\u00fan en cada territorio, la formulaci\u00f3n de l\u00edneas estrat\u00e9gicas y la priorizaci\u00f3n y formulaci\u00f3n de proyectos de inversi\u00f3n. El plazo para tener listos estos primeros cuatro Programas de Desarrollo Rural Integral con Enfoque Territorial es el mes de enero de 2017.<\/p>\n<p>Los equipos de trabajo definieron que los procesos sean realizados con la mayor participaci\u00f3n posible de la poblaci\u00f3n, involucrando a los alcaldes y autoridades municipales y a la institucionalidad presente en los territorios, as\u00ed como a la mayor diversidad posible de expresiones sociales organizadas, desde las organizaciones campesinas hasta los gremios del sector privado y los medios de comunicaci\u00f3n, especialmente las radios y canales de televisi\u00f3n comunitarios.<\/p>\n","protected":false},"excerpt":{"rendered":"<p>El Desarrollo Rural con Enfoque Territorial es una estrategia participativa, equitativa y democr\u00e1tica para conseguir la transformaci\u00f3n del campo y saldar la deuda hist\u00f3rica con el sector rural, que reconoce las diferencias entre regiones y convoca al conjunto de la sociedad civil y a la institucionalidad territorial a construir conjuntamente las visiones, planes y programas [&hellip;]<\/p>\n","protected":false},"author":2,"featured_media":1143,"comment_status":"open","ping_status":"open","sticky":false,"template":"","format":"standard","meta":{"_et_pb_use_builder":"","_et_pb_old_content":"","footnotes":""},"categories":[11],"tags":[],"class_list":["post-1142","post","type-post","status-publish","format-standard","has-post-thumbnail","hentry","category-articulo"],"yoast_head":"<!-- This site is optimized with the Yoast SEO plugin v27.2 - https:\/\/yoast.com\/product\/yoast-seo-wordpress\/ -->\n<title>Comienza la era del Enfoque Territorial en Colombia - Corporacion PBA<\/title>\n<meta name=\"robots\" content=\"index, follow, max-snippet:-1, max-image-preview:large, max-video-preview:-1\" \/>\n<link rel=\"canonical\" href=\"https:\/\/corporacionpba.org\/nuevo\/comienza-la-era-del-enfoque-territorial-en-colombia\/\" \/>\n<meta property=\"og:locale\" content=\"es_ES\" \/>\n<meta property=\"og:type\" content=\"article\" \/>\n<meta property=\"og:title\" content=\"Comienza la era del Enfoque Territorial en Colombia - Corporacion PBA\" \/>\n<meta property=\"og:description\" content=\"El Desarrollo Rural con Enfoque Territorial es una estrategia participativa, equitativa y democr\u00e1tica para conseguir la transformaci\u00f3n del campo y saldar la deuda hist\u00f3rica con el sector rural, que reconoce las diferencias entre regiones y convoca al conjunto de la sociedad civil y a la institucionalidad territorial a construir conjuntamente las visiones, planes y programas [&hellip;]\" \/>\n<meta property=\"og:url\" content=\"https:\/\/corporacionpba.org\/nuevo\/comienza-la-era-del-enfoque-territorial-en-colombia\/\" \/>\n<meta property=\"og:site_name\" content=\"Corporacion PBA\" \/>\n<meta property=\"article:published_time\" content=\"2016-12-19T19:35:57+00:00\" \/>\n<meta property=\"article:modified_time\" content=\"2020-08-28T19:37:19+00:00\" \/>\n<meta property=\"og:image\" content=\"https:\/\/corporacionpba.org\/nuevo\/wp-content\/uploads\/2020\/08\/San-Gil-2-2.jpg\" \/>\n\t<meta property=\"og:image:width\" content=\"600\" \/>\n\t<meta property=\"og:image:height\" content=\"600\" \/>\n\t<meta property=\"og:image:type\" content=\"image\/jpeg\" \/>\n<meta name=\"author\" content=\"Corporacion PBA\" \/>\n<meta name=\"twitter:card\" content=\"summary_large_image\" \/>\n<meta name=\"twitter:label1\" content=\"Escrito por\" \/>\n\t<meta name=\"twitter:data1\" content=\"Corporacion PBA\" \/>\n\t<meta name=\"twitter:label2\" content=\"Tiempo de lectura\" \/>\n\t<meta name=\"twitter:data2\" content=\"4 minutos\" \/>\n<script type=\"application\/ld+json\" class=\"yoast-schema-graph\">{\"@context\":\"https:\/\/schema.org\",\"@graph\":[{\"@type\":\"Article\",\"@id\":\"https:\/\/corporacionpba.org\/nuevo\/comienza-la-era-del-enfoque-territorial-en-colombia\/#article\",\"isPartOf\":{\"@id\":\"https:\/\/corporacionpba.org\/nuevo\/comienza-la-era-del-enfoque-territorial-en-colombia\/\"},\"author\":{\"name\":\"Corporacion PBA\",\"@id\":\"https:\/\/corporacionpba.org\/nuevo\/#\/schema\/person\/54fa2e5ef13523f0259b1707b99c11b8\"},\"headline\":\"Comienza la era del Enfoque Territorial en Colombia\",\"datePublished\":\"2016-12-19T19:35:57+00:00\",\"dateModified\":\"2020-08-28T19:37:19+00:00\",\"mainEntityOfPage\":{\"@id\":\"https:\/\/corporacionpba.org\/nuevo\/comienza-la-era-del-enfoque-territorial-en-colombia\/\"},\"wordCount\":721,\"commentCount\":0,\"image\":{\"@id\":\"https:\/\/corporacionpba.org\/nuevo\/comienza-la-era-del-enfoque-territorial-en-colombia\/#primaryimage\"},\"thumbnailUrl\":\"https:\/\/corporacionpba.org\/nuevo\/wp-content\/uploads\/2020\/08\/San-Gil-2-2.jpg\",\"articleSection\":[\"Art\u00edculo\"],\"inLanguage\":\"es\",\"potentialAction\":[{\"@type\":\"CommentAction\",\"name\":\"Comment\",\"target\":[\"https:\/\/corporacionpba.org\/nuevo\/comienza-la-era-del-enfoque-territorial-en-colombia\/#respond\"]}]},{\"@type\":\"WebPage\",\"@id\":\"https:\/\/corporacionpba.org\/nuevo\/comienza-la-era-del-enfoque-territorial-en-colombia\/\",\"url\":\"https:\/\/corporacionpba.org\/nuevo\/comienza-la-era-del-enfoque-territorial-en-colombia\/\",\"name\":\"Comienza la era del Enfoque Territorial en Colombia - Corporacion PBA\",\"isPartOf\":{\"@id\":\"https:\/\/corporacionpba.org\/nuevo\/#website\"},\"primaryImageOfPage\":{\"@id\":\"https:\/\/corporacionpba.org\/nuevo\/comienza-la-era-del-enfoque-territorial-en-colombia\/#primaryimage\"},\"image\":{\"@id\":\"https:\/\/corporacionpba.org\/nuevo\/comienza-la-era-del-enfoque-territorial-en-colombia\/#primaryimage\"},\"thumbnailUrl\":\"https:\/\/corporacionpba.org\/nuevo\/wp-content\/uploads\/2020\/08\/San-Gil-2-2.jpg\",\"datePublished\":\"2016-12-19T19:35:57+00:00\",\"dateModified\":\"2020-08-28T19:37:19+00:00\",\"author\":{\"@id\":\"https:\/\/corporacionpba.org\/nuevo\/#\/schema\/person\/54fa2e5ef13523f0259b1707b99c11b8\"},\"breadcrumb\":{\"@id\":\"https:\/\/corporacionpba.org\/nuevo\/comienza-la-era-del-enfoque-territorial-en-colombia\/#breadcrumb\"},\"inLanguage\":\"es\",\"potentialAction\":[{\"@type\":\"ReadAction\",\"target\":[\"https:\/\/corporacionpba.org\/nuevo\/comienza-la-era-del-enfoque-territorial-en-colombia\/\"]}]},{\"@type\":\"ImageObject\",\"inLanguage\":\"es\",\"@id\":\"https:\/\/corporacionpba.org\/nuevo\/comienza-la-era-del-enfoque-territorial-en-colombia\/#primaryimage\",\"url\":\"https:\/\/corporacionpba.org\/nuevo\/wp-content\/uploads\/2020\/08\/San-Gil-2-2.jpg\",\"contentUrl\":\"https:\/\/corporacionpba.org\/nuevo\/wp-content\/uploads\/2020\/08\/San-Gil-2-2.jpg\",\"width\":600,\"height\":600},{\"@type\":\"BreadcrumbList\",\"@id\":\"https:\/\/corporacionpba.org\/nuevo\/comienza-la-era-del-enfoque-territorial-en-colombia\/#breadcrumb\",\"itemListElement\":[{\"@type\":\"ListItem\",\"position\":1,\"name\":\"Portada\",\"item\":\"https:\/\/corporacionpba.org\/nuevo\/\"},{\"@type\":\"ListItem\",\"position\":2,\"name\":\"Comienza la era del Enfoque Territorial en Colombia\"}]},{\"@type\":\"WebSite\",\"@id\":\"https:\/\/corporacionpba.org\/nuevo\/#website\",\"url\":\"https:\/\/corporacionpba.org\/nuevo\/\",\"name\":\"Corporacion PBA\",\"description\":\"Innovaci&oacute;n Rural para el Desarrollo\",\"potentialAction\":[{\"@type\":\"SearchAction\",\"target\":{\"@type\":\"EntryPoint\",\"urlTemplate\":\"https:\/\/corporacionpba.org\/nuevo\/?s={search_term_string}\"},\"query-input\":{\"@type\":\"PropertyValueSpecification\",\"valueRequired\":true,\"valueName\":\"search_term_string\"}}],\"inLanguage\":\"es\"},{\"@type\":\"Person\",\"@id\":\"https:\/\/corporacionpba.org\/nuevo\/#\/schema\/person\/54fa2e5ef13523f0259b1707b99c11b8\",\"name\":\"Corporacion PBA\",\"image\":{\"@type\":\"ImageObject\",\"inLanguage\":\"es\",\"@id\":\"https:\/\/secure.gravatar.com\/avatar\/2063c349439df46203f11a73c15ec3288b8d551168ba8c1a8410ff02770aa39b?s=96&d=mm&r=g\",\"url\":\"https:\/\/secure.gravatar.com\/avatar\/2063c349439df46203f11a73c15ec3288b8d551168ba8c1a8410ff02770aa39b?s=96&d=mm&r=g\",\"contentUrl\":\"https:\/\/secure.gravatar.com\/avatar\/2063c349439df46203f11a73c15ec3288b8d551168ba8c1a8410ff02770aa39b?s=96&d=mm&r=g\",\"caption\":\"Corporacion PBA\"},\"url\":\"https:\/\/corporacionpba.org\/nuevo\/author\/corpba\/\"}]}<\/script>\n<!-- \/ Yoast SEO plugin. -->","yoast_head_json":{"title":"Comienza la era del Enfoque Territorial en Colombia - Corporacion PBA","robots":{"index":"index","follow":"follow","max-snippet":"max-snippet:-1","max-image-preview":"max-image-preview:large","max-video-preview":"max-video-preview:-1"},"canonical":"https:\/\/corporacionpba.org\/nuevo\/comienza-la-era-del-enfoque-territorial-en-colombia\/","og_locale":"es_ES","og_type":"article","og_title":"Comienza la era del Enfoque Territorial en Colombia - Corporacion PBA","og_description":"El Desarrollo Rural con Enfoque Territorial es una estrategia participativa, equitativa y democr\u00e1tica para conseguir la transformaci\u00f3n del campo y saldar la deuda hist\u00f3rica con el sector rural, que reconoce las diferencias entre regiones y convoca al conjunto de la sociedad civil y a la institucionalidad territorial a construir conjuntamente las visiones, planes y programas [&hellip;]","og_url":"https:\/\/corporacionpba.org\/nuevo\/comienza-la-era-del-enfoque-territorial-en-colombia\/","og_site_name":"Corporacion PBA","article_published_time":"2016-12-19T19:35:57+00:00","article_modified_time":"2020-08-28T19:37:19+00:00","og_image":[{"width":600,"height":600,"url":"https:\/\/corporacionpba.org\/nuevo\/wp-content\/uploads\/2020\/08\/San-Gil-2-2.jpg","type":"image\/jpeg"}],"author":"Corporacion PBA","twitter_card":"summary_large_image","twitter_misc":{"Escrito por":"Corporacion PBA","Tiempo de lectura":"4 minutos"},"schema":{"@context":"https:\/\/schema.org","@graph":[{"@type":"Article","@id":"https:\/\/corporacionpba.org\/nuevo\/comienza-la-era-del-enfoque-territorial-en-colombia\/#article","isPartOf":{"@id":"https:\/\/corporacionpba.org\/nuevo\/comienza-la-era-del-enfoque-territorial-en-colombia\/"},"author":{"name":"Corporacion PBA","@id":"https:\/\/corporacionpba.org\/nuevo\/#\/schema\/person\/54fa2e5ef13523f0259b1707b99c11b8"},"headline":"Comienza la era del Enfoque Territorial en Colombia","datePublished":"2016-12-19T19:35:57+00:00","dateModified":"2020-08-28T19:37:19+00:00","mainEntityOfPage":{"@id":"https:\/\/corporacionpba.org\/nuevo\/comienza-la-era-del-enfoque-territorial-en-colombia\/"},"wordCount":721,"commentCount":0,"image":{"@id":"https:\/\/corporacionpba.org\/nuevo\/comienza-la-era-del-enfoque-territorial-en-colombia\/#primaryimage"},"thumbnailUrl":"https:\/\/corporacionpba.org\/nuevo\/wp-content\/uploads\/2020\/08\/San-Gil-2-2.jpg","articleSection":["Art\u00edculo"],"inLanguage":"es","potentialAction":[{"@type":"CommentAction","name":"Comment","target":["https:\/\/corporacionpba.org\/nuevo\/comienza-la-era-del-enfoque-territorial-en-colombia\/#respond"]}]},{"@type":"WebPage","@id":"https:\/\/corporacionpba.org\/nuevo\/comienza-la-era-del-enfoque-territorial-en-colombia\/","url":"https:\/\/corporacionpba.org\/nuevo\/comienza-la-era-del-enfoque-territorial-en-colombia\/","name":"Comienza la era del Enfoque Territorial en Colombia - Corporacion PBA","isPartOf":{"@id":"https:\/\/corporacionpba.org\/nuevo\/#website"},"primaryImageOfPage":{"@id":"https:\/\/corporacionpba.org\/nuevo\/comienza-la-era-del-enfoque-territorial-en-colombia\/#primaryimage"},"image":{"@id":"https:\/\/corporacionpba.org\/nuevo\/comienza-la-era-del-enfoque-territorial-en-colombia\/#primaryimage"},"thumbnailUrl":"https:\/\/corporacionpba.org\/nuevo\/wp-content\/uploads\/2020\/08\/San-Gil-2-2.jpg","datePublished":"2016-12-19T19:35:57+00:00","dateModified":"2020-08-28T19:37:19+00:00","author":{"@id":"https:\/\/corporacionpba.org\/nuevo\/#\/schema\/person\/54fa2e5ef13523f0259b1707b99c11b8"},"breadcrumb":{"@id":"https:\/\/corporacionpba.org\/nuevo\/comienza-la-era-del-enfoque-territorial-en-colombia\/#breadcrumb"},"inLanguage":"es","potentialAction":[{"@type":"ReadAction","target":["https:\/\/corporacionpba.org\/nuevo\/comienza-la-era-del-enfoque-territorial-en-colombia\/"]}]},{"@type":"ImageObject","inLanguage":"es","@id":"https:\/\/corporacionpba.org\/nuevo\/comienza-la-era-del-enfoque-territorial-en-colombia\/#primaryimage","url":"https:\/\/corporacionpba.org\/nuevo\/wp-content\/uploads\/2020\/08\/San-Gil-2-2.jpg","contentUrl":"https:\/\/corporacionpba.org\/nuevo\/wp-content\/uploads\/2020\/08\/San-Gil-2-2.jpg","width":600,"height":600},{"@type":"BreadcrumbList","@id":"https:\/\/corporacionpba.org\/nuevo\/comienza-la-era-del-enfoque-territorial-en-colombia\/#breadcrumb","itemListElement":[{"@type":"ListItem","position":1,"name":"Portada","item":"https:\/\/corporacionpba.org\/nuevo\/"},{"@type":"ListItem","position":2,"name":"Comienza la era del Enfoque Territorial en Colombia"}]},{"@type":"WebSite","@id":"https:\/\/corporacionpba.org\/nuevo\/#website","url":"https:\/\/corporacionpba.org\/nuevo\/","name":"Corporacion PBA","description":"Innovaci&oacute;n Rural para el Desarrollo","potentialAction":[{"@type":"SearchAction","target":{"@type":"EntryPoint","urlTemplate":"https:\/\/corporacionpba.org\/nuevo\/?s={search_term_string}"},"query-input":{"@type":"PropertyValueSpecification","valueRequired":true,"valueName":"search_term_string"}}],"inLanguage":"es"},{"@type":"Person","@id":"https:\/\/corporacionpba.org\/nuevo\/#\/schema\/person\/54fa2e5ef13523f0259b1707b99c11b8","name":"Corporacion PBA","image":{"@type":"ImageObject","inLanguage":"es","@id":"https:\/\/secure.gravatar.com\/avatar\/2063c349439df46203f11a73c15ec3288b8d551168ba8c1a8410ff02770aa39b?s=96&d=mm&r=g","url":"https:\/\/secure.gravatar.com\/avatar\/2063c349439df46203f11a73c15ec3288b8d551168ba8c1a8410ff02770aa39b?s=96&d=mm&r=g","contentUrl":"https:\/\/secure.gravatar.com\/avatar\/2063c349439df46203f11a73c15ec3288b8d551168ba8c1a8410ff02770aa39b?s=96&d=mm&r=g","caption":"Corporacion PBA"},"url":"https:\/\/corporacionpba.org\/nuevo\/author\/corpba\/"}]}},"_links":{"self":[{"href":"https:\/\/corporacionpba.org\/nuevo\/wp-json\/wp\/v2\/posts\/1142","targetHints":{"allow":["GET"]}}],"collection":[{"href":"https:\/\/corporacionpba.org\/nuevo\/wp-json\/wp\/v2\/posts"}],"about":[{"href":"https:\/\/corporacionpba.org\/nuevo\/wp-json\/wp\/v2\/types\/post"}],"author":[{"embeddable":true,"href":"https:\/\/corporacionpba.org\/nuevo\/wp-json\/wp\/v2\/users\/2"}],"replies":[{"embeddable":true,"href":"https:\/\/corporacionpba.org\/nuevo\/wp-json\/wp\/v2\/comments?post=1142"}],"version-history":[{"count":1,"href":"https:\/\/corporacionpba.org\/nuevo\/wp-json\/wp\/v2\/posts\/1142\/revisions"}],"predecessor-version":[{"id":1144,"href":"https:\/\/corporacionpba.org\/nuevo\/wp-json\/wp\/v2\/posts\/1142\/revisions\/1144"}],"wp:featuredmedia":[{"embeddable":true,"href":"https:\/\/corporacionpba.org\/nuevo\/wp-json\/wp\/v2\/media\/1143"}],"wp:attachment":[{"href":"https:\/\/corporacionpba.org\/nuevo\/wp-json\/wp\/v2\/media?parent=1142"}],"wp:term":[{"taxonomy":"category","embeddable":true,"href":"https:\/\/corporacionpba.org\/nuevo\/wp-json\/wp\/v2\/categories?post=1142"},{"taxonomy":"post_tag","embeddable":true,"href":"https:\/\/corporacionpba.org\/nuevo\/wp-json\/wp\/v2\/tags?post=1142"}],"curies":[{"name":"wp","href":"https:\/\/api.w.org\/{rel}","templated":true}]}}