{"id":1151,"date":"2017-01-20T16:58:37","date_gmt":"2017-01-20T16:58:37","guid":{"rendered":"https:\/\/corporacionpba.org\/nuevo\/?p=1151"},"modified":"2020-09-01T16:59:18","modified_gmt":"2020-09-01T16:59:18","slug":"el-enorme-potencial-de-la-agricultura-familiar","status":"publish","type":"post","link":"https:\/\/corporacionpba.org\/nuevo\/el-enorme-potencial-de-la-agricultura-familiar\/","title":{"rendered":"El enorme potencial de la agricultura familiar"},"content":{"rendered":"<p><img loading=\"lazy\" decoding=\"async\" class=\"size-medium wp-image-1152 aligncenter\" src=\"https:\/\/corporacionpba.org\/nuevo\/wp-content\/uploads\/2020\/09\/P1050143-2-2-300x300.jpg\" alt=\"\" width=\"300\" height=\"300\" srcset=\"https:\/\/corporacionpba.org\/nuevo\/wp-content\/uploads\/2020\/09\/P1050143-2-2-300x300.jpg 300w, https:\/\/corporacionpba.org\/nuevo\/wp-content\/uploads\/2020\/09\/P1050143-2-2-150x150.jpg 150w, https:\/\/corporacionpba.org\/nuevo\/wp-content\/uploads\/2020\/09\/P1050143-2-2.jpg 600w\" sizes=\"auto, (max-width: 300px) 100vw, 300px\" \/><\/p>\n<p>Numerosos estudios confirman que la peque\u00f1a econom\u00eda campesina es una gran oportunidad para el desarrollo de los pa\u00edses andinos. Entrevista con Santiago Perry, director de la Corporaci\u00f3n PBA y Secretario T\u00e9cnico del Grupo Di\u00e1logo Rural Colombia.<\/p>\n<p>La agricultura familiar ha regresado al centro de las discusiones sobre desarrollo en Am\u00e9rica Latina. Tras algunas d\u00e9cadas en las que las pol\u00edticas agr\u00edcolas se enfocaron casi exclusivamente en la gran agricultura de exportaci\u00f3n, el tema de la peque\u00f1a producci\u00f3n campesina toma vigencia, empujado por la urgente necesidad de solucionar los problemas de seguridad alimentaria que se avecinan. Para Santiago Perry, Secretario T\u00e9cnico del Grupo Di\u00e1logo Rural Colombia, no se trata simplemente de atender un problema social. En su opini\u00f3n, \u201cen ocasiones las estrategias implementadas en los pa\u00edses latinoamericanos consideran a la econom\u00eda campesina como una r\u00e9mora que impide el desarrollo, desconociendo que es exactamente lo contrario, pues constituye un enorme potencial para la econom\u00eda de nuestros pa\u00edses y para la seguridad alimentaria\u201d.<\/p>\n<p>Las cifras m\u00e1s recientes confirman la importancia de la agricultura familiar en Latinoam\u00e9rica, en donde representa m\u00e1s del 80 por ciento de las explotaciones agr\u00edcolas; aporta entre el 30 y 40 por ciento del PIB agr\u00edcola; provee entre 27 y 67 por ciento del total de la producci\u00f3n; ocupa entre el 12 y el 67 por ciento de la superficie agropecuaria; y genera entre el 57 y el 77 por ciento del empleo agr\u00edcola en la regi\u00f3n. En los pa\u00edses andinos en particular, es suficientemente reconocida su importancia. Seg\u00fan estimativos de FAO-BID (2007) responde por m\u00e1s del 30 por ciento de la producci\u00f3n de cultivos anuales en Colombia, en los que se incluyen los principales alimentos de consumo masivo, con un peso muy alto en ma\u00edz y fr\u00edjol, y en Ecuador represente el 64 por ciento de la producci\u00f3n de papas, el 70 por ciento del ma\u00edz, entre otros renglones. En Bolivia, la agricultura familiar aporta el 70 por ciento del ma\u00edz y del arroz y la casi totalidad de las papas y la yuca.<\/p>\n<p>\u201cEn Colombia un estudio reciente de Luis Jorge Garay encontr\u00f3 que los hogares de econom\u00eda campesina en Colombia ascienden al 12 por ciento del total de hogares en el pa\u00eds, constituyen el 87 por ciento del total de productores agropecuarios, cosechan cerca del 57 por ciento del \u00e1rea dedicada a cultivos agr\u00edcolas y responden por el 57 por ciento del volumen de la producci\u00f3n agr\u00edcola, excluido el caf\u00e9\u201d, explica Perry.<\/p>\n<p>Adicionalmente, la econom\u00eda campesina es m\u00e1s eficiente que la gran producci\u00f3n agr\u00edcola. En este punto el debate entre expertos es candente y Santiago Perry es claro en afirmar que \u201clos m\u00e1s diversos estudios han demostrado que la peque\u00f1a y mediana producci\u00f3n agropecuaria es m\u00e1s eficiente que la grande\u201d. Cita los trabajos de Sen, Norton, Carter, Berry y otros investigadores, quienes recogieron evidencias emp\u00edricas sobre los elevados niveles de productividad agr\u00edcola que generan peque\u00f1as propiedades campesinas en pa\u00edses en desarrollo, mayores que los de la gran agricultura. \u201cEso ha sido verificado en pa\u00edses tan dis\u00edmiles con Nepal, Pakist\u00e1n, Paraguay y Nigeria\u201d, indica Perry. Las demostraciones van m\u00e1s all\u00e1 y parece claro que tambi\u00e9n en los pa\u00edses desarrollados existe una relaci\u00f3n inversa entre el tama\u00f1o de las fincas y la productividad. \u201cCon base en informaci\u00f3n de los censos agr\u00edcolas de Estados Unidos, por ejemplo, Rosset demostr\u00f3 que en ese pa\u00eds las fincas peque\u00f1as, aquellas de 27 acres y menos, obtienen ingresos por acre m\u00e1s de diez veces superiores que las grandes\u201d, explica.<\/p>\n<p>Esa mayor efectividad de la peque\u00f1a finca campesina parece explicarse por un uso m\u00e1s intensivo de la tierra y de los dem\u00e1s recursos naturales y por el tipo de relaci\u00f3n laboral. \u201cMientras que la gran producci\u00f3n se basa en trabajadores asalariados, en muchos casos ocasionales, que no tienen mayor compromiso personal con la actividad productiva, ni un conocimiento detallado del entorno natural de la explotaci\u00f3n, y debe invertir considerables recursos en vigilar y monitorear la productividad de sus trabajadores, en la agricultura familiar los trabajadores est\u00e1n conformados principalmente por mano de obra familiar que tiene un inter\u00e9s personal en los resultados de la actividad productiva, conoce en profundidad las condiciones naturales de la finca y hace una atenci\u00f3n permanente y esmerada de sus cultivos y animales\u201d dice el Secretario T\u00e9cnico del GDR Colombia.<\/p>\n<p>Las pol\u00edticas p\u00fablicas, entretanto, parecen todav\u00eda desconocer esta realidad. Perry insiste en que se requiere otorgar un rol m\u00e1s importante a la agricultura familiar, y fortalecerla con \u201cpol\u00edticas que tiendan a dotarla de recursos productivos &#8211; en la cantidad y la calidad requeridas para que los agricultores familiares puedan mejorar sus condiciones de vida y su actividad productiva\u201d, as\u00ed como a desarrollar sus capacidades para que puedan aprovechar plenamente los activos productivos de que dispongan.<\/p>\n<p>Finalmente, sostiene que el fortalecimiento de la agricultura familiar es, sin lugar a dudas, fundamental para la equidad y la reducci\u00f3n de la pobreza. \u201cDar acceso a los pobres a la tierra y a otros activos productivos contribuye de manera sustancial a reducir la pobreza, como lo han demostrado numerosos estudios\u201d.<\/p>\n","protected":false},"excerpt":{"rendered":"<p>Numerosos estudios confirman que la peque\u00f1a econom\u00eda campesina es una gran oportunidad para el desarrollo de los pa\u00edses andinos. Entrevista con Santiago Perry, director de la Corporaci\u00f3n PBA y Secretario T\u00e9cnico del Grupo Di\u00e1logo Rural Colombia. La agricultura familiar ha regresado al centro de las discusiones sobre desarrollo en Am\u00e9rica Latina. Tras algunas d\u00e9cadas en [&hellip;]<\/p>\n","protected":false},"author":2,"featured_media":1152,"comment_status":"open","ping_status":"open","sticky":false,"template":"","format":"standard","meta":{"_et_pb_use_builder":"","_et_pb_old_content":"","footnotes":""},"categories":[11],"tags":[],"class_list":["post-1151","post","type-post","status-publish","format-standard","has-post-thumbnail","hentry","category-articulo"],"yoast_head":"<!-- This site is optimized with the Yoast SEO plugin v27.2 - https:\/\/yoast.com\/product\/yoast-seo-wordpress\/ -->\n<title>El enorme potencial de la agricultura familiar - Corporacion PBA<\/title>\n<meta name=\"robots\" content=\"index, follow, max-snippet:-1, max-image-preview:large, max-video-preview:-1\" \/>\n<link rel=\"canonical\" href=\"https:\/\/corporacionpba.org\/nuevo\/el-enorme-potencial-de-la-agricultura-familiar\/\" \/>\n<meta property=\"og:locale\" content=\"es_ES\" \/>\n<meta property=\"og:type\" content=\"article\" \/>\n<meta property=\"og:title\" content=\"El enorme potencial de la agricultura familiar - Corporacion PBA\" \/>\n<meta property=\"og:description\" content=\"Numerosos estudios confirman que la peque\u00f1a econom\u00eda campesina es una gran oportunidad para el desarrollo de los pa\u00edses andinos. Entrevista con Santiago Perry, director de la Corporaci\u00f3n PBA y Secretario T\u00e9cnico del Grupo Di\u00e1logo Rural Colombia. La agricultura familiar ha regresado al centro de las discusiones sobre desarrollo en Am\u00e9rica Latina. Tras algunas d\u00e9cadas en [&hellip;]\" \/>\n<meta property=\"og:url\" content=\"https:\/\/corporacionpba.org\/nuevo\/el-enorme-potencial-de-la-agricultura-familiar\/\" \/>\n<meta property=\"og:site_name\" content=\"Corporacion PBA\" \/>\n<meta property=\"article:published_time\" content=\"2017-01-20T16:58:37+00:00\" \/>\n<meta property=\"article:modified_time\" content=\"2020-09-01T16:59:18+00:00\" \/>\n<meta property=\"og:image\" content=\"https:\/\/corporacionpba.org\/nuevo\/wp-content\/uploads\/2020\/09\/P1050143-2-2.jpg\" \/>\n\t<meta property=\"og:image:width\" content=\"600\" \/>\n\t<meta property=\"og:image:height\" content=\"600\" \/>\n\t<meta property=\"og:image:type\" content=\"image\/jpeg\" \/>\n<meta name=\"author\" content=\"Corporacion PBA\" \/>\n<meta name=\"twitter:card\" content=\"summary_large_image\" \/>\n<meta name=\"twitter:label1\" content=\"Escrito por\" \/>\n\t<meta name=\"twitter:data1\" content=\"Corporacion PBA\" \/>\n\t<meta name=\"twitter:label2\" content=\"Tiempo de lectura\" \/>\n\t<meta name=\"twitter:data2\" content=\"4 minutos\" \/>\n<script type=\"application\/ld+json\" class=\"yoast-schema-graph\">{\"@context\":\"https:\/\/schema.org\",\"@graph\":[{\"@type\":\"Article\",\"@id\":\"https:\/\/corporacionpba.org\/nuevo\/el-enorme-potencial-de-la-agricultura-familiar\/#article\",\"isPartOf\":{\"@id\":\"https:\/\/corporacionpba.org\/nuevo\/el-enorme-potencial-de-la-agricultura-familiar\/\"},\"author\":{\"name\":\"Corporacion PBA\",\"@id\":\"https:\/\/corporacionpba.org\/nuevo\/#\/schema\/person\/54fa2e5ef13523f0259b1707b99c11b8\"},\"headline\":\"El enorme potencial de la agricultura familiar\",\"datePublished\":\"2017-01-20T16:58:37+00:00\",\"dateModified\":\"2020-09-01T16:59:18+00:00\",\"mainEntityOfPage\":{\"@id\":\"https:\/\/corporacionpba.org\/nuevo\/el-enorme-potencial-de-la-agricultura-familiar\/\"},\"wordCount\":905,\"commentCount\":0,\"image\":{\"@id\":\"https:\/\/corporacionpba.org\/nuevo\/el-enorme-potencial-de-la-agricultura-familiar\/#primaryimage\"},\"thumbnailUrl\":\"https:\/\/corporacionpba.org\/nuevo\/wp-content\/uploads\/2020\/09\/P1050143-2-2.jpg\",\"articleSection\":[\"Art\u00edculo\"],\"inLanguage\":\"es\",\"potentialAction\":[{\"@type\":\"CommentAction\",\"name\":\"Comment\",\"target\":[\"https:\/\/corporacionpba.org\/nuevo\/el-enorme-potencial-de-la-agricultura-familiar\/#respond\"]}]},{\"@type\":\"WebPage\",\"@id\":\"https:\/\/corporacionpba.org\/nuevo\/el-enorme-potencial-de-la-agricultura-familiar\/\",\"url\":\"https:\/\/corporacionpba.org\/nuevo\/el-enorme-potencial-de-la-agricultura-familiar\/\",\"name\":\"El enorme potencial de la agricultura familiar - Corporacion PBA\",\"isPartOf\":{\"@id\":\"https:\/\/corporacionpba.org\/nuevo\/#website\"},\"primaryImageOfPage\":{\"@id\":\"https:\/\/corporacionpba.org\/nuevo\/el-enorme-potencial-de-la-agricultura-familiar\/#primaryimage\"},\"image\":{\"@id\":\"https:\/\/corporacionpba.org\/nuevo\/el-enorme-potencial-de-la-agricultura-familiar\/#primaryimage\"},\"thumbnailUrl\":\"https:\/\/corporacionpba.org\/nuevo\/wp-content\/uploads\/2020\/09\/P1050143-2-2.jpg\",\"datePublished\":\"2017-01-20T16:58:37+00:00\",\"dateModified\":\"2020-09-01T16:59:18+00:00\",\"author\":{\"@id\":\"https:\/\/corporacionpba.org\/nuevo\/#\/schema\/person\/54fa2e5ef13523f0259b1707b99c11b8\"},\"breadcrumb\":{\"@id\":\"https:\/\/corporacionpba.org\/nuevo\/el-enorme-potencial-de-la-agricultura-familiar\/#breadcrumb\"},\"inLanguage\":\"es\",\"potentialAction\":[{\"@type\":\"ReadAction\",\"target\":[\"https:\/\/corporacionpba.org\/nuevo\/el-enorme-potencial-de-la-agricultura-familiar\/\"]}]},{\"@type\":\"ImageObject\",\"inLanguage\":\"es\",\"@id\":\"https:\/\/corporacionpba.org\/nuevo\/el-enorme-potencial-de-la-agricultura-familiar\/#primaryimage\",\"url\":\"https:\/\/corporacionpba.org\/nuevo\/wp-content\/uploads\/2020\/09\/P1050143-2-2.jpg\",\"contentUrl\":\"https:\/\/corporacionpba.org\/nuevo\/wp-content\/uploads\/2020\/09\/P1050143-2-2.jpg\",\"width\":600,\"height\":600},{\"@type\":\"BreadcrumbList\",\"@id\":\"https:\/\/corporacionpba.org\/nuevo\/el-enorme-potencial-de-la-agricultura-familiar\/#breadcrumb\",\"itemListElement\":[{\"@type\":\"ListItem\",\"position\":1,\"name\":\"Portada\",\"item\":\"https:\/\/corporacionpba.org\/nuevo\/\"},{\"@type\":\"ListItem\",\"position\":2,\"name\":\"El enorme potencial de la agricultura familiar\"}]},{\"@type\":\"WebSite\",\"@id\":\"https:\/\/corporacionpba.org\/nuevo\/#website\",\"url\":\"https:\/\/corporacionpba.org\/nuevo\/\",\"name\":\"Corporacion PBA\",\"description\":\"Innovaci&oacute;n Rural para el Desarrollo\",\"potentialAction\":[{\"@type\":\"SearchAction\",\"target\":{\"@type\":\"EntryPoint\",\"urlTemplate\":\"https:\/\/corporacionpba.org\/nuevo\/?s={search_term_string}\"},\"query-input\":{\"@type\":\"PropertyValueSpecification\",\"valueRequired\":true,\"valueName\":\"search_term_string\"}}],\"inLanguage\":\"es\"},{\"@type\":\"Person\",\"@id\":\"https:\/\/corporacionpba.org\/nuevo\/#\/schema\/person\/54fa2e5ef13523f0259b1707b99c11b8\",\"name\":\"Corporacion PBA\",\"image\":{\"@type\":\"ImageObject\",\"inLanguage\":\"es\",\"@id\":\"https:\/\/secure.gravatar.com\/avatar\/2063c349439df46203f11a73c15ec3288b8d551168ba8c1a8410ff02770aa39b?s=96&d=mm&r=g\",\"url\":\"https:\/\/secure.gravatar.com\/avatar\/2063c349439df46203f11a73c15ec3288b8d551168ba8c1a8410ff02770aa39b?s=96&d=mm&r=g\",\"contentUrl\":\"https:\/\/secure.gravatar.com\/avatar\/2063c349439df46203f11a73c15ec3288b8d551168ba8c1a8410ff02770aa39b?s=96&d=mm&r=g\",\"caption\":\"Corporacion PBA\"},\"url\":\"https:\/\/corporacionpba.org\/nuevo\/author\/corpba\/\"}]}<\/script>\n<!-- \/ Yoast SEO plugin. -->","yoast_head_json":{"title":"El enorme potencial de la agricultura familiar - Corporacion PBA","robots":{"index":"index","follow":"follow","max-snippet":"max-snippet:-1","max-image-preview":"max-image-preview:large","max-video-preview":"max-video-preview:-1"},"canonical":"https:\/\/corporacionpba.org\/nuevo\/el-enorme-potencial-de-la-agricultura-familiar\/","og_locale":"es_ES","og_type":"article","og_title":"El enorme potencial de la agricultura familiar - Corporacion PBA","og_description":"Numerosos estudios confirman que la peque\u00f1a econom\u00eda campesina es una gran oportunidad para el desarrollo de los pa\u00edses andinos. Entrevista con Santiago Perry, director de la Corporaci\u00f3n PBA y Secretario T\u00e9cnico del Grupo Di\u00e1logo Rural Colombia. La agricultura familiar ha regresado al centro de las discusiones sobre desarrollo en Am\u00e9rica Latina. Tras algunas d\u00e9cadas en [&hellip;]","og_url":"https:\/\/corporacionpba.org\/nuevo\/el-enorme-potencial-de-la-agricultura-familiar\/","og_site_name":"Corporacion PBA","article_published_time":"2017-01-20T16:58:37+00:00","article_modified_time":"2020-09-01T16:59:18+00:00","og_image":[{"width":600,"height":600,"url":"https:\/\/corporacionpba.org\/nuevo\/wp-content\/uploads\/2020\/09\/P1050143-2-2.jpg","type":"image\/jpeg"}],"author":"Corporacion PBA","twitter_card":"summary_large_image","twitter_misc":{"Escrito por":"Corporacion PBA","Tiempo de lectura":"4 minutos"},"schema":{"@context":"https:\/\/schema.org","@graph":[{"@type":"Article","@id":"https:\/\/corporacionpba.org\/nuevo\/el-enorme-potencial-de-la-agricultura-familiar\/#article","isPartOf":{"@id":"https:\/\/corporacionpba.org\/nuevo\/el-enorme-potencial-de-la-agricultura-familiar\/"},"author":{"name":"Corporacion PBA","@id":"https:\/\/corporacionpba.org\/nuevo\/#\/schema\/person\/54fa2e5ef13523f0259b1707b99c11b8"},"headline":"El enorme potencial de la agricultura familiar","datePublished":"2017-01-20T16:58:37+00:00","dateModified":"2020-09-01T16:59:18+00:00","mainEntityOfPage":{"@id":"https:\/\/corporacionpba.org\/nuevo\/el-enorme-potencial-de-la-agricultura-familiar\/"},"wordCount":905,"commentCount":0,"image":{"@id":"https:\/\/corporacionpba.org\/nuevo\/el-enorme-potencial-de-la-agricultura-familiar\/#primaryimage"},"thumbnailUrl":"https:\/\/corporacionpba.org\/nuevo\/wp-content\/uploads\/2020\/09\/P1050143-2-2.jpg","articleSection":["Art\u00edculo"],"inLanguage":"es","potentialAction":[{"@type":"CommentAction","name":"Comment","target":["https:\/\/corporacionpba.org\/nuevo\/el-enorme-potencial-de-la-agricultura-familiar\/#respond"]}]},{"@type":"WebPage","@id":"https:\/\/corporacionpba.org\/nuevo\/el-enorme-potencial-de-la-agricultura-familiar\/","url":"https:\/\/corporacionpba.org\/nuevo\/el-enorme-potencial-de-la-agricultura-familiar\/","name":"El enorme potencial de la agricultura familiar - Corporacion PBA","isPartOf":{"@id":"https:\/\/corporacionpba.org\/nuevo\/#website"},"primaryImageOfPage":{"@id":"https:\/\/corporacionpba.org\/nuevo\/el-enorme-potencial-de-la-agricultura-familiar\/#primaryimage"},"image":{"@id":"https:\/\/corporacionpba.org\/nuevo\/el-enorme-potencial-de-la-agricultura-familiar\/#primaryimage"},"thumbnailUrl":"https:\/\/corporacionpba.org\/nuevo\/wp-content\/uploads\/2020\/09\/P1050143-2-2.jpg","datePublished":"2017-01-20T16:58:37+00:00","dateModified":"2020-09-01T16:59:18+00:00","author":{"@id":"https:\/\/corporacionpba.org\/nuevo\/#\/schema\/person\/54fa2e5ef13523f0259b1707b99c11b8"},"breadcrumb":{"@id":"https:\/\/corporacionpba.org\/nuevo\/el-enorme-potencial-de-la-agricultura-familiar\/#breadcrumb"},"inLanguage":"es","potentialAction":[{"@type":"ReadAction","target":["https:\/\/corporacionpba.org\/nuevo\/el-enorme-potencial-de-la-agricultura-familiar\/"]}]},{"@type":"ImageObject","inLanguage":"es","@id":"https:\/\/corporacionpba.org\/nuevo\/el-enorme-potencial-de-la-agricultura-familiar\/#primaryimage","url":"https:\/\/corporacionpba.org\/nuevo\/wp-content\/uploads\/2020\/09\/P1050143-2-2.jpg","contentUrl":"https:\/\/corporacionpba.org\/nuevo\/wp-content\/uploads\/2020\/09\/P1050143-2-2.jpg","width":600,"height":600},{"@type":"BreadcrumbList","@id":"https:\/\/corporacionpba.org\/nuevo\/el-enorme-potencial-de-la-agricultura-familiar\/#breadcrumb","itemListElement":[{"@type":"ListItem","position":1,"name":"Portada","item":"https:\/\/corporacionpba.org\/nuevo\/"},{"@type":"ListItem","position":2,"name":"El enorme potencial de la agricultura familiar"}]},{"@type":"WebSite","@id":"https:\/\/corporacionpba.org\/nuevo\/#website","url":"https:\/\/corporacionpba.org\/nuevo\/","name":"Corporacion PBA","description":"Innovaci&oacute;n Rural para el Desarrollo","potentialAction":[{"@type":"SearchAction","target":{"@type":"EntryPoint","urlTemplate":"https:\/\/corporacionpba.org\/nuevo\/?s={search_term_string}"},"query-input":{"@type":"PropertyValueSpecification","valueRequired":true,"valueName":"search_term_string"}}],"inLanguage":"es"},{"@type":"Person","@id":"https:\/\/corporacionpba.org\/nuevo\/#\/schema\/person\/54fa2e5ef13523f0259b1707b99c11b8","name":"Corporacion PBA","image":{"@type":"ImageObject","inLanguage":"es","@id":"https:\/\/secure.gravatar.com\/avatar\/2063c349439df46203f11a73c15ec3288b8d551168ba8c1a8410ff02770aa39b?s=96&d=mm&r=g","url":"https:\/\/secure.gravatar.com\/avatar\/2063c349439df46203f11a73c15ec3288b8d551168ba8c1a8410ff02770aa39b?s=96&d=mm&r=g","contentUrl":"https:\/\/secure.gravatar.com\/avatar\/2063c349439df46203f11a73c15ec3288b8d551168ba8c1a8410ff02770aa39b?s=96&d=mm&r=g","caption":"Corporacion PBA"},"url":"https:\/\/corporacionpba.org\/nuevo\/author\/corpba\/"}]}},"_links":{"self":[{"href":"https:\/\/corporacionpba.org\/nuevo\/wp-json\/wp\/v2\/posts\/1151","targetHints":{"allow":["GET"]}}],"collection":[{"href":"https:\/\/corporacionpba.org\/nuevo\/wp-json\/wp\/v2\/posts"}],"about":[{"href":"https:\/\/corporacionpba.org\/nuevo\/wp-json\/wp\/v2\/types\/post"}],"author":[{"embeddable":true,"href":"https:\/\/corporacionpba.org\/nuevo\/wp-json\/wp\/v2\/users\/2"}],"replies":[{"embeddable":true,"href":"https:\/\/corporacionpba.org\/nuevo\/wp-json\/wp\/v2\/comments?post=1151"}],"version-history":[{"count":1,"href":"https:\/\/corporacionpba.org\/nuevo\/wp-json\/wp\/v2\/posts\/1151\/revisions"}],"predecessor-version":[{"id":1153,"href":"https:\/\/corporacionpba.org\/nuevo\/wp-json\/wp\/v2\/posts\/1151\/revisions\/1153"}],"wp:featuredmedia":[{"embeddable":true,"href":"https:\/\/corporacionpba.org\/nuevo\/wp-json\/wp\/v2\/media\/1152"}],"wp:attachment":[{"href":"https:\/\/corporacionpba.org\/nuevo\/wp-json\/wp\/v2\/media?parent=1151"}],"wp:term":[{"taxonomy":"category","embeddable":true,"href":"https:\/\/corporacionpba.org\/nuevo\/wp-json\/wp\/v2\/categories?post=1151"},{"taxonomy":"post_tag","embeddable":true,"href":"https:\/\/corporacionpba.org\/nuevo\/wp-json\/wp\/v2\/tags?post=1151"}],"curies":[{"name":"wp","href":"https:\/\/api.w.org\/{rel}","templated":true}]}}