{"id":1154,"date":"2017-01-20T16:53:20","date_gmt":"2017-01-20T16:53:20","guid":{"rendered":"https:\/\/corporacionpba.org\/nuevo\/?p=1154"},"modified":"2020-09-02T16:54:03","modified_gmt":"2020-09-02T16:54:03","slug":"las-tics-al-servicio-de-los-productores","status":"publish","type":"post","link":"https:\/\/corporacionpba.org\/nuevo\/las-tics-al-servicio-de-los-productores\/","title":{"rendered":"Las TICs al servicio de los productores"},"content":{"rendered":"<p><img loading=\"lazy\" decoding=\"async\" class=\"size-medium wp-image-1155 aligncenter\" src=\"https:\/\/corporacionpba.org\/nuevo\/wp-content\/uploads\/2020\/09\/4388553074_a451ca10a6_c-2-300x300.jpg\" alt=\"\" width=\"300\" height=\"300\" srcset=\"https:\/\/corporacionpba.org\/nuevo\/wp-content\/uploads\/2020\/09\/4388553074_a451ca10a6_c-2-300x300.jpg 300w, https:\/\/corporacionpba.org\/nuevo\/wp-content\/uploads\/2020\/09\/4388553074_a451ca10a6_c-2-150x150.jpg 150w, https:\/\/corporacionpba.org\/nuevo\/wp-content\/uploads\/2020\/09\/4388553074_a451ca10a6_c-2.jpg 600w\" sizes=\"auto, (max-width: 300px) 100vw, 300px\" \/><\/p>\n<p>Agricultores y peque\u00f1os ganaderos de Carmen de Carupa, Cundinamarca, se reunieron en d\u00edas pasados para contar sus experiencias con las tecnolog\u00edas de la informaci\u00f3n y la comunicaci\u00f3n (TICS), siendo \u00e9ste un ejemplo para muchos grupos en Colombia.<\/p>\n<p>Entre las actividades que han venido realizando los productores, est\u00e1 la creaci\u00f3n de sus propios correos electr\u00f3nicos, la creaci\u00f3n y administraci\u00f3n de una p\u00e1gina web y el desarrollo de un programa radial emitido en Carmen de Carupa y realizado por facilitadores que hacen parte de su regi\u00f3n.<\/p>\n<p>Los facilitadores, tambi\u00e9n formados en este proceso, expresaron que para escoger la radio como medio de difusi\u00f3n, y no otro, realizaron varias encuestas donde se demostr\u00f3 que este medio es uno de los m\u00e1s utilizados por los agricultores, y teniendo en cuenta la necesidad de los productores por saber m\u00e1s sobre temas agr\u00edcolas y ganaderos se cre\u00f3 el programa \u201cAl aire con el campo\u201d.<\/p>\n<p>Este espacio, emitido dos veces a la semana durante 15 minutos, ha brindado la oportunidad de tratar temas como variabilidad clim\u00e1tica, manejo de las TICS, fen\u00f3menos naturales del ni\u00f1o y la ni\u00f1a, y buenas pr\u00e1cticas agr\u00edcolas y ganaderas.<\/p>\n<p>Por su parte los productores se\u00f1alaron que este nuevo espacio que se ha brindado a su servicio les ha sido de gran ayuda para resolver dudas, con la ayuda de los expertos invitados a los programas de radio y con la informaci\u00f3n que encuentran en la web, adem\u00e1s que la herramienta del correo electr\u00f3nico les ha ayudado a comunicarse con productores de otros lugares con quienes pueden compartir informaci\u00f3n y experiencias.<\/p>\n<p>Por: Paula P\u00e1ez<br \/>\nComunicadora Rural<\/p>\n","protected":false},"excerpt":{"rendered":"<p>Agricultores y peque\u00f1os ganaderos de Carmen de Carupa, Cundinamarca, se reunieron en d\u00edas pasados para contar sus experiencias con las tecnolog\u00edas de la informaci\u00f3n y la comunicaci\u00f3n (TICS), siendo \u00e9ste un ejemplo para muchos grupos en Colombia. Entre las actividades que han venido realizando los productores, est\u00e1 la creaci\u00f3n de sus propios correos electr\u00f3nicos, la [&hellip;]<\/p>\n","protected":false},"author":2,"featured_media":1155,"comment_status":"open","ping_status":"open","sticky":false,"template":"","format":"standard","meta":{"_et_pb_use_builder":"","_et_pb_old_content":"","footnotes":""},"categories":[11],"tags":[],"class_list":["post-1154","post","type-post","status-publish","format-standard","has-post-thumbnail","hentry","category-articulo"],"yoast_head":"<!-- This site is optimized with the Yoast SEO plugin v27.2 - https:\/\/yoast.com\/product\/yoast-seo-wordpress\/ -->\n<title>Las TICs al servicio de los productores - Corporacion PBA<\/title>\n<meta name=\"robots\" content=\"index, follow, max-snippet:-1, max-image-preview:large, max-video-preview:-1\" \/>\n<link rel=\"canonical\" href=\"https:\/\/corporacionpba.org\/nuevo\/las-tics-al-servicio-de-los-productores\/\" \/>\n<meta property=\"og:locale\" content=\"es_ES\" \/>\n<meta property=\"og:type\" content=\"article\" \/>\n<meta property=\"og:title\" content=\"Las TICs al servicio de los productores - Corporacion PBA\" \/>\n<meta property=\"og:description\" content=\"Agricultores y peque\u00f1os ganaderos de Carmen de Carupa, Cundinamarca, se reunieron en d\u00edas pasados para contar sus experiencias con las tecnolog\u00edas de la informaci\u00f3n y la comunicaci\u00f3n (TICS), siendo \u00e9ste un ejemplo para muchos grupos en Colombia. Entre las actividades que han venido realizando los productores, est\u00e1 la creaci\u00f3n de sus propios correos electr\u00f3nicos, la [&hellip;]\" \/>\n<meta property=\"og:url\" content=\"https:\/\/corporacionpba.org\/nuevo\/las-tics-al-servicio-de-los-productores\/\" \/>\n<meta property=\"og:site_name\" content=\"Corporacion PBA\" \/>\n<meta property=\"article:published_time\" content=\"2017-01-20T16:53:20+00:00\" \/>\n<meta property=\"article:modified_time\" content=\"2020-09-02T16:54:03+00:00\" \/>\n<meta property=\"og:image\" content=\"https:\/\/corporacionpba.org\/nuevo\/wp-content\/uploads\/2020\/09\/4388553074_a451ca10a6_c-2.jpg\" \/>\n\t<meta property=\"og:image:width\" content=\"600\" \/>\n\t<meta property=\"og:image:height\" content=\"600\" \/>\n\t<meta property=\"og:image:type\" content=\"image\/jpeg\" \/>\n<meta name=\"author\" content=\"Corporacion PBA\" \/>\n<meta name=\"twitter:card\" content=\"summary_large_image\" \/>\n<meta name=\"twitter:label1\" content=\"Escrito por\" \/>\n\t<meta name=\"twitter:data1\" content=\"Corporacion PBA\" \/>\n\t<meta name=\"twitter:label2\" content=\"Tiempo de lectura\" \/>\n\t<meta name=\"twitter:data2\" content=\"1 minuto\" \/>\n<script type=\"application\/ld+json\" class=\"yoast-schema-graph\">{\"@context\":\"https:\/\/schema.org\",\"@graph\":[{\"@type\":\"Article\",\"@id\":\"https:\/\/corporacionpba.org\/nuevo\/las-tics-al-servicio-de-los-productores\/#article\",\"isPartOf\":{\"@id\":\"https:\/\/corporacionpba.org\/nuevo\/las-tics-al-servicio-de-los-productores\/\"},\"author\":{\"name\":\"Corporacion PBA\",\"@id\":\"https:\/\/corporacionpba.org\/nuevo\/#\/schema\/person\/54fa2e5ef13523f0259b1707b99c11b8\"},\"headline\":\"Las TICs al servicio de los productores\",\"datePublished\":\"2017-01-20T16:53:20+00:00\",\"dateModified\":\"2020-09-02T16:54:03+00:00\",\"mainEntityOfPage\":{\"@id\":\"https:\/\/corporacionpba.org\/nuevo\/las-tics-al-servicio-de-los-productores\/\"},\"wordCount\":296,\"commentCount\":0,\"image\":{\"@id\":\"https:\/\/corporacionpba.org\/nuevo\/las-tics-al-servicio-de-los-productores\/#primaryimage\"},\"thumbnailUrl\":\"https:\/\/corporacionpba.org\/nuevo\/wp-content\/uploads\/2020\/09\/4388553074_a451ca10a6_c-2.jpg\",\"articleSection\":[\"Art\u00edculo\"],\"inLanguage\":\"es\",\"potentialAction\":[{\"@type\":\"CommentAction\",\"name\":\"Comment\",\"target\":[\"https:\/\/corporacionpba.org\/nuevo\/las-tics-al-servicio-de-los-productores\/#respond\"]}]},{\"@type\":\"WebPage\",\"@id\":\"https:\/\/corporacionpba.org\/nuevo\/las-tics-al-servicio-de-los-productores\/\",\"url\":\"https:\/\/corporacionpba.org\/nuevo\/las-tics-al-servicio-de-los-productores\/\",\"name\":\"Las TICs al servicio de los productores - Corporacion PBA\",\"isPartOf\":{\"@id\":\"https:\/\/corporacionpba.org\/nuevo\/#website\"},\"primaryImageOfPage\":{\"@id\":\"https:\/\/corporacionpba.org\/nuevo\/las-tics-al-servicio-de-los-productores\/#primaryimage\"},\"image\":{\"@id\":\"https:\/\/corporacionpba.org\/nuevo\/las-tics-al-servicio-de-los-productores\/#primaryimage\"},\"thumbnailUrl\":\"https:\/\/corporacionpba.org\/nuevo\/wp-content\/uploads\/2020\/09\/4388553074_a451ca10a6_c-2.jpg\",\"datePublished\":\"2017-01-20T16:53:20+00:00\",\"dateModified\":\"2020-09-02T16:54:03+00:00\",\"author\":{\"@id\":\"https:\/\/corporacionpba.org\/nuevo\/#\/schema\/person\/54fa2e5ef13523f0259b1707b99c11b8\"},\"breadcrumb\":{\"@id\":\"https:\/\/corporacionpba.org\/nuevo\/las-tics-al-servicio-de-los-productores\/#breadcrumb\"},\"inLanguage\":\"es\",\"potentialAction\":[{\"@type\":\"ReadAction\",\"target\":[\"https:\/\/corporacionpba.org\/nuevo\/las-tics-al-servicio-de-los-productores\/\"]}]},{\"@type\":\"ImageObject\",\"inLanguage\":\"es\",\"@id\":\"https:\/\/corporacionpba.org\/nuevo\/las-tics-al-servicio-de-los-productores\/#primaryimage\",\"url\":\"https:\/\/corporacionpba.org\/nuevo\/wp-content\/uploads\/2020\/09\/4388553074_a451ca10a6_c-2.jpg\",\"contentUrl\":\"https:\/\/corporacionpba.org\/nuevo\/wp-content\/uploads\/2020\/09\/4388553074_a451ca10a6_c-2.jpg\",\"width\":600,\"height\":600},{\"@type\":\"BreadcrumbList\",\"@id\":\"https:\/\/corporacionpba.org\/nuevo\/las-tics-al-servicio-de-los-productores\/#breadcrumb\",\"itemListElement\":[{\"@type\":\"ListItem\",\"position\":1,\"name\":\"Portada\",\"item\":\"https:\/\/corporacionpba.org\/nuevo\/\"},{\"@type\":\"ListItem\",\"position\":2,\"name\":\"Las TICs al servicio de los productores\"}]},{\"@type\":\"WebSite\",\"@id\":\"https:\/\/corporacionpba.org\/nuevo\/#website\",\"url\":\"https:\/\/corporacionpba.org\/nuevo\/\",\"name\":\"Corporacion PBA\",\"description\":\"Innovaci&oacute;n Rural para el Desarrollo\",\"potentialAction\":[{\"@type\":\"SearchAction\",\"target\":{\"@type\":\"EntryPoint\",\"urlTemplate\":\"https:\/\/corporacionpba.org\/nuevo\/?s={search_term_string}\"},\"query-input\":{\"@type\":\"PropertyValueSpecification\",\"valueRequired\":true,\"valueName\":\"search_term_string\"}}],\"inLanguage\":\"es\"},{\"@type\":\"Person\",\"@id\":\"https:\/\/corporacionpba.org\/nuevo\/#\/schema\/person\/54fa2e5ef13523f0259b1707b99c11b8\",\"name\":\"Corporacion PBA\",\"image\":{\"@type\":\"ImageObject\",\"inLanguage\":\"es\",\"@id\":\"https:\/\/secure.gravatar.com\/avatar\/2063c349439df46203f11a73c15ec3288b8d551168ba8c1a8410ff02770aa39b?s=96&d=mm&r=g\",\"url\":\"https:\/\/secure.gravatar.com\/avatar\/2063c349439df46203f11a73c15ec3288b8d551168ba8c1a8410ff02770aa39b?s=96&d=mm&r=g\",\"contentUrl\":\"https:\/\/secure.gravatar.com\/avatar\/2063c349439df46203f11a73c15ec3288b8d551168ba8c1a8410ff02770aa39b?s=96&d=mm&r=g\",\"caption\":\"Corporacion PBA\"},\"url\":\"https:\/\/corporacionpba.org\/nuevo\/author\/corpba\/\"}]}<\/script>\n<!-- \/ Yoast SEO plugin. -->","yoast_head_json":{"title":"Las TICs al servicio de los productores - Corporacion PBA","robots":{"index":"index","follow":"follow","max-snippet":"max-snippet:-1","max-image-preview":"max-image-preview:large","max-video-preview":"max-video-preview:-1"},"canonical":"https:\/\/corporacionpba.org\/nuevo\/las-tics-al-servicio-de-los-productores\/","og_locale":"es_ES","og_type":"article","og_title":"Las TICs al servicio de los productores - Corporacion PBA","og_description":"Agricultores y peque\u00f1os ganaderos de Carmen de Carupa, Cundinamarca, se reunieron en d\u00edas pasados para contar sus experiencias con las tecnolog\u00edas de la informaci\u00f3n y la comunicaci\u00f3n (TICS), siendo \u00e9ste un ejemplo para muchos grupos en Colombia. Entre las actividades que han venido realizando los productores, est\u00e1 la creaci\u00f3n de sus propios correos electr\u00f3nicos, la [&hellip;]","og_url":"https:\/\/corporacionpba.org\/nuevo\/las-tics-al-servicio-de-los-productores\/","og_site_name":"Corporacion PBA","article_published_time":"2017-01-20T16:53:20+00:00","article_modified_time":"2020-09-02T16:54:03+00:00","og_image":[{"width":600,"height":600,"url":"https:\/\/corporacionpba.org\/nuevo\/wp-content\/uploads\/2020\/09\/4388553074_a451ca10a6_c-2.jpg","type":"image\/jpeg"}],"author":"Corporacion PBA","twitter_card":"summary_large_image","twitter_misc":{"Escrito por":"Corporacion PBA","Tiempo de lectura":"1 minuto"},"schema":{"@context":"https:\/\/schema.org","@graph":[{"@type":"Article","@id":"https:\/\/corporacionpba.org\/nuevo\/las-tics-al-servicio-de-los-productores\/#article","isPartOf":{"@id":"https:\/\/corporacionpba.org\/nuevo\/las-tics-al-servicio-de-los-productores\/"},"author":{"name":"Corporacion PBA","@id":"https:\/\/corporacionpba.org\/nuevo\/#\/schema\/person\/54fa2e5ef13523f0259b1707b99c11b8"},"headline":"Las TICs al servicio de los productores","datePublished":"2017-01-20T16:53:20+00:00","dateModified":"2020-09-02T16:54:03+00:00","mainEntityOfPage":{"@id":"https:\/\/corporacionpba.org\/nuevo\/las-tics-al-servicio-de-los-productores\/"},"wordCount":296,"commentCount":0,"image":{"@id":"https:\/\/corporacionpba.org\/nuevo\/las-tics-al-servicio-de-los-productores\/#primaryimage"},"thumbnailUrl":"https:\/\/corporacionpba.org\/nuevo\/wp-content\/uploads\/2020\/09\/4388553074_a451ca10a6_c-2.jpg","articleSection":["Art\u00edculo"],"inLanguage":"es","potentialAction":[{"@type":"CommentAction","name":"Comment","target":["https:\/\/corporacionpba.org\/nuevo\/las-tics-al-servicio-de-los-productores\/#respond"]}]},{"@type":"WebPage","@id":"https:\/\/corporacionpba.org\/nuevo\/las-tics-al-servicio-de-los-productores\/","url":"https:\/\/corporacionpba.org\/nuevo\/las-tics-al-servicio-de-los-productores\/","name":"Las TICs al servicio de los productores - Corporacion PBA","isPartOf":{"@id":"https:\/\/corporacionpba.org\/nuevo\/#website"},"primaryImageOfPage":{"@id":"https:\/\/corporacionpba.org\/nuevo\/las-tics-al-servicio-de-los-productores\/#primaryimage"},"image":{"@id":"https:\/\/corporacionpba.org\/nuevo\/las-tics-al-servicio-de-los-productores\/#primaryimage"},"thumbnailUrl":"https:\/\/corporacionpba.org\/nuevo\/wp-content\/uploads\/2020\/09\/4388553074_a451ca10a6_c-2.jpg","datePublished":"2017-01-20T16:53:20+00:00","dateModified":"2020-09-02T16:54:03+00:00","author":{"@id":"https:\/\/corporacionpba.org\/nuevo\/#\/schema\/person\/54fa2e5ef13523f0259b1707b99c11b8"},"breadcrumb":{"@id":"https:\/\/corporacionpba.org\/nuevo\/las-tics-al-servicio-de-los-productores\/#breadcrumb"},"inLanguage":"es","potentialAction":[{"@type":"ReadAction","target":["https:\/\/corporacionpba.org\/nuevo\/las-tics-al-servicio-de-los-productores\/"]}]},{"@type":"ImageObject","inLanguage":"es","@id":"https:\/\/corporacionpba.org\/nuevo\/las-tics-al-servicio-de-los-productores\/#primaryimage","url":"https:\/\/corporacionpba.org\/nuevo\/wp-content\/uploads\/2020\/09\/4388553074_a451ca10a6_c-2.jpg","contentUrl":"https:\/\/corporacionpba.org\/nuevo\/wp-content\/uploads\/2020\/09\/4388553074_a451ca10a6_c-2.jpg","width":600,"height":600},{"@type":"BreadcrumbList","@id":"https:\/\/corporacionpba.org\/nuevo\/las-tics-al-servicio-de-los-productores\/#breadcrumb","itemListElement":[{"@type":"ListItem","position":1,"name":"Portada","item":"https:\/\/corporacionpba.org\/nuevo\/"},{"@type":"ListItem","position":2,"name":"Las TICs al servicio de los productores"}]},{"@type":"WebSite","@id":"https:\/\/corporacionpba.org\/nuevo\/#website","url":"https:\/\/corporacionpba.org\/nuevo\/","name":"Corporacion PBA","description":"Innovaci&oacute;n Rural para el Desarrollo","potentialAction":[{"@type":"SearchAction","target":{"@type":"EntryPoint","urlTemplate":"https:\/\/corporacionpba.org\/nuevo\/?s={search_term_string}"},"query-input":{"@type":"PropertyValueSpecification","valueRequired":true,"valueName":"search_term_string"}}],"inLanguage":"es"},{"@type":"Person","@id":"https:\/\/corporacionpba.org\/nuevo\/#\/schema\/person\/54fa2e5ef13523f0259b1707b99c11b8","name":"Corporacion PBA","image":{"@type":"ImageObject","inLanguage":"es","@id":"https:\/\/secure.gravatar.com\/avatar\/2063c349439df46203f11a73c15ec3288b8d551168ba8c1a8410ff02770aa39b?s=96&d=mm&r=g","url":"https:\/\/secure.gravatar.com\/avatar\/2063c349439df46203f11a73c15ec3288b8d551168ba8c1a8410ff02770aa39b?s=96&d=mm&r=g","contentUrl":"https:\/\/secure.gravatar.com\/avatar\/2063c349439df46203f11a73c15ec3288b8d551168ba8c1a8410ff02770aa39b?s=96&d=mm&r=g","caption":"Corporacion PBA"},"url":"https:\/\/corporacionpba.org\/nuevo\/author\/corpba\/"}]}},"_links":{"self":[{"href":"https:\/\/corporacionpba.org\/nuevo\/wp-json\/wp\/v2\/posts\/1154","targetHints":{"allow":["GET"]}}],"collection":[{"href":"https:\/\/corporacionpba.org\/nuevo\/wp-json\/wp\/v2\/posts"}],"about":[{"href":"https:\/\/corporacionpba.org\/nuevo\/wp-json\/wp\/v2\/types\/post"}],"author":[{"embeddable":true,"href":"https:\/\/corporacionpba.org\/nuevo\/wp-json\/wp\/v2\/users\/2"}],"replies":[{"embeddable":true,"href":"https:\/\/corporacionpba.org\/nuevo\/wp-json\/wp\/v2\/comments?post=1154"}],"version-history":[{"count":1,"href":"https:\/\/corporacionpba.org\/nuevo\/wp-json\/wp\/v2\/posts\/1154\/revisions"}],"predecessor-version":[{"id":1156,"href":"https:\/\/corporacionpba.org\/nuevo\/wp-json\/wp\/v2\/posts\/1154\/revisions\/1156"}],"wp:featuredmedia":[{"embeddable":true,"href":"https:\/\/corporacionpba.org\/nuevo\/wp-json\/wp\/v2\/media\/1155"}],"wp:attachment":[{"href":"https:\/\/corporacionpba.org\/nuevo\/wp-json\/wp\/v2\/media?parent=1154"}],"wp:term":[{"taxonomy":"category","embeddable":true,"href":"https:\/\/corporacionpba.org\/nuevo\/wp-json\/wp\/v2\/categories?post=1154"},{"taxonomy":"post_tag","embeddable":true,"href":"https:\/\/corporacionpba.org\/nuevo\/wp-json\/wp\/v2\/tags?post=1154"}],"curies":[{"name":"wp","href":"https:\/\/api.w.org\/{rel}","templated":true}]}}