{"id":1157,"date":"2017-01-20T17:51:38","date_gmt":"2017-01-20T17:51:38","guid":{"rendered":"https:\/\/corporacionpba.org\/nuevo\/?p=1157"},"modified":"2020-09-02T17:52:40","modified_gmt":"2020-09-02T17:52:40","slug":"primer-festival-de-agrobiodiversidad-en-la-provincia-de-marquez","status":"publish","type":"post","link":"https:\/\/corporacionpba.org\/nuevo\/primer-festival-de-agrobiodiversidad-en-la-provincia-de-marquez\/","title":{"rendered":"Primer festival de agrobiodiversidad en la Provincia de M\u00e1rquez"},"content":{"rendered":"<p><img loading=\"lazy\" decoding=\"async\" class=\"size-medium wp-image-1158 aligncenter\" src=\"https:\/\/corporacionpba.org\/nuevo\/wp-content\/uploads\/2020\/09\/4387900140_759f766466_c-2-300x300.jpg\" alt=\"\" width=\"300\" height=\"300\" srcset=\"https:\/\/corporacionpba.org\/nuevo\/wp-content\/uploads\/2020\/09\/4387900140_759f766466_c-2-300x300.jpg 300w, https:\/\/corporacionpba.org\/nuevo\/wp-content\/uploads\/2020\/09\/4387900140_759f766466_c-2-150x150.jpg 150w, https:\/\/corporacionpba.org\/nuevo\/wp-content\/uploads\/2020\/09\/4387900140_759f766466_c-2.jpg 600w\" sizes=\"auto, (max-width: 300px) 100vw, 300px\" \/><\/p>\n<p>Un cuento que no es cuento\u2026.<\/p>\n<p>Hab\u00eda una vez un grupo de productores pertenecientes a diez organizaciones de la Provincia de M\u00e1rquez que se unieron para organizar y adecuar el lugar para el primer Festival de Agrobiodiversidad; un gran equipo de trabajo comprometido, que con empe\u00f1o y entusiasmo participan activamente en esta ardua labor para mostrar los resultados de un trabajo realizado por los agricultores de los municipios de Ventaquemada, Turmequ\u00e9 y Boyac\u00e1, Colombia.<\/p>\n<p>Asoagroturmequ\u00e9, Centro Ecol\u00f3gico M&amp;C, Coinpaven, Cooperativa El Cacique, el Grupo Participativo Local de Peque\u00f1os Productores de Arracacha de Boyac\u00e1, el Grupo Participativo Local de Peque\u00f1os Productores de Tub\u00e9rculos Andinos de Turmequ\u00e9 y Ventaquemada, la Instituci\u00f3n Educativa T\u00e9cnica Puente de Piedra, Org\u00e1nicos y Asociados, Procoaven y SAT Proyca, fueron quienes planearon y organizaron el festival, con el apoyo de multiplicadores y comunicadores rurales.<\/p>\n<p>Todos corren contra reloj organizando y decorando las mesas y el lugar, para que los visitantes se sientan a gusto y puedan disfrutar y compartir con los productores de Boyac\u00e1.<\/p>\n<p>El festival es instalado por el coordinador de zona andina, Daniel Garc\u00eda, dando la bienvenida e invitando a conocer sobre el proceso de innovaci\u00f3n rural que adelantan las organizaciones que vienen trabajando de la mano con la Corporaci\u00f3n PBA; por su parte el alcalde electo de Ventaquemada, Virgilio Farf\u00e1n, se dirigi\u00f3 a las asistentes manifestando el apoyo de la Administraci\u00f3n Municipal a las organizaciones presentes, para este y pr\u00f3ximos eventos, tambi\u00e9n motiva para que los productores de los municipios vecinos se unan a este tipo de proyectos ya que enriquecen grandemente a la regi\u00f3n Andina.<\/p>\n<p>Pedro Brice\u00f1o, director del proyecto Provincia de M\u00e1rquez, resalt\u00f3 la importancia de la vinculaci\u00f3n de la Instituci\u00f3n Educativa T\u00e9cnica Puente de Piedra ya que los j\u00f3venes pueden entender el valor que tiene el campo para el desarrollo personal y hasta profesional. Y Gonzalo Jara, director de Slow Food, movimiento internacional nacido en Italia que organiza algunas de las m\u00e1s importante ferias dedicadas a la alimentaci\u00f3n, comparti\u00f3 la buena noticia que pr\u00f3ximamente una representaci\u00f3n de estas organizaciones de Boyac\u00e1 podr\u00e1 estar en Italia para exponer sus experiencias y productos.<\/p>\n<p>Visitantes de muchos lugares se hacen presentes para compartir experiencias entre ellos se encuentran productores de Antioquia, Cundinamarca, Boyac\u00e1 y la ruralidad de Bogot\u00e1 quienes recorren todos los stands para estar al tanto de los avances en el proceso de producci\u00f3n y comercializaci\u00f3n de las organizaciones del Sistema Provincia de M\u00e1rquez. Tambi\u00e9n estuvieron presentes entidades como el SENA, Slow Food, Corporica, Fenalce, UPTC, Secretar\u00eda de Fomento Agropecuario de Boyac\u00e1, Control Ambiental, Gobernaci\u00f3n de Antioquia, Universidad de los Andes, Universidad Nacional, Universidad Tadeo, Asohofrucol y el Banco Agrario.<\/p>\n<p>Los productores se inspiraron con grandiosas recetas para deleitar el paladar, es as\u00ed como los asistentes pudieron disfrutar de deliciosos bu\u00f1uelos de fr\u00edjol; tortas, postres y pan de arracacha; masato y mermeladas de ibias; yogurt de zanahoria; y sabrosas uchuvas deshidratadas y en pinchos cubiertos con chocolate.<\/p>\n<p>La red virtual de empoderamiento con el trabajo de los multiplicadores y comunicadores rurales cubrieron el evento e informaron a trav\u00e9s de la red social Facebook, sobre los detalles del evento, en vivo y en directo enviaron fotograf\u00edas y comentarios sobre los invitados y organizadores del festival.<\/p>\n<p>Finalmente las m\u00e1s de 300 personas que asistieron, entre invitados y participantes, empacan y se despiden de Ventaquemada, llev\u00e1ndose en sus corazones una gran experiencia, con muchas an\u00e9cdotas para compartir en sus hogares y con sus amigos productores en sus municipios.<\/p>\n<p>Para los productores es muy importante dar a conocer sus logros y este tipo de encuentros son la mejor ventana para mostrar sus productos, compartir experiencias y transmitir la alegr\u00eda, entusiasmo y el compromiso con el desarrollo de sus comunidades.<br \/>\nPara todas las personas que hicieron este d\u00eda posible, a las 10 organizaciones a los multiplicadores y comunicadores rurales y al equipo de profesionales de la Corporaci\u00f3n PBA, s\u00f3lo tenemos palabras de admiraci\u00f3n y agradecimiento, este es el primer festival y no ser\u00e1 el \u00faltimo, porque las comunidades rurales que se organizan y trabajan comprometidas, llegan a sus metas m\u00e1s f\u00e1cilmente y ese camino tiene menos tropiezos.<\/p>\n<p>Por: Yadira Reyes<br \/>\nComunicadora Rural<\/p>\n","protected":false},"excerpt":{"rendered":"<p>Un cuento que no es cuento\u2026. Hab\u00eda una vez un grupo de productores pertenecientes a diez organizaciones de la Provincia de M\u00e1rquez que se unieron para organizar y adecuar el lugar para el primer Festival de Agrobiodiversidad; un gran equipo de trabajo comprometido, que con empe\u00f1o y entusiasmo participan activamente en esta ardua labor para [&hellip;]<\/p>\n","protected":false},"author":2,"featured_media":1158,"comment_status":"open","ping_status":"open","sticky":false,"template":"","format":"standard","meta":{"_et_pb_use_builder":"","_et_pb_old_content":"","footnotes":""},"categories":[11],"tags":[],"class_list":["post-1157","post","type-post","status-publish","format-standard","has-post-thumbnail","hentry","category-articulo"],"yoast_head":"<!-- This site is optimized with the Yoast SEO plugin v27.2 - https:\/\/yoast.com\/product\/yoast-seo-wordpress\/ -->\n<title>Primer festival de agrobiodiversidad en la Provincia de M\u00e1rquez - Corporacion PBA<\/title>\n<meta name=\"robots\" content=\"index, follow, max-snippet:-1, max-image-preview:large, max-video-preview:-1\" \/>\n<link rel=\"canonical\" href=\"https:\/\/corporacionpba.org\/nuevo\/primer-festival-de-agrobiodiversidad-en-la-provincia-de-marquez\/\" \/>\n<meta property=\"og:locale\" content=\"es_ES\" \/>\n<meta property=\"og:type\" content=\"article\" \/>\n<meta property=\"og:title\" content=\"Primer festival de agrobiodiversidad en la Provincia de M\u00e1rquez - Corporacion PBA\" \/>\n<meta property=\"og:description\" content=\"Un cuento que no es cuento\u2026. Hab\u00eda una vez un grupo de productores pertenecientes a diez organizaciones de la Provincia de M\u00e1rquez que se unieron para organizar y adecuar el lugar para el primer Festival de Agrobiodiversidad; un gran equipo de trabajo comprometido, que con empe\u00f1o y entusiasmo participan activamente en esta ardua labor para [&hellip;]\" \/>\n<meta property=\"og:url\" content=\"https:\/\/corporacionpba.org\/nuevo\/primer-festival-de-agrobiodiversidad-en-la-provincia-de-marquez\/\" \/>\n<meta property=\"og:site_name\" content=\"Corporacion PBA\" \/>\n<meta property=\"article:published_time\" content=\"2017-01-20T17:51:38+00:00\" \/>\n<meta property=\"article:modified_time\" content=\"2020-09-02T17:52:40+00:00\" \/>\n<meta property=\"og:image\" content=\"https:\/\/corporacionpba.org\/nuevo\/wp-content\/uploads\/2020\/09\/4387900140_759f766466_c-2.jpg\" \/>\n\t<meta property=\"og:image:width\" content=\"600\" \/>\n\t<meta property=\"og:image:height\" content=\"600\" \/>\n\t<meta property=\"og:image:type\" content=\"image\/jpeg\" \/>\n<meta name=\"author\" content=\"Corporacion PBA\" \/>\n<meta name=\"twitter:card\" content=\"summary_large_image\" \/>\n<meta name=\"twitter:label1\" content=\"Escrito por\" \/>\n\t<meta name=\"twitter:data1\" content=\"Corporacion PBA\" \/>\n\t<meta name=\"twitter:label2\" content=\"Tiempo de lectura\" \/>\n\t<meta name=\"twitter:data2\" content=\"4 minutos\" \/>\n<script type=\"application\/ld+json\" class=\"yoast-schema-graph\">{\"@context\":\"https:\/\/schema.org\",\"@graph\":[{\"@type\":\"Article\",\"@id\":\"https:\/\/corporacionpba.org\/nuevo\/primer-festival-de-agrobiodiversidad-en-la-provincia-de-marquez\/#article\",\"isPartOf\":{\"@id\":\"https:\/\/corporacionpba.org\/nuevo\/primer-festival-de-agrobiodiversidad-en-la-provincia-de-marquez\/\"},\"author\":{\"name\":\"Corporacion PBA\",\"@id\":\"https:\/\/corporacionpba.org\/nuevo\/#\/schema\/person\/54fa2e5ef13523f0259b1707b99c11b8\"},\"headline\":\"Primer festival de agrobiodiversidad en la Provincia de M\u00e1rquez\",\"datePublished\":\"2017-01-20T17:51:38+00:00\",\"dateModified\":\"2020-09-02T17:52:40+00:00\",\"mainEntityOfPage\":{\"@id\":\"https:\/\/corporacionpba.org\/nuevo\/primer-festival-de-agrobiodiversidad-en-la-provincia-de-marquez\/\"},\"wordCount\":741,\"commentCount\":0,\"image\":{\"@id\":\"https:\/\/corporacionpba.org\/nuevo\/primer-festival-de-agrobiodiversidad-en-la-provincia-de-marquez\/#primaryimage\"},\"thumbnailUrl\":\"https:\/\/corporacionpba.org\/nuevo\/wp-content\/uploads\/2020\/09\/4387900140_759f766466_c-2.jpg\",\"articleSection\":[\"Art\u00edculo\"],\"inLanguage\":\"es\",\"potentialAction\":[{\"@type\":\"CommentAction\",\"name\":\"Comment\",\"target\":[\"https:\/\/corporacionpba.org\/nuevo\/primer-festival-de-agrobiodiversidad-en-la-provincia-de-marquez\/#respond\"]}]},{\"@type\":\"WebPage\",\"@id\":\"https:\/\/corporacionpba.org\/nuevo\/primer-festival-de-agrobiodiversidad-en-la-provincia-de-marquez\/\",\"url\":\"https:\/\/corporacionpba.org\/nuevo\/primer-festival-de-agrobiodiversidad-en-la-provincia-de-marquez\/\",\"name\":\"Primer festival de agrobiodiversidad en la Provincia de M\u00e1rquez - Corporacion PBA\",\"isPartOf\":{\"@id\":\"https:\/\/corporacionpba.org\/nuevo\/#website\"},\"primaryImageOfPage\":{\"@id\":\"https:\/\/corporacionpba.org\/nuevo\/primer-festival-de-agrobiodiversidad-en-la-provincia-de-marquez\/#primaryimage\"},\"image\":{\"@id\":\"https:\/\/corporacionpba.org\/nuevo\/primer-festival-de-agrobiodiversidad-en-la-provincia-de-marquez\/#primaryimage\"},\"thumbnailUrl\":\"https:\/\/corporacionpba.org\/nuevo\/wp-content\/uploads\/2020\/09\/4387900140_759f766466_c-2.jpg\",\"datePublished\":\"2017-01-20T17:51:38+00:00\",\"dateModified\":\"2020-09-02T17:52:40+00:00\",\"author\":{\"@id\":\"https:\/\/corporacionpba.org\/nuevo\/#\/schema\/person\/54fa2e5ef13523f0259b1707b99c11b8\"},\"breadcrumb\":{\"@id\":\"https:\/\/corporacionpba.org\/nuevo\/primer-festival-de-agrobiodiversidad-en-la-provincia-de-marquez\/#breadcrumb\"},\"inLanguage\":\"es\",\"potentialAction\":[{\"@type\":\"ReadAction\",\"target\":[\"https:\/\/corporacionpba.org\/nuevo\/primer-festival-de-agrobiodiversidad-en-la-provincia-de-marquez\/\"]}]},{\"@type\":\"ImageObject\",\"inLanguage\":\"es\",\"@id\":\"https:\/\/corporacionpba.org\/nuevo\/primer-festival-de-agrobiodiversidad-en-la-provincia-de-marquez\/#primaryimage\",\"url\":\"https:\/\/corporacionpba.org\/nuevo\/wp-content\/uploads\/2020\/09\/4387900140_759f766466_c-2.jpg\",\"contentUrl\":\"https:\/\/corporacionpba.org\/nuevo\/wp-content\/uploads\/2020\/09\/4387900140_759f766466_c-2.jpg\",\"width\":600,\"height\":600},{\"@type\":\"BreadcrumbList\",\"@id\":\"https:\/\/corporacionpba.org\/nuevo\/primer-festival-de-agrobiodiversidad-en-la-provincia-de-marquez\/#breadcrumb\",\"itemListElement\":[{\"@type\":\"ListItem\",\"position\":1,\"name\":\"Portada\",\"item\":\"https:\/\/corporacionpba.org\/nuevo\/\"},{\"@type\":\"ListItem\",\"position\":2,\"name\":\"Primer festival de agrobiodiversidad en la Provincia de M\u00e1rquez\"}]},{\"@type\":\"WebSite\",\"@id\":\"https:\/\/corporacionpba.org\/nuevo\/#website\",\"url\":\"https:\/\/corporacionpba.org\/nuevo\/\",\"name\":\"Corporacion PBA\",\"description\":\"Innovaci&oacute;n Rural para el Desarrollo\",\"potentialAction\":[{\"@type\":\"SearchAction\",\"target\":{\"@type\":\"EntryPoint\",\"urlTemplate\":\"https:\/\/corporacionpba.org\/nuevo\/?s={search_term_string}\"},\"query-input\":{\"@type\":\"PropertyValueSpecification\",\"valueRequired\":true,\"valueName\":\"search_term_string\"}}],\"inLanguage\":\"es\"},{\"@type\":\"Person\",\"@id\":\"https:\/\/corporacionpba.org\/nuevo\/#\/schema\/person\/54fa2e5ef13523f0259b1707b99c11b8\",\"name\":\"Corporacion PBA\",\"image\":{\"@type\":\"ImageObject\",\"inLanguage\":\"es\",\"@id\":\"https:\/\/secure.gravatar.com\/avatar\/2063c349439df46203f11a73c15ec3288b8d551168ba8c1a8410ff02770aa39b?s=96&d=mm&r=g\",\"url\":\"https:\/\/secure.gravatar.com\/avatar\/2063c349439df46203f11a73c15ec3288b8d551168ba8c1a8410ff02770aa39b?s=96&d=mm&r=g\",\"contentUrl\":\"https:\/\/secure.gravatar.com\/avatar\/2063c349439df46203f11a73c15ec3288b8d551168ba8c1a8410ff02770aa39b?s=96&d=mm&r=g\",\"caption\":\"Corporacion PBA\"},\"url\":\"https:\/\/corporacionpba.org\/nuevo\/author\/corpba\/\"}]}<\/script>\n<!-- \/ Yoast SEO plugin. -->","yoast_head_json":{"title":"Primer festival de agrobiodiversidad en la Provincia de M\u00e1rquez - Corporacion PBA","robots":{"index":"index","follow":"follow","max-snippet":"max-snippet:-1","max-image-preview":"max-image-preview:large","max-video-preview":"max-video-preview:-1"},"canonical":"https:\/\/corporacionpba.org\/nuevo\/primer-festival-de-agrobiodiversidad-en-la-provincia-de-marquez\/","og_locale":"es_ES","og_type":"article","og_title":"Primer festival de agrobiodiversidad en la Provincia de M\u00e1rquez - Corporacion PBA","og_description":"Un cuento que no es cuento\u2026. Hab\u00eda una vez un grupo de productores pertenecientes a diez organizaciones de la Provincia de M\u00e1rquez que se unieron para organizar y adecuar el lugar para el primer Festival de Agrobiodiversidad; un gran equipo de trabajo comprometido, que con empe\u00f1o y entusiasmo participan activamente en esta ardua labor para [&hellip;]","og_url":"https:\/\/corporacionpba.org\/nuevo\/primer-festival-de-agrobiodiversidad-en-la-provincia-de-marquez\/","og_site_name":"Corporacion PBA","article_published_time":"2017-01-20T17:51:38+00:00","article_modified_time":"2020-09-02T17:52:40+00:00","og_image":[{"width":600,"height":600,"url":"https:\/\/corporacionpba.org\/nuevo\/wp-content\/uploads\/2020\/09\/4387900140_759f766466_c-2.jpg","type":"image\/jpeg"}],"author":"Corporacion PBA","twitter_card":"summary_large_image","twitter_misc":{"Escrito por":"Corporacion PBA","Tiempo de lectura":"4 minutos"},"schema":{"@context":"https:\/\/schema.org","@graph":[{"@type":"Article","@id":"https:\/\/corporacionpba.org\/nuevo\/primer-festival-de-agrobiodiversidad-en-la-provincia-de-marquez\/#article","isPartOf":{"@id":"https:\/\/corporacionpba.org\/nuevo\/primer-festival-de-agrobiodiversidad-en-la-provincia-de-marquez\/"},"author":{"name":"Corporacion PBA","@id":"https:\/\/corporacionpba.org\/nuevo\/#\/schema\/person\/54fa2e5ef13523f0259b1707b99c11b8"},"headline":"Primer festival de agrobiodiversidad en la Provincia de M\u00e1rquez","datePublished":"2017-01-20T17:51:38+00:00","dateModified":"2020-09-02T17:52:40+00:00","mainEntityOfPage":{"@id":"https:\/\/corporacionpba.org\/nuevo\/primer-festival-de-agrobiodiversidad-en-la-provincia-de-marquez\/"},"wordCount":741,"commentCount":0,"image":{"@id":"https:\/\/corporacionpba.org\/nuevo\/primer-festival-de-agrobiodiversidad-en-la-provincia-de-marquez\/#primaryimage"},"thumbnailUrl":"https:\/\/corporacionpba.org\/nuevo\/wp-content\/uploads\/2020\/09\/4387900140_759f766466_c-2.jpg","articleSection":["Art\u00edculo"],"inLanguage":"es","potentialAction":[{"@type":"CommentAction","name":"Comment","target":["https:\/\/corporacionpba.org\/nuevo\/primer-festival-de-agrobiodiversidad-en-la-provincia-de-marquez\/#respond"]}]},{"@type":"WebPage","@id":"https:\/\/corporacionpba.org\/nuevo\/primer-festival-de-agrobiodiversidad-en-la-provincia-de-marquez\/","url":"https:\/\/corporacionpba.org\/nuevo\/primer-festival-de-agrobiodiversidad-en-la-provincia-de-marquez\/","name":"Primer festival de agrobiodiversidad en la Provincia de M\u00e1rquez - Corporacion PBA","isPartOf":{"@id":"https:\/\/corporacionpba.org\/nuevo\/#website"},"primaryImageOfPage":{"@id":"https:\/\/corporacionpba.org\/nuevo\/primer-festival-de-agrobiodiversidad-en-la-provincia-de-marquez\/#primaryimage"},"image":{"@id":"https:\/\/corporacionpba.org\/nuevo\/primer-festival-de-agrobiodiversidad-en-la-provincia-de-marquez\/#primaryimage"},"thumbnailUrl":"https:\/\/corporacionpba.org\/nuevo\/wp-content\/uploads\/2020\/09\/4387900140_759f766466_c-2.jpg","datePublished":"2017-01-20T17:51:38+00:00","dateModified":"2020-09-02T17:52:40+00:00","author":{"@id":"https:\/\/corporacionpba.org\/nuevo\/#\/schema\/person\/54fa2e5ef13523f0259b1707b99c11b8"},"breadcrumb":{"@id":"https:\/\/corporacionpba.org\/nuevo\/primer-festival-de-agrobiodiversidad-en-la-provincia-de-marquez\/#breadcrumb"},"inLanguage":"es","potentialAction":[{"@type":"ReadAction","target":["https:\/\/corporacionpba.org\/nuevo\/primer-festival-de-agrobiodiversidad-en-la-provincia-de-marquez\/"]}]},{"@type":"ImageObject","inLanguage":"es","@id":"https:\/\/corporacionpba.org\/nuevo\/primer-festival-de-agrobiodiversidad-en-la-provincia-de-marquez\/#primaryimage","url":"https:\/\/corporacionpba.org\/nuevo\/wp-content\/uploads\/2020\/09\/4387900140_759f766466_c-2.jpg","contentUrl":"https:\/\/corporacionpba.org\/nuevo\/wp-content\/uploads\/2020\/09\/4387900140_759f766466_c-2.jpg","width":600,"height":600},{"@type":"BreadcrumbList","@id":"https:\/\/corporacionpba.org\/nuevo\/primer-festival-de-agrobiodiversidad-en-la-provincia-de-marquez\/#breadcrumb","itemListElement":[{"@type":"ListItem","position":1,"name":"Portada","item":"https:\/\/corporacionpba.org\/nuevo\/"},{"@type":"ListItem","position":2,"name":"Primer festival de agrobiodiversidad en la Provincia de M\u00e1rquez"}]},{"@type":"WebSite","@id":"https:\/\/corporacionpba.org\/nuevo\/#website","url":"https:\/\/corporacionpba.org\/nuevo\/","name":"Corporacion PBA","description":"Innovaci&oacute;n Rural para el Desarrollo","potentialAction":[{"@type":"SearchAction","target":{"@type":"EntryPoint","urlTemplate":"https:\/\/corporacionpba.org\/nuevo\/?s={search_term_string}"},"query-input":{"@type":"PropertyValueSpecification","valueRequired":true,"valueName":"search_term_string"}}],"inLanguage":"es"},{"@type":"Person","@id":"https:\/\/corporacionpba.org\/nuevo\/#\/schema\/person\/54fa2e5ef13523f0259b1707b99c11b8","name":"Corporacion PBA","image":{"@type":"ImageObject","inLanguage":"es","@id":"https:\/\/secure.gravatar.com\/avatar\/2063c349439df46203f11a73c15ec3288b8d551168ba8c1a8410ff02770aa39b?s=96&d=mm&r=g","url":"https:\/\/secure.gravatar.com\/avatar\/2063c349439df46203f11a73c15ec3288b8d551168ba8c1a8410ff02770aa39b?s=96&d=mm&r=g","contentUrl":"https:\/\/secure.gravatar.com\/avatar\/2063c349439df46203f11a73c15ec3288b8d551168ba8c1a8410ff02770aa39b?s=96&d=mm&r=g","caption":"Corporacion PBA"},"url":"https:\/\/corporacionpba.org\/nuevo\/author\/corpba\/"}]}},"_links":{"self":[{"href":"https:\/\/corporacionpba.org\/nuevo\/wp-json\/wp\/v2\/posts\/1157","targetHints":{"allow":["GET"]}}],"collection":[{"href":"https:\/\/corporacionpba.org\/nuevo\/wp-json\/wp\/v2\/posts"}],"about":[{"href":"https:\/\/corporacionpba.org\/nuevo\/wp-json\/wp\/v2\/types\/post"}],"author":[{"embeddable":true,"href":"https:\/\/corporacionpba.org\/nuevo\/wp-json\/wp\/v2\/users\/2"}],"replies":[{"embeddable":true,"href":"https:\/\/corporacionpba.org\/nuevo\/wp-json\/wp\/v2\/comments?post=1157"}],"version-history":[{"count":1,"href":"https:\/\/corporacionpba.org\/nuevo\/wp-json\/wp\/v2\/posts\/1157\/revisions"}],"predecessor-version":[{"id":1159,"href":"https:\/\/corporacionpba.org\/nuevo\/wp-json\/wp\/v2\/posts\/1157\/revisions\/1159"}],"wp:featuredmedia":[{"embeddable":true,"href":"https:\/\/corporacionpba.org\/nuevo\/wp-json\/wp\/v2\/media\/1158"}],"wp:attachment":[{"href":"https:\/\/corporacionpba.org\/nuevo\/wp-json\/wp\/v2\/media?parent=1157"}],"wp:term":[{"taxonomy":"category","embeddable":true,"href":"https:\/\/corporacionpba.org\/nuevo\/wp-json\/wp\/v2\/categories?post=1157"},{"taxonomy":"post_tag","embeddable":true,"href":"https:\/\/corporacionpba.org\/nuevo\/wp-json\/wp\/v2\/tags?post=1157"}],"curies":[{"name":"wp","href":"https:\/\/api.w.org\/{rel}","templated":true}]}}