{"id":1163,"date":"2016-12-11T15:44:30","date_gmt":"2016-12-11T15:44:30","guid":{"rendered":"https:\/\/corporacionpba.org\/nuevo\/?p=1163"},"modified":"2020-09-04T15:45:12","modified_gmt":"2020-09-04T15:45:12","slug":"un-laboratorio-de-semilla-de-papa-en-manos-de-las-comunidades","status":"publish","type":"post","link":"https:\/\/corporacionpba.org\/nuevo\/un-laboratorio-de-semilla-de-papa-en-manos-de-las-comunidades\/","title":{"rendered":"Un laboratorio de semilla de papa en manos de las comunidades"},"content":{"rendered":"<p><img loading=\"lazy\" decoding=\"async\" class=\"size-medium wp-image-1164 aligncenter\" src=\"https:\/\/corporacionpba.org\/nuevo\/wp-content\/uploads\/2020\/09\/20131205_103435-2-2-300x300.jpg\" alt=\"\" width=\"300\" height=\"300\" srcset=\"https:\/\/corporacionpba.org\/nuevo\/wp-content\/uploads\/2020\/09\/20131205_103435-2-2-300x300.jpg 300w, https:\/\/corporacionpba.org\/nuevo\/wp-content\/uploads\/2020\/09\/20131205_103435-2-2-150x150.jpg 150w, https:\/\/corporacionpba.org\/nuevo\/wp-content\/uploads\/2020\/09\/20131205_103435-2-2.jpg 600w\" sizes=\"auto, (max-width: 300px) 100vw, 300px\" \/><\/p>\n<p>La inauguraci\u00f3n del laboratorio de producci\u00f3n de semilla de papa fue un logro hecho realidad por los peque\u00f1os productores rurales, conquistado el pasado 6 de agosto en las instalaciones de la Asociaci\u00f3n Asoagroalizal, en el Municipio Carmen de Carupa, departamento de Boyac\u00e1. En el evento participaron las organizaciones de peque\u00f1os productores Cooinpaven y Satproica, de Ventaquemada; Copaboy, de Tunja, y organizaciones similares en el departamento de Cundinamarca, como Asoagra, del municipio de Granada; Agroforestal, que agrupa a productores de Simisu, Simijaca y Susa, y que tambi\u00e9n hacen parte de la alianza que facilita el desarrollo del proyecto, y son especializadas en la producci\u00f3n de semillas de diferentes variedades de papa.<\/p>\n<p>Uno de sus principales logros tambi\u00e9n ha sido generar la vinculaci\u00f3n de las mujeres a este proceso, que es una labor muy gratificante e innovadora para ellas quienes han adquirido diversos conocimientos y hoy se enfrentan a realizar todo el proceso dentro del laboratorio con mucha paciencia, atenci\u00f3n y gran compromiso en obtener material de alta calidad, porque gracias a las Buenas Pr\u00e1cticas Agr\u00edcolas se han minimizado los riesgos de contaminaci\u00f3n, contribuyendo con el uso, conservaci\u00f3n y cuidado del medio ambiente, adem\u00e1s de la reducci\u00f3n de costos de producci\u00f3n. Esto garantiza resultados eficientes y alternativas de mejoramiento y cambio, en donde los productores han sido los gestores de su propio desarrollo.<\/p>\n<p>Los impactos que hoy d\u00eda se ven reflejados han sido gracias al trabajo colectivo y constante que se ha implementado en las seis organizaciones que actualmente hacen parte de una Uni\u00f3n Temporal denominada \u201cAgrosostenibles\u201d, y que ejecutan el proyecto: \u201cDesarrollo de Capacidades para la Apropiaci\u00f3n y Uso del Conocimiento en la Producci\u00f3n de Semilla Inicial de Papa para el Desarrollo y Mejoramiento de los Sistemas de Producci\u00f3n de Papa de Peque\u00f1os Productores del Departamento de Cundinamarca y Boyac\u00e1\u201d. Dicho proyecto es ejecutado con el acompa\u00f1amiento t\u00e9cnico y social de la Corporaci\u00f3n PBA, la Pontificia Universidad Javeriana y Colciencias.<\/p>\n<p>Durante la Inauguraci\u00f3n se hizo un recorrido por las instalaciones del laboratorio, y se identificaron las distintas zonas que hacen posible la producci\u00f3n de este material vegetal tan relevante en la econom\u00eda y seguridad alimentaria.<\/p>\n<p>Los productores se sienten satisfechos y privilegiados del logro alcanzado aseguran que fue una larga trayectoria y un trabajo equitativo, colectivo y constante donde todos estuvieron aportando tiempo y dedicaci\u00f3n para hoy evidenciar y vivir la inauguraci\u00f3n del laboratorio del cu\u00e1l se sienten orgullosos y comprometidos porque gracias a su alto nivel de empoderamiento y liderazgo han sido gestores de su propio desarrollo.<\/p>\n<p>Por: Saida Vanegas<br \/>\nComunicadora Rural<\/p>\n","protected":false},"excerpt":{"rendered":"<p>La inauguraci\u00f3n del laboratorio de producci\u00f3n de semilla de papa fue un logro hecho realidad por los peque\u00f1os productores rurales, conquistado el pasado 6 de agosto en las instalaciones de la Asociaci\u00f3n Asoagroalizal, en el Municipio Carmen de Carupa, departamento de Boyac\u00e1. En el evento participaron las organizaciones de peque\u00f1os productores Cooinpaven y Satproica, de [&hellip;]<\/p>\n","protected":false},"author":2,"featured_media":1164,"comment_status":"open","ping_status":"open","sticky":false,"template":"","format":"standard","meta":{"_et_pb_use_builder":"","_et_pb_old_content":"","footnotes":""},"categories":[11],"tags":[],"class_list":["post-1163","post","type-post","status-publish","format-standard","has-post-thumbnail","hentry","category-articulo"],"yoast_head":"<!-- This site is optimized with the Yoast SEO plugin v27.2 - https:\/\/yoast.com\/product\/yoast-seo-wordpress\/ -->\n<title>Un laboratorio de semilla de papa en manos de las comunidades - Corporacion PBA<\/title>\n<meta name=\"robots\" content=\"index, follow, max-snippet:-1, max-image-preview:large, max-video-preview:-1\" \/>\n<link rel=\"canonical\" href=\"https:\/\/corporacionpba.org\/nuevo\/un-laboratorio-de-semilla-de-papa-en-manos-de-las-comunidades\/\" \/>\n<meta property=\"og:locale\" content=\"es_ES\" \/>\n<meta property=\"og:type\" content=\"article\" \/>\n<meta property=\"og:title\" content=\"Un laboratorio de semilla de papa en manos de las comunidades - Corporacion PBA\" \/>\n<meta property=\"og:description\" content=\"La inauguraci\u00f3n del laboratorio de producci\u00f3n de semilla de papa fue un logro hecho realidad por los peque\u00f1os productores rurales, conquistado el pasado 6 de agosto en las instalaciones de la Asociaci\u00f3n Asoagroalizal, en el Municipio Carmen de Carupa, departamento de Boyac\u00e1. En el evento participaron las organizaciones de peque\u00f1os productores Cooinpaven y Satproica, de [&hellip;]\" \/>\n<meta property=\"og:url\" content=\"https:\/\/corporacionpba.org\/nuevo\/un-laboratorio-de-semilla-de-papa-en-manos-de-las-comunidades\/\" \/>\n<meta property=\"og:site_name\" content=\"Corporacion PBA\" \/>\n<meta property=\"article:published_time\" content=\"2016-12-11T15:44:30+00:00\" \/>\n<meta property=\"article:modified_time\" content=\"2020-09-04T15:45:12+00:00\" \/>\n<meta property=\"og:image\" content=\"https:\/\/corporacionpba.org\/nuevo\/wp-content\/uploads\/2020\/09\/20131205_103435-2-2.jpg\" \/>\n\t<meta property=\"og:image:width\" content=\"600\" \/>\n\t<meta property=\"og:image:height\" content=\"600\" \/>\n\t<meta property=\"og:image:type\" content=\"image\/jpeg\" \/>\n<meta name=\"author\" content=\"Corporacion PBA\" \/>\n<meta name=\"twitter:card\" content=\"summary_large_image\" \/>\n<meta name=\"twitter:label1\" content=\"Escrito por\" \/>\n\t<meta name=\"twitter:data1\" content=\"Corporacion PBA\" \/>\n\t<meta name=\"twitter:label2\" content=\"Tiempo de lectura\" \/>\n\t<meta name=\"twitter:data2\" content=\"2 minutos\" \/>\n<script type=\"application\/ld+json\" class=\"yoast-schema-graph\">{\"@context\":\"https:\/\/schema.org\",\"@graph\":[{\"@type\":\"Article\",\"@id\":\"https:\/\/corporacionpba.org\/nuevo\/un-laboratorio-de-semilla-de-papa-en-manos-de-las-comunidades\/#article\",\"isPartOf\":{\"@id\":\"https:\/\/corporacionpba.org\/nuevo\/un-laboratorio-de-semilla-de-papa-en-manos-de-las-comunidades\/\"},\"author\":{\"name\":\"Corporacion PBA\",\"@id\":\"https:\/\/corporacionpba.org\/nuevo\/#\/schema\/person\/54fa2e5ef13523f0259b1707b99c11b8\"},\"headline\":\"Un laboratorio de semilla de papa en manos de las comunidades\",\"datePublished\":\"2016-12-11T15:44:30+00:00\",\"dateModified\":\"2020-09-04T15:45:12+00:00\",\"mainEntityOfPage\":{\"@id\":\"https:\/\/corporacionpba.org\/nuevo\/un-laboratorio-de-semilla-de-papa-en-manos-de-las-comunidades\/\"},\"wordCount\":464,\"commentCount\":0,\"image\":{\"@id\":\"https:\/\/corporacionpba.org\/nuevo\/un-laboratorio-de-semilla-de-papa-en-manos-de-las-comunidades\/#primaryimage\"},\"thumbnailUrl\":\"https:\/\/corporacionpba.org\/nuevo\/wp-content\/uploads\/2020\/09\/20131205_103435-2-2.jpg\",\"articleSection\":[\"Art\u00edculo\"],\"inLanguage\":\"es\",\"potentialAction\":[{\"@type\":\"CommentAction\",\"name\":\"Comment\",\"target\":[\"https:\/\/corporacionpba.org\/nuevo\/un-laboratorio-de-semilla-de-papa-en-manos-de-las-comunidades\/#respond\"]}]},{\"@type\":\"WebPage\",\"@id\":\"https:\/\/corporacionpba.org\/nuevo\/un-laboratorio-de-semilla-de-papa-en-manos-de-las-comunidades\/\",\"url\":\"https:\/\/corporacionpba.org\/nuevo\/un-laboratorio-de-semilla-de-papa-en-manos-de-las-comunidades\/\",\"name\":\"Un laboratorio de semilla de papa en manos de las comunidades - Corporacion PBA\",\"isPartOf\":{\"@id\":\"https:\/\/corporacionpba.org\/nuevo\/#website\"},\"primaryImageOfPage\":{\"@id\":\"https:\/\/corporacionpba.org\/nuevo\/un-laboratorio-de-semilla-de-papa-en-manos-de-las-comunidades\/#primaryimage\"},\"image\":{\"@id\":\"https:\/\/corporacionpba.org\/nuevo\/un-laboratorio-de-semilla-de-papa-en-manos-de-las-comunidades\/#primaryimage\"},\"thumbnailUrl\":\"https:\/\/corporacionpba.org\/nuevo\/wp-content\/uploads\/2020\/09\/20131205_103435-2-2.jpg\",\"datePublished\":\"2016-12-11T15:44:30+00:00\",\"dateModified\":\"2020-09-04T15:45:12+00:00\",\"author\":{\"@id\":\"https:\/\/corporacionpba.org\/nuevo\/#\/schema\/person\/54fa2e5ef13523f0259b1707b99c11b8\"},\"breadcrumb\":{\"@id\":\"https:\/\/corporacionpba.org\/nuevo\/un-laboratorio-de-semilla-de-papa-en-manos-de-las-comunidades\/#breadcrumb\"},\"inLanguage\":\"es\",\"potentialAction\":[{\"@type\":\"ReadAction\",\"target\":[\"https:\/\/corporacionpba.org\/nuevo\/un-laboratorio-de-semilla-de-papa-en-manos-de-las-comunidades\/\"]}]},{\"@type\":\"ImageObject\",\"inLanguage\":\"es\",\"@id\":\"https:\/\/corporacionpba.org\/nuevo\/un-laboratorio-de-semilla-de-papa-en-manos-de-las-comunidades\/#primaryimage\",\"url\":\"https:\/\/corporacionpba.org\/nuevo\/wp-content\/uploads\/2020\/09\/20131205_103435-2-2.jpg\",\"contentUrl\":\"https:\/\/corporacionpba.org\/nuevo\/wp-content\/uploads\/2020\/09\/20131205_103435-2-2.jpg\",\"width\":600,\"height\":600},{\"@type\":\"BreadcrumbList\",\"@id\":\"https:\/\/corporacionpba.org\/nuevo\/un-laboratorio-de-semilla-de-papa-en-manos-de-las-comunidades\/#breadcrumb\",\"itemListElement\":[{\"@type\":\"ListItem\",\"position\":1,\"name\":\"Portada\",\"item\":\"https:\/\/corporacionpba.org\/nuevo\/\"},{\"@type\":\"ListItem\",\"position\":2,\"name\":\"Un laboratorio de semilla de papa en manos de las comunidades\"}]},{\"@type\":\"WebSite\",\"@id\":\"https:\/\/corporacionpba.org\/nuevo\/#website\",\"url\":\"https:\/\/corporacionpba.org\/nuevo\/\",\"name\":\"Corporacion PBA\",\"description\":\"Innovaci&oacute;n Rural para el Desarrollo\",\"potentialAction\":[{\"@type\":\"SearchAction\",\"target\":{\"@type\":\"EntryPoint\",\"urlTemplate\":\"https:\/\/corporacionpba.org\/nuevo\/?s={search_term_string}\"},\"query-input\":{\"@type\":\"PropertyValueSpecification\",\"valueRequired\":true,\"valueName\":\"search_term_string\"}}],\"inLanguage\":\"es\"},{\"@type\":\"Person\",\"@id\":\"https:\/\/corporacionpba.org\/nuevo\/#\/schema\/person\/54fa2e5ef13523f0259b1707b99c11b8\",\"name\":\"Corporacion PBA\",\"image\":{\"@type\":\"ImageObject\",\"inLanguage\":\"es\",\"@id\":\"https:\/\/secure.gravatar.com\/avatar\/2063c349439df46203f11a73c15ec3288b8d551168ba8c1a8410ff02770aa39b?s=96&d=mm&r=g\",\"url\":\"https:\/\/secure.gravatar.com\/avatar\/2063c349439df46203f11a73c15ec3288b8d551168ba8c1a8410ff02770aa39b?s=96&d=mm&r=g\",\"contentUrl\":\"https:\/\/secure.gravatar.com\/avatar\/2063c349439df46203f11a73c15ec3288b8d551168ba8c1a8410ff02770aa39b?s=96&d=mm&r=g\",\"caption\":\"Corporacion PBA\"},\"url\":\"https:\/\/corporacionpba.org\/nuevo\/author\/corpba\/\"}]}<\/script>\n<!-- \/ Yoast SEO plugin. -->","yoast_head_json":{"title":"Un laboratorio de semilla de papa en manos de las comunidades - Corporacion PBA","robots":{"index":"index","follow":"follow","max-snippet":"max-snippet:-1","max-image-preview":"max-image-preview:large","max-video-preview":"max-video-preview:-1"},"canonical":"https:\/\/corporacionpba.org\/nuevo\/un-laboratorio-de-semilla-de-papa-en-manos-de-las-comunidades\/","og_locale":"es_ES","og_type":"article","og_title":"Un laboratorio de semilla de papa en manos de las comunidades - Corporacion PBA","og_description":"La inauguraci\u00f3n del laboratorio de producci\u00f3n de semilla de papa fue un logro hecho realidad por los peque\u00f1os productores rurales, conquistado el pasado 6 de agosto en las instalaciones de la Asociaci\u00f3n Asoagroalizal, en el Municipio Carmen de Carupa, departamento de Boyac\u00e1. En el evento participaron las organizaciones de peque\u00f1os productores Cooinpaven y Satproica, de [&hellip;]","og_url":"https:\/\/corporacionpba.org\/nuevo\/un-laboratorio-de-semilla-de-papa-en-manos-de-las-comunidades\/","og_site_name":"Corporacion PBA","article_published_time":"2016-12-11T15:44:30+00:00","article_modified_time":"2020-09-04T15:45:12+00:00","og_image":[{"width":600,"height":600,"url":"https:\/\/corporacionpba.org\/nuevo\/wp-content\/uploads\/2020\/09\/20131205_103435-2-2.jpg","type":"image\/jpeg"}],"author":"Corporacion PBA","twitter_card":"summary_large_image","twitter_misc":{"Escrito por":"Corporacion PBA","Tiempo de lectura":"2 minutos"},"schema":{"@context":"https:\/\/schema.org","@graph":[{"@type":"Article","@id":"https:\/\/corporacionpba.org\/nuevo\/un-laboratorio-de-semilla-de-papa-en-manos-de-las-comunidades\/#article","isPartOf":{"@id":"https:\/\/corporacionpba.org\/nuevo\/un-laboratorio-de-semilla-de-papa-en-manos-de-las-comunidades\/"},"author":{"name":"Corporacion PBA","@id":"https:\/\/corporacionpba.org\/nuevo\/#\/schema\/person\/54fa2e5ef13523f0259b1707b99c11b8"},"headline":"Un laboratorio de semilla de papa en manos de las comunidades","datePublished":"2016-12-11T15:44:30+00:00","dateModified":"2020-09-04T15:45:12+00:00","mainEntityOfPage":{"@id":"https:\/\/corporacionpba.org\/nuevo\/un-laboratorio-de-semilla-de-papa-en-manos-de-las-comunidades\/"},"wordCount":464,"commentCount":0,"image":{"@id":"https:\/\/corporacionpba.org\/nuevo\/un-laboratorio-de-semilla-de-papa-en-manos-de-las-comunidades\/#primaryimage"},"thumbnailUrl":"https:\/\/corporacionpba.org\/nuevo\/wp-content\/uploads\/2020\/09\/20131205_103435-2-2.jpg","articleSection":["Art\u00edculo"],"inLanguage":"es","potentialAction":[{"@type":"CommentAction","name":"Comment","target":["https:\/\/corporacionpba.org\/nuevo\/un-laboratorio-de-semilla-de-papa-en-manos-de-las-comunidades\/#respond"]}]},{"@type":"WebPage","@id":"https:\/\/corporacionpba.org\/nuevo\/un-laboratorio-de-semilla-de-papa-en-manos-de-las-comunidades\/","url":"https:\/\/corporacionpba.org\/nuevo\/un-laboratorio-de-semilla-de-papa-en-manos-de-las-comunidades\/","name":"Un laboratorio de semilla de papa en manos de las comunidades - Corporacion PBA","isPartOf":{"@id":"https:\/\/corporacionpba.org\/nuevo\/#website"},"primaryImageOfPage":{"@id":"https:\/\/corporacionpba.org\/nuevo\/un-laboratorio-de-semilla-de-papa-en-manos-de-las-comunidades\/#primaryimage"},"image":{"@id":"https:\/\/corporacionpba.org\/nuevo\/un-laboratorio-de-semilla-de-papa-en-manos-de-las-comunidades\/#primaryimage"},"thumbnailUrl":"https:\/\/corporacionpba.org\/nuevo\/wp-content\/uploads\/2020\/09\/20131205_103435-2-2.jpg","datePublished":"2016-12-11T15:44:30+00:00","dateModified":"2020-09-04T15:45:12+00:00","author":{"@id":"https:\/\/corporacionpba.org\/nuevo\/#\/schema\/person\/54fa2e5ef13523f0259b1707b99c11b8"},"breadcrumb":{"@id":"https:\/\/corporacionpba.org\/nuevo\/un-laboratorio-de-semilla-de-papa-en-manos-de-las-comunidades\/#breadcrumb"},"inLanguage":"es","potentialAction":[{"@type":"ReadAction","target":["https:\/\/corporacionpba.org\/nuevo\/un-laboratorio-de-semilla-de-papa-en-manos-de-las-comunidades\/"]}]},{"@type":"ImageObject","inLanguage":"es","@id":"https:\/\/corporacionpba.org\/nuevo\/un-laboratorio-de-semilla-de-papa-en-manos-de-las-comunidades\/#primaryimage","url":"https:\/\/corporacionpba.org\/nuevo\/wp-content\/uploads\/2020\/09\/20131205_103435-2-2.jpg","contentUrl":"https:\/\/corporacionpba.org\/nuevo\/wp-content\/uploads\/2020\/09\/20131205_103435-2-2.jpg","width":600,"height":600},{"@type":"BreadcrumbList","@id":"https:\/\/corporacionpba.org\/nuevo\/un-laboratorio-de-semilla-de-papa-en-manos-de-las-comunidades\/#breadcrumb","itemListElement":[{"@type":"ListItem","position":1,"name":"Portada","item":"https:\/\/corporacionpba.org\/nuevo\/"},{"@type":"ListItem","position":2,"name":"Un laboratorio de semilla de papa en manos de las comunidades"}]},{"@type":"WebSite","@id":"https:\/\/corporacionpba.org\/nuevo\/#website","url":"https:\/\/corporacionpba.org\/nuevo\/","name":"Corporacion PBA","description":"Innovaci&oacute;n Rural para el Desarrollo","potentialAction":[{"@type":"SearchAction","target":{"@type":"EntryPoint","urlTemplate":"https:\/\/corporacionpba.org\/nuevo\/?s={search_term_string}"},"query-input":{"@type":"PropertyValueSpecification","valueRequired":true,"valueName":"search_term_string"}}],"inLanguage":"es"},{"@type":"Person","@id":"https:\/\/corporacionpba.org\/nuevo\/#\/schema\/person\/54fa2e5ef13523f0259b1707b99c11b8","name":"Corporacion PBA","image":{"@type":"ImageObject","inLanguage":"es","@id":"https:\/\/secure.gravatar.com\/avatar\/2063c349439df46203f11a73c15ec3288b8d551168ba8c1a8410ff02770aa39b?s=96&d=mm&r=g","url":"https:\/\/secure.gravatar.com\/avatar\/2063c349439df46203f11a73c15ec3288b8d551168ba8c1a8410ff02770aa39b?s=96&d=mm&r=g","contentUrl":"https:\/\/secure.gravatar.com\/avatar\/2063c349439df46203f11a73c15ec3288b8d551168ba8c1a8410ff02770aa39b?s=96&d=mm&r=g","caption":"Corporacion PBA"},"url":"https:\/\/corporacionpba.org\/nuevo\/author\/corpba\/"}]}},"_links":{"self":[{"href":"https:\/\/corporacionpba.org\/nuevo\/wp-json\/wp\/v2\/posts\/1163","targetHints":{"allow":["GET"]}}],"collection":[{"href":"https:\/\/corporacionpba.org\/nuevo\/wp-json\/wp\/v2\/posts"}],"about":[{"href":"https:\/\/corporacionpba.org\/nuevo\/wp-json\/wp\/v2\/types\/post"}],"author":[{"embeddable":true,"href":"https:\/\/corporacionpba.org\/nuevo\/wp-json\/wp\/v2\/users\/2"}],"replies":[{"embeddable":true,"href":"https:\/\/corporacionpba.org\/nuevo\/wp-json\/wp\/v2\/comments?post=1163"}],"version-history":[{"count":1,"href":"https:\/\/corporacionpba.org\/nuevo\/wp-json\/wp\/v2\/posts\/1163\/revisions"}],"predecessor-version":[{"id":1165,"href":"https:\/\/corporacionpba.org\/nuevo\/wp-json\/wp\/v2\/posts\/1163\/revisions\/1165"}],"wp:featuredmedia":[{"embeddable":true,"href":"https:\/\/corporacionpba.org\/nuevo\/wp-json\/wp\/v2\/media\/1164"}],"wp:attachment":[{"href":"https:\/\/corporacionpba.org\/nuevo\/wp-json\/wp\/v2\/media?parent=1163"}],"wp:term":[{"taxonomy":"category","embeddable":true,"href":"https:\/\/corporacionpba.org\/nuevo\/wp-json\/wp\/v2\/categories?post=1163"},{"taxonomy":"post_tag","embeddable":true,"href":"https:\/\/corporacionpba.org\/nuevo\/wp-json\/wp\/v2\/tags?post=1163"}],"curies":[{"name":"wp","href":"https:\/\/api.w.org\/{rel}","templated":true}]}}