{"id":1167,"date":"2020-10-05T22:40:27","date_gmt":"2020-10-05T22:40:27","guid":{"rendered":"https:\/\/corporacionpba.org\/nuevo\/?p=1167"},"modified":"2020-10-05T22:40:27","modified_gmt":"2020-10-05T22:40:27","slug":"jornada-de-sensibilizacion-en-fomeque-cundinamarca","status":"publish","type":"post","link":"https:\/\/corporacionpba.org\/nuevo\/jornada-de-sensibilizacion-en-fomeque-cundinamarca\/","title":{"rendered":"Jornada de sensibilizaci\u00f3n en F\u00f3meque, Cundinamarca"},"content":{"rendered":"<p>El pasado 29 de septiembre se realiz\u00f3 un taller de sensibilizaci\u00f3n, en el municipio de F\u00f3meque, dirigido por Asprocaf, asociaci\u00f3n de peque\u00f1os productores de bioinsumos del municipio, en compa\u00f1\u00eda de la Corporaci\u00f3n PBA y con el apoyo de la Fundaci\u00f3n Bol\u00edvar Davivienda, la alcald\u00eda municipal de F\u00f3meque y el Sistema Territorial de Innovaci\u00f3n (STI) del Oriente de Cundinamarca. El prop\u00f3sito principal de este taller era dar a conocer a los habitantes de distintas urbanizaciones la correcta utilizaci\u00f3n de los residuos org\u00e1nicos (separados y puestos en un recipiente verde al frente de sus propiedades), material que es aprovechado por Asprocaf en la producci\u00f3n de su abono org\u00e1nico.<\/p>\n<p>En el recorrido se difundieron los beneficios que puede traer su apoyo y labor como ciudadanos. Adem\u00e1s, se les agradeci\u00f3 por su compromiso y se les obsequi\u00f3 una muestra de abono para que la aprovecharan en sus huertas, jardines y\/o cultivos. En las casas visitadas qued\u00f3 el reconocimiento del proceso, un sticker de la marca de abono de Asprocaf y una invitaci\u00f3n cordial para darle continuidad al reciclaje en el municipio.<\/p>\n<p><iframe loading=\"lazy\" title=\"Jornada de sensibilizaci\u00f3n en F\u00f3meque, Cundinamarca\" width=\"1080\" height=\"608\" src=\"https:\/\/www.youtube.com\/embed\/JvIMPH7xsQ4?feature=oembed\" frameborder=\"0\" allow=\"accelerometer; autoplay; clipboard-write; encrypted-media; gyroscope; picture-in-picture\" allowfullscreen><\/iframe><\/p>\n<p>Por: Laura Jim\u00e9nez<br \/>\nComunicadora rural<\/p>\n","protected":false},"excerpt":{"rendered":"<p>El pasado 29 de septiembre se realiz\u00f3 un taller de sensibilizaci\u00f3n, en el municipio de F\u00f3meque, dirigido por Asprocaf, asociaci\u00f3n de peque\u00f1os productores de bioinsumos del municipio, en compa\u00f1\u00eda de la Corporaci\u00f3n PBA y con el apoyo de la Fundaci\u00f3n Bol\u00edvar Davivienda, la alcald\u00eda municipal de F\u00f3meque y el Sistema Territorial de Innovaci\u00f3n (STI) del [&hellip;]<\/p>\n","protected":false},"author":2,"featured_media":1168,"comment_status":"open","ping_status":"open","sticky":false,"template":"","format":"standard","meta":{"_et_pb_use_builder":"","_et_pb_old_content":"","footnotes":""},"categories":[11,13],"tags":[],"class_list":["post-1167","post","type-post","status-publish","format-standard","has-post-thumbnail","hentry","category-articulo","category-sliderinicio"],"yoast_head":"<!-- This site is optimized with the Yoast SEO plugin v27.2 - https:\/\/yoast.com\/product\/yoast-seo-wordpress\/ -->\n<title>Jornada de sensibilizaci\u00f3n en F\u00f3meque, Cundinamarca - Corporacion PBA<\/title>\n<meta name=\"robots\" content=\"index, follow, max-snippet:-1, max-image-preview:large, max-video-preview:-1\" \/>\n<link rel=\"canonical\" href=\"https:\/\/corporacionpba.org\/nuevo\/jornada-de-sensibilizacion-en-fomeque-cundinamarca\/\" \/>\n<meta property=\"og:locale\" content=\"es_ES\" \/>\n<meta property=\"og:type\" content=\"article\" \/>\n<meta property=\"og:title\" content=\"Jornada de sensibilizaci\u00f3n en F\u00f3meque, Cundinamarca - Corporacion PBA\" \/>\n<meta property=\"og:description\" content=\"El pasado 29 de septiembre se realiz\u00f3 un taller de sensibilizaci\u00f3n, en el municipio de F\u00f3meque, dirigido por Asprocaf, asociaci\u00f3n de peque\u00f1os productores de bioinsumos del municipio, en compa\u00f1\u00eda de la Corporaci\u00f3n PBA y con el apoyo de la Fundaci\u00f3n Bol\u00edvar Davivienda, la alcald\u00eda municipal de F\u00f3meque y el Sistema Territorial de Innovaci\u00f3n (STI) del [&hellip;]\" \/>\n<meta property=\"og:url\" content=\"https:\/\/corporacionpba.org\/nuevo\/jornada-de-sensibilizacion-en-fomeque-cundinamarca\/\" \/>\n<meta property=\"og:site_name\" content=\"Corporacion PBA\" \/>\n<meta property=\"article:published_time\" content=\"2020-10-05T22:40:27+00:00\" \/>\n<meta property=\"og:image\" content=\"https:\/\/corporacionpba.org\/nuevo\/wp-content\/uploads\/2020\/10\/PHOTO-2020-10-05-16-29-27-2.jpg\" \/>\n\t<meta property=\"og:image:width\" content=\"600\" \/>\n\t<meta property=\"og:image:height\" content=\"600\" \/>\n\t<meta property=\"og:image:type\" content=\"image\/jpeg\" \/>\n<meta name=\"author\" content=\"Corporacion PBA\" \/>\n<meta name=\"twitter:card\" content=\"summary_large_image\" \/>\n<meta name=\"twitter:label1\" content=\"Escrito por\" \/>\n\t<meta name=\"twitter:data1\" content=\"Corporacion PBA\" \/>\n\t<meta name=\"twitter:label2\" content=\"Tiempo de lectura\" \/>\n\t<meta name=\"twitter:data2\" content=\"1 minuto\" \/>\n<script type=\"application\/ld+json\" class=\"yoast-schema-graph\">{\"@context\":\"https:\/\/schema.org\",\"@graph\":[{\"@type\":\"Article\",\"@id\":\"https:\/\/corporacionpba.org\/nuevo\/jornada-de-sensibilizacion-en-fomeque-cundinamarca\/#article\",\"isPartOf\":{\"@id\":\"https:\/\/corporacionpba.org\/nuevo\/jornada-de-sensibilizacion-en-fomeque-cundinamarca\/\"},\"author\":{\"name\":\"Corporacion PBA\",\"@id\":\"https:\/\/corporacionpba.org\/nuevo\/#\/schema\/person\/54fa2e5ef13523f0259b1707b99c11b8\"},\"headline\":\"Jornada de sensibilizaci\u00f3n en F\u00f3meque, Cundinamarca\",\"datePublished\":\"2020-10-05T22:40:27+00:00\",\"mainEntityOfPage\":{\"@id\":\"https:\/\/corporacionpba.org\/nuevo\/jornada-de-sensibilizacion-en-fomeque-cundinamarca\/\"},\"wordCount\":214,\"commentCount\":0,\"image\":{\"@id\":\"https:\/\/corporacionpba.org\/nuevo\/jornada-de-sensibilizacion-en-fomeque-cundinamarca\/#primaryimage\"},\"thumbnailUrl\":\"https:\/\/corporacionpba.org\/nuevo\/wp-content\/uploads\/2020\/10\/PHOTO-2020-10-05-16-29-27-2.jpg\",\"articleSection\":[\"Art\u00edculo\",\"SliderINICIO\"],\"inLanguage\":\"es\",\"potentialAction\":[{\"@type\":\"CommentAction\",\"name\":\"Comment\",\"target\":[\"https:\/\/corporacionpba.org\/nuevo\/jornada-de-sensibilizacion-en-fomeque-cundinamarca\/#respond\"]}]},{\"@type\":\"WebPage\",\"@id\":\"https:\/\/corporacionpba.org\/nuevo\/jornada-de-sensibilizacion-en-fomeque-cundinamarca\/\",\"url\":\"https:\/\/corporacionpba.org\/nuevo\/jornada-de-sensibilizacion-en-fomeque-cundinamarca\/\",\"name\":\"Jornada de sensibilizaci\u00f3n en F\u00f3meque, Cundinamarca - Corporacion PBA\",\"isPartOf\":{\"@id\":\"https:\/\/corporacionpba.org\/nuevo\/#website\"},\"primaryImageOfPage\":{\"@id\":\"https:\/\/corporacionpba.org\/nuevo\/jornada-de-sensibilizacion-en-fomeque-cundinamarca\/#primaryimage\"},\"image\":{\"@id\":\"https:\/\/corporacionpba.org\/nuevo\/jornada-de-sensibilizacion-en-fomeque-cundinamarca\/#primaryimage\"},\"thumbnailUrl\":\"https:\/\/corporacionpba.org\/nuevo\/wp-content\/uploads\/2020\/10\/PHOTO-2020-10-05-16-29-27-2.jpg\",\"datePublished\":\"2020-10-05T22:40:27+00:00\",\"author\":{\"@id\":\"https:\/\/corporacionpba.org\/nuevo\/#\/schema\/person\/54fa2e5ef13523f0259b1707b99c11b8\"},\"breadcrumb\":{\"@id\":\"https:\/\/corporacionpba.org\/nuevo\/jornada-de-sensibilizacion-en-fomeque-cundinamarca\/#breadcrumb\"},\"inLanguage\":\"es\",\"potentialAction\":[{\"@type\":\"ReadAction\",\"target\":[\"https:\/\/corporacionpba.org\/nuevo\/jornada-de-sensibilizacion-en-fomeque-cundinamarca\/\"]}]},{\"@type\":\"ImageObject\",\"inLanguage\":\"es\",\"@id\":\"https:\/\/corporacionpba.org\/nuevo\/jornada-de-sensibilizacion-en-fomeque-cundinamarca\/#primaryimage\",\"url\":\"https:\/\/corporacionpba.org\/nuevo\/wp-content\/uploads\/2020\/10\/PHOTO-2020-10-05-16-29-27-2.jpg\",\"contentUrl\":\"https:\/\/corporacionpba.org\/nuevo\/wp-content\/uploads\/2020\/10\/PHOTO-2020-10-05-16-29-27-2.jpg\",\"width\":600,\"height\":600},{\"@type\":\"BreadcrumbList\",\"@id\":\"https:\/\/corporacionpba.org\/nuevo\/jornada-de-sensibilizacion-en-fomeque-cundinamarca\/#breadcrumb\",\"itemListElement\":[{\"@type\":\"ListItem\",\"position\":1,\"name\":\"Portada\",\"item\":\"https:\/\/corporacionpba.org\/nuevo\/\"},{\"@type\":\"ListItem\",\"position\":2,\"name\":\"Jornada de sensibilizaci\u00f3n en F\u00f3meque, Cundinamarca\"}]},{\"@type\":\"WebSite\",\"@id\":\"https:\/\/corporacionpba.org\/nuevo\/#website\",\"url\":\"https:\/\/corporacionpba.org\/nuevo\/\",\"name\":\"Corporacion PBA\",\"description\":\"Innovaci&oacute;n Rural para el Desarrollo\",\"potentialAction\":[{\"@type\":\"SearchAction\",\"target\":{\"@type\":\"EntryPoint\",\"urlTemplate\":\"https:\/\/corporacionpba.org\/nuevo\/?s={search_term_string}\"},\"query-input\":{\"@type\":\"PropertyValueSpecification\",\"valueRequired\":true,\"valueName\":\"search_term_string\"}}],\"inLanguage\":\"es\"},{\"@type\":\"Person\",\"@id\":\"https:\/\/corporacionpba.org\/nuevo\/#\/schema\/person\/54fa2e5ef13523f0259b1707b99c11b8\",\"name\":\"Corporacion PBA\",\"image\":{\"@type\":\"ImageObject\",\"inLanguage\":\"es\",\"@id\":\"https:\/\/secure.gravatar.com\/avatar\/2063c349439df46203f11a73c15ec3288b8d551168ba8c1a8410ff02770aa39b?s=96&d=mm&r=g\",\"url\":\"https:\/\/secure.gravatar.com\/avatar\/2063c349439df46203f11a73c15ec3288b8d551168ba8c1a8410ff02770aa39b?s=96&d=mm&r=g\",\"contentUrl\":\"https:\/\/secure.gravatar.com\/avatar\/2063c349439df46203f11a73c15ec3288b8d551168ba8c1a8410ff02770aa39b?s=96&d=mm&r=g\",\"caption\":\"Corporacion PBA\"},\"url\":\"https:\/\/corporacionpba.org\/nuevo\/author\/corpba\/\"}]}<\/script>\n<!-- \/ Yoast SEO plugin. -->","yoast_head_json":{"title":"Jornada de sensibilizaci\u00f3n en F\u00f3meque, Cundinamarca - Corporacion PBA","robots":{"index":"index","follow":"follow","max-snippet":"max-snippet:-1","max-image-preview":"max-image-preview:large","max-video-preview":"max-video-preview:-1"},"canonical":"https:\/\/corporacionpba.org\/nuevo\/jornada-de-sensibilizacion-en-fomeque-cundinamarca\/","og_locale":"es_ES","og_type":"article","og_title":"Jornada de sensibilizaci\u00f3n en F\u00f3meque, Cundinamarca - Corporacion PBA","og_description":"El pasado 29 de septiembre se realiz\u00f3 un taller de sensibilizaci\u00f3n, en el municipio de F\u00f3meque, dirigido por Asprocaf, asociaci\u00f3n de peque\u00f1os productores de bioinsumos del municipio, en compa\u00f1\u00eda de la Corporaci\u00f3n PBA y con el apoyo de la Fundaci\u00f3n Bol\u00edvar Davivienda, la alcald\u00eda municipal de F\u00f3meque y el Sistema Territorial de Innovaci\u00f3n (STI) del [&hellip;]","og_url":"https:\/\/corporacionpba.org\/nuevo\/jornada-de-sensibilizacion-en-fomeque-cundinamarca\/","og_site_name":"Corporacion PBA","article_published_time":"2020-10-05T22:40:27+00:00","og_image":[{"width":600,"height":600,"url":"https:\/\/corporacionpba.org\/nuevo\/wp-content\/uploads\/2020\/10\/PHOTO-2020-10-05-16-29-27-2.jpg","type":"image\/jpeg"}],"author":"Corporacion PBA","twitter_card":"summary_large_image","twitter_misc":{"Escrito por":"Corporacion PBA","Tiempo de lectura":"1 minuto"},"schema":{"@context":"https:\/\/schema.org","@graph":[{"@type":"Article","@id":"https:\/\/corporacionpba.org\/nuevo\/jornada-de-sensibilizacion-en-fomeque-cundinamarca\/#article","isPartOf":{"@id":"https:\/\/corporacionpba.org\/nuevo\/jornada-de-sensibilizacion-en-fomeque-cundinamarca\/"},"author":{"name":"Corporacion PBA","@id":"https:\/\/corporacionpba.org\/nuevo\/#\/schema\/person\/54fa2e5ef13523f0259b1707b99c11b8"},"headline":"Jornada de sensibilizaci\u00f3n en F\u00f3meque, Cundinamarca","datePublished":"2020-10-05T22:40:27+00:00","mainEntityOfPage":{"@id":"https:\/\/corporacionpba.org\/nuevo\/jornada-de-sensibilizacion-en-fomeque-cundinamarca\/"},"wordCount":214,"commentCount":0,"image":{"@id":"https:\/\/corporacionpba.org\/nuevo\/jornada-de-sensibilizacion-en-fomeque-cundinamarca\/#primaryimage"},"thumbnailUrl":"https:\/\/corporacionpba.org\/nuevo\/wp-content\/uploads\/2020\/10\/PHOTO-2020-10-05-16-29-27-2.jpg","articleSection":["Art\u00edculo","SliderINICIO"],"inLanguage":"es","potentialAction":[{"@type":"CommentAction","name":"Comment","target":["https:\/\/corporacionpba.org\/nuevo\/jornada-de-sensibilizacion-en-fomeque-cundinamarca\/#respond"]}]},{"@type":"WebPage","@id":"https:\/\/corporacionpba.org\/nuevo\/jornada-de-sensibilizacion-en-fomeque-cundinamarca\/","url":"https:\/\/corporacionpba.org\/nuevo\/jornada-de-sensibilizacion-en-fomeque-cundinamarca\/","name":"Jornada de sensibilizaci\u00f3n en F\u00f3meque, Cundinamarca - Corporacion PBA","isPartOf":{"@id":"https:\/\/corporacionpba.org\/nuevo\/#website"},"primaryImageOfPage":{"@id":"https:\/\/corporacionpba.org\/nuevo\/jornada-de-sensibilizacion-en-fomeque-cundinamarca\/#primaryimage"},"image":{"@id":"https:\/\/corporacionpba.org\/nuevo\/jornada-de-sensibilizacion-en-fomeque-cundinamarca\/#primaryimage"},"thumbnailUrl":"https:\/\/corporacionpba.org\/nuevo\/wp-content\/uploads\/2020\/10\/PHOTO-2020-10-05-16-29-27-2.jpg","datePublished":"2020-10-05T22:40:27+00:00","author":{"@id":"https:\/\/corporacionpba.org\/nuevo\/#\/schema\/person\/54fa2e5ef13523f0259b1707b99c11b8"},"breadcrumb":{"@id":"https:\/\/corporacionpba.org\/nuevo\/jornada-de-sensibilizacion-en-fomeque-cundinamarca\/#breadcrumb"},"inLanguage":"es","potentialAction":[{"@type":"ReadAction","target":["https:\/\/corporacionpba.org\/nuevo\/jornada-de-sensibilizacion-en-fomeque-cundinamarca\/"]}]},{"@type":"ImageObject","inLanguage":"es","@id":"https:\/\/corporacionpba.org\/nuevo\/jornada-de-sensibilizacion-en-fomeque-cundinamarca\/#primaryimage","url":"https:\/\/corporacionpba.org\/nuevo\/wp-content\/uploads\/2020\/10\/PHOTO-2020-10-05-16-29-27-2.jpg","contentUrl":"https:\/\/corporacionpba.org\/nuevo\/wp-content\/uploads\/2020\/10\/PHOTO-2020-10-05-16-29-27-2.jpg","width":600,"height":600},{"@type":"BreadcrumbList","@id":"https:\/\/corporacionpba.org\/nuevo\/jornada-de-sensibilizacion-en-fomeque-cundinamarca\/#breadcrumb","itemListElement":[{"@type":"ListItem","position":1,"name":"Portada","item":"https:\/\/corporacionpba.org\/nuevo\/"},{"@type":"ListItem","position":2,"name":"Jornada de sensibilizaci\u00f3n en F\u00f3meque, Cundinamarca"}]},{"@type":"WebSite","@id":"https:\/\/corporacionpba.org\/nuevo\/#website","url":"https:\/\/corporacionpba.org\/nuevo\/","name":"Corporacion PBA","description":"Innovaci&oacute;n Rural para el Desarrollo","potentialAction":[{"@type":"SearchAction","target":{"@type":"EntryPoint","urlTemplate":"https:\/\/corporacionpba.org\/nuevo\/?s={search_term_string}"},"query-input":{"@type":"PropertyValueSpecification","valueRequired":true,"valueName":"search_term_string"}}],"inLanguage":"es"},{"@type":"Person","@id":"https:\/\/corporacionpba.org\/nuevo\/#\/schema\/person\/54fa2e5ef13523f0259b1707b99c11b8","name":"Corporacion PBA","image":{"@type":"ImageObject","inLanguage":"es","@id":"https:\/\/secure.gravatar.com\/avatar\/2063c349439df46203f11a73c15ec3288b8d551168ba8c1a8410ff02770aa39b?s=96&d=mm&r=g","url":"https:\/\/secure.gravatar.com\/avatar\/2063c349439df46203f11a73c15ec3288b8d551168ba8c1a8410ff02770aa39b?s=96&d=mm&r=g","contentUrl":"https:\/\/secure.gravatar.com\/avatar\/2063c349439df46203f11a73c15ec3288b8d551168ba8c1a8410ff02770aa39b?s=96&d=mm&r=g","caption":"Corporacion PBA"},"url":"https:\/\/corporacionpba.org\/nuevo\/author\/corpba\/"}]}},"_links":{"self":[{"href":"https:\/\/corporacionpba.org\/nuevo\/wp-json\/wp\/v2\/posts\/1167","targetHints":{"allow":["GET"]}}],"collection":[{"href":"https:\/\/corporacionpba.org\/nuevo\/wp-json\/wp\/v2\/posts"}],"about":[{"href":"https:\/\/corporacionpba.org\/nuevo\/wp-json\/wp\/v2\/types\/post"}],"author":[{"embeddable":true,"href":"https:\/\/corporacionpba.org\/nuevo\/wp-json\/wp\/v2\/users\/2"}],"replies":[{"embeddable":true,"href":"https:\/\/corporacionpba.org\/nuevo\/wp-json\/wp\/v2\/comments?post=1167"}],"version-history":[{"count":1,"href":"https:\/\/corporacionpba.org\/nuevo\/wp-json\/wp\/v2\/posts\/1167\/revisions"}],"predecessor-version":[{"id":1169,"href":"https:\/\/corporacionpba.org\/nuevo\/wp-json\/wp\/v2\/posts\/1167\/revisions\/1169"}],"wp:featuredmedia":[{"embeddable":true,"href":"https:\/\/corporacionpba.org\/nuevo\/wp-json\/wp\/v2\/media\/1168"}],"wp:attachment":[{"href":"https:\/\/corporacionpba.org\/nuevo\/wp-json\/wp\/v2\/media?parent=1167"}],"wp:term":[{"taxonomy":"category","embeddable":true,"href":"https:\/\/corporacionpba.org\/nuevo\/wp-json\/wp\/v2\/categories?post=1167"},{"taxonomy":"post_tag","embeddable":true,"href":"https:\/\/corporacionpba.org\/nuevo\/wp-json\/wp\/v2\/tags?post=1167"}],"curies":[{"name":"wp","href":"https:\/\/api.w.org\/{rel}","templated":true}]}}