{"id":1171,"date":"2020-10-08T23:17:26","date_gmt":"2020-10-08T23:17:26","guid":{"rendered":"https:\/\/corporacionpba.org\/nuevo\/?p=1171"},"modified":"2020-10-08T23:17:26","modified_gmt":"2020-10-08T23:17:26","slug":"retomando-el-sti-del-oriente-de-cundinamarca","status":"publish","type":"post","link":"https:\/\/corporacionpba.org\/nuevo\/retomando-el-sti-del-oriente-de-cundinamarca\/","title":{"rendered":"Retomando el STI del Oriente de Cundinamarca"},"content":{"rendered":"<p>Tras una pausa por los meses de pandemia, el Sistema Territorial de Innovaci\u00f3n (STI) el Oriente de Cundinamarca retom\u00f3 labores el pasado viernes 25 de septiembre. Lo hizo con una reuni\u00f3n virtual y presencial, en el municipio de Choach\u00ed, en la cual la Corporaci\u00f3n PBA realiz\u00f3 una presentaci\u00f3n sobre estos Sistemas y su importancia, y mostr\u00f3 el ejemplo del exitoso STI de la Zona Costanera de C\u00f3rdoba y Sucre.<\/p>\n<p>En el encuentro se defini\u00f3 la fecha para la Asamblea de conformaci\u00f3n del Sistema, de com\u00fan acuerdo con los asistentes, quienes representaban distintas asociaciones de la regi\u00f3n, alcaldes y\/o delegados de cuatro municipios (Chipaque, Choach\u00ed, F\u00f3meque y Ubaque), la Gobernaci\u00f3n de Cundinamarca, el SENA y la Universidad Javeriana, entre otros. Los actores interesados en la construcci\u00f3n y seguimiento al proceso fueron muchos, por lo que se busca la ampliaci\u00f3n del STI con la incorporaci\u00f3n de distintas entidades, con miras a reforzar el trabajo que se ha venido llevando a cabo en el territorio.<\/p>\n<p><iframe loading=\"lazy\" title=\"Retomando el STI del Oriente de Cundinamarca\" width=\"1080\" height=\"608\" src=\"https:\/\/www.youtube.com\/embed\/XwniJiJj8vI?feature=oembed\" frameborder=\"0\" allow=\"accelerometer; autoplay; clipboard-write; encrypted-media; gyroscope; picture-in-picture\" allowfullscreen><\/iframe><\/p>\n<p>Por: Laura Jim\u00e9nez<br \/>\nComunicadora rural<\/p>\n","protected":false},"excerpt":{"rendered":"<p>Tras una pausa por los meses de pandemia, el Sistema Territorial de Innovaci\u00f3n (STI) el Oriente de Cundinamarca retom\u00f3 labores el pasado viernes 25 de septiembre. Lo hizo con una reuni\u00f3n virtual y presencial, en el municipio de Choach\u00ed, en la cual la Corporaci\u00f3n PBA realiz\u00f3 una presentaci\u00f3n sobre estos Sistemas y su importancia, y [&hellip;]<\/p>\n","protected":false},"author":2,"featured_media":1173,"comment_status":"open","ping_status":"open","sticky":false,"template":"","format":"standard","meta":{"_et_pb_use_builder":"","_et_pb_old_content":"","footnotes":""},"categories":[11,13],"tags":[],"class_list":["post-1171","post","type-post","status-publish","format-standard","has-post-thumbnail","hentry","category-articulo","category-sliderinicio"],"yoast_head":"<!-- This site is optimized with the Yoast SEO plugin v27.2 - https:\/\/yoast.com\/product\/yoast-seo-wordpress\/ -->\n<title>Retomando el STI del Oriente de Cundinamarca - Corporacion PBA<\/title>\n<meta name=\"robots\" content=\"index, follow, max-snippet:-1, max-image-preview:large, max-video-preview:-1\" \/>\n<link rel=\"canonical\" href=\"https:\/\/corporacionpba.org\/nuevo\/retomando-el-sti-del-oriente-de-cundinamarca\/\" \/>\n<meta property=\"og:locale\" content=\"es_ES\" \/>\n<meta property=\"og:type\" content=\"article\" \/>\n<meta property=\"og:title\" content=\"Retomando el STI del Oriente de Cundinamarca - Corporacion PBA\" \/>\n<meta property=\"og:description\" content=\"Tras una pausa por los meses de pandemia, el Sistema Territorial de Innovaci\u00f3n (STI) el Oriente de Cundinamarca retom\u00f3 labores el pasado viernes 25 de septiembre. Lo hizo con una reuni\u00f3n virtual y presencial, en el municipio de Choach\u00ed, en la cual la Corporaci\u00f3n PBA realiz\u00f3 una presentaci\u00f3n sobre estos Sistemas y su importancia, y [&hellip;]\" \/>\n<meta property=\"og:url\" content=\"https:\/\/corporacionpba.org\/nuevo\/retomando-el-sti-del-oriente-de-cundinamarca\/\" \/>\n<meta property=\"og:site_name\" content=\"Corporacion PBA\" \/>\n<meta property=\"article:published_time\" content=\"2020-10-08T23:17:26+00:00\" \/>\n<meta property=\"og:image\" content=\"https:\/\/corporacionpba.org\/nuevo\/wp-content\/uploads\/2020\/10\/IMG_20200925_112534-2-2.jpg\" \/>\n\t<meta property=\"og:image:width\" content=\"600\" \/>\n\t<meta property=\"og:image:height\" content=\"600\" \/>\n\t<meta property=\"og:image:type\" content=\"image\/jpeg\" \/>\n<meta name=\"author\" content=\"Corporacion PBA\" \/>\n<meta name=\"twitter:card\" content=\"summary_large_image\" \/>\n<meta name=\"twitter:label1\" content=\"Escrito por\" \/>\n\t<meta name=\"twitter:data1\" content=\"Corporacion PBA\" \/>\n\t<meta name=\"twitter:label2\" content=\"Tiempo de lectura\" \/>\n\t<meta name=\"twitter:data2\" content=\"1 minuto\" \/>\n<script type=\"application\/ld+json\" class=\"yoast-schema-graph\">{\"@context\":\"https:\/\/schema.org\",\"@graph\":[{\"@type\":\"Article\",\"@id\":\"https:\/\/corporacionpba.org\/nuevo\/retomando-el-sti-del-oriente-de-cundinamarca\/#article\",\"isPartOf\":{\"@id\":\"https:\/\/corporacionpba.org\/nuevo\/retomando-el-sti-del-oriente-de-cundinamarca\/\"},\"author\":{\"name\":\"Corporacion PBA\",\"@id\":\"https:\/\/corporacionpba.org\/nuevo\/#\/schema\/person\/54fa2e5ef13523f0259b1707b99c11b8\"},\"headline\":\"Retomando el STI del Oriente de Cundinamarca\",\"datePublished\":\"2020-10-08T23:17:26+00:00\",\"mainEntityOfPage\":{\"@id\":\"https:\/\/corporacionpba.org\/nuevo\/retomando-el-sti-del-oriente-de-cundinamarca\/\"},\"wordCount\":193,\"commentCount\":0,\"image\":{\"@id\":\"https:\/\/corporacionpba.org\/nuevo\/retomando-el-sti-del-oriente-de-cundinamarca\/#primaryimage\"},\"thumbnailUrl\":\"https:\/\/corporacionpba.org\/nuevo\/wp-content\/uploads\/2020\/10\/IMG_20200925_112534-2-2.jpg\",\"articleSection\":[\"Art\u00edculo\",\"SliderINICIO\"],\"inLanguage\":\"es\",\"potentialAction\":[{\"@type\":\"CommentAction\",\"name\":\"Comment\",\"target\":[\"https:\/\/corporacionpba.org\/nuevo\/retomando-el-sti-del-oriente-de-cundinamarca\/#respond\"]}]},{\"@type\":\"WebPage\",\"@id\":\"https:\/\/corporacionpba.org\/nuevo\/retomando-el-sti-del-oriente-de-cundinamarca\/\",\"url\":\"https:\/\/corporacionpba.org\/nuevo\/retomando-el-sti-del-oriente-de-cundinamarca\/\",\"name\":\"Retomando el STI del Oriente de Cundinamarca - Corporacion PBA\",\"isPartOf\":{\"@id\":\"https:\/\/corporacionpba.org\/nuevo\/#website\"},\"primaryImageOfPage\":{\"@id\":\"https:\/\/corporacionpba.org\/nuevo\/retomando-el-sti-del-oriente-de-cundinamarca\/#primaryimage\"},\"image\":{\"@id\":\"https:\/\/corporacionpba.org\/nuevo\/retomando-el-sti-del-oriente-de-cundinamarca\/#primaryimage\"},\"thumbnailUrl\":\"https:\/\/corporacionpba.org\/nuevo\/wp-content\/uploads\/2020\/10\/IMG_20200925_112534-2-2.jpg\",\"datePublished\":\"2020-10-08T23:17:26+00:00\",\"author\":{\"@id\":\"https:\/\/corporacionpba.org\/nuevo\/#\/schema\/person\/54fa2e5ef13523f0259b1707b99c11b8\"},\"breadcrumb\":{\"@id\":\"https:\/\/corporacionpba.org\/nuevo\/retomando-el-sti-del-oriente-de-cundinamarca\/#breadcrumb\"},\"inLanguage\":\"es\",\"potentialAction\":[{\"@type\":\"ReadAction\",\"target\":[\"https:\/\/corporacionpba.org\/nuevo\/retomando-el-sti-del-oriente-de-cundinamarca\/\"]}]},{\"@type\":\"ImageObject\",\"inLanguage\":\"es\",\"@id\":\"https:\/\/corporacionpba.org\/nuevo\/retomando-el-sti-del-oriente-de-cundinamarca\/#primaryimage\",\"url\":\"https:\/\/corporacionpba.org\/nuevo\/wp-content\/uploads\/2020\/10\/IMG_20200925_112534-2-2.jpg\",\"contentUrl\":\"https:\/\/corporacionpba.org\/nuevo\/wp-content\/uploads\/2020\/10\/IMG_20200925_112534-2-2.jpg\",\"width\":600,\"height\":600},{\"@type\":\"BreadcrumbList\",\"@id\":\"https:\/\/corporacionpba.org\/nuevo\/retomando-el-sti-del-oriente-de-cundinamarca\/#breadcrumb\",\"itemListElement\":[{\"@type\":\"ListItem\",\"position\":1,\"name\":\"Portada\",\"item\":\"https:\/\/corporacionpba.org\/nuevo\/\"},{\"@type\":\"ListItem\",\"position\":2,\"name\":\"Retomando el STI del Oriente de Cundinamarca\"}]},{\"@type\":\"WebSite\",\"@id\":\"https:\/\/corporacionpba.org\/nuevo\/#website\",\"url\":\"https:\/\/corporacionpba.org\/nuevo\/\",\"name\":\"Corporacion PBA\",\"description\":\"Innovaci&oacute;n Rural para el Desarrollo\",\"potentialAction\":[{\"@type\":\"SearchAction\",\"target\":{\"@type\":\"EntryPoint\",\"urlTemplate\":\"https:\/\/corporacionpba.org\/nuevo\/?s={search_term_string}\"},\"query-input\":{\"@type\":\"PropertyValueSpecification\",\"valueRequired\":true,\"valueName\":\"search_term_string\"}}],\"inLanguage\":\"es\"},{\"@type\":\"Person\",\"@id\":\"https:\/\/corporacionpba.org\/nuevo\/#\/schema\/person\/54fa2e5ef13523f0259b1707b99c11b8\",\"name\":\"Corporacion PBA\",\"image\":{\"@type\":\"ImageObject\",\"inLanguage\":\"es\",\"@id\":\"https:\/\/secure.gravatar.com\/avatar\/2063c349439df46203f11a73c15ec3288b8d551168ba8c1a8410ff02770aa39b?s=96&d=mm&r=g\",\"url\":\"https:\/\/secure.gravatar.com\/avatar\/2063c349439df46203f11a73c15ec3288b8d551168ba8c1a8410ff02770aa39b?s=96&d=mm&r=g\",\"contentUrl\":\"https:\/\/secure.gravatar.com\/avatar\/2063c349439df46203f11a73c15ec3288b8d551168ba8c1a8410ff02770aa39b?s=96&d=mm&r=g\",\"caption\":\"Corporacion PBA\"},\"url\":\"https:\/\/corporacionpba.org\/nuevo\/author\/corpba\/\"}]}<\/script>\n<!-- \/ Yoast SEO plugin. -->","yoast_head_json":{"title":"Retomando el STI del Oriente de Cundinamarca - Corporacion PBA","robots":{"index":"index","follow":"follow","max-snippet":"max-snippet:-1","max-image-preview":"max-image-preview:large","max-video-preview":"max-video-preview:-1"},"canonical":"https:\/\/corporacionpba.org\/nuevo\/retomando-el-sti-del-oriente-de-cundinamarca\/","og_locale":"es_ES","og_type":"article","og_title":"Retomando el STI del Oriente de Cundinamarca - Corporacion PBA","og_description":"Tras una pausa por los meses de pandemia, el Sistema Territorial de Innovaci\u00f3n (STI) el Oriente de Cundinamarca retom\u00f3 labores el pasado viernes 25 de septiembre. Lo hizo con una reuni\u00f3n virtual y presencial, en el municipio de Choach\u00ed, en la cual la Corporaci\u00f3n PBA realiz\u00f3 una presentaci\u00f3n sobre estos Sistemas y su importancia, y [&hellip;]","og_url":"https:\/\/corporacionpba.org\/nuevo\/retomando-el-sti-del-oriente-de-cundinamarca\/","og_site_name":"Corporacion PBA","article_published_time":"2020-10-08T23:17:26+00:00","og_image":[{"width":600,"height":600,"url":"https:\/\/corporacionpba.org\/nuevo\/wp-content\/uploads\/2020\/10\/IMG_20200925_112534-2-2.jpg","type":"image\/jpeg"}],"author":"Corporacion PBA","twitter_card":"summary_large_image","twitter_misc":{"Escrito por":"Corporacion PBA","Tiempo de lectura":"1 minuto"},"schema":{"@context":"https:\/\/schema.org","@graph":[{"@type":"Article","@id":"https:\/\/corporacionpba.org\/nuevo\/retomando-el-sti-del-oriente-de-cundinamarca\/#article","isPartOf":{"@id":"https:\/\/corporacionpba.org\/nuevo\/retomando-el-sti-del-oriente-de-cundinamarca\/"},"author":{"name":"Corporacion PBA","@id":"https:\/\/corporacionpba.org\/nuevo\/#\/schema\/person\/54fa2e5ef13523f0259b1707b99c11b8"},"headline":"Retomando el STI del Oriente de Cundinamarca","datePublished":"2020-10-08T23:17:26+00:00","mainEntityOfPage":{"@id":"https:\/\/corporacionpba.org\/nuevo\/retomando-el-sti-del-oriente-de-cundinamarca\/"},"wordCount":193,"commentCount":0,"image":{"@id":"https:\/\/corporacionpba.org\/nuevo\/retomando-el-sti-del-oriente-de-cundinamarca\/#primaryimage"},"thumbnailUrl":"https:\/\/corporacionpba.org\/nuevo\/wp-content\/uploads\/2020\/10\/IMG_20200925_112534-2-2.jpg","articleSection":["Art\u00edculo","SliderINICIO"],"inLanguage":"es","potentialAction":[{"@type":"CommentAction","name":"Comment","target":["https:\/\/corporacionpba.org\/nuevo\/retomando-el-sti-del-oriente-de-cundinamarca\/#respond"]}]},{"@type":"WebPage","@id":"https:\/\/corporacionpba.org\/nuevo\/retomando-el-sti-del-oriente-de-cundinamarca\/","url":"https:\/\/corporacionpba.org\/nuevo\/retomando-el-sti-del-oriente-de-cundinamarca\/","name":"Retomando el STI del Oriente de Cundinamarca - Corporacion PBA","isPartOf":{"@id":"https:\/\/corporacionpba.org\/nuevo\/#website"},"primaryImageOfPage":{"@id":"https:\/\/corporacionpba.org\/nuevo\/retomando-el-sti-del-oriente-de-cundinamarca\/#primaryimage"},"image":{"@id":"https:\/\/corporacionpba.org\/nuevo\/retomando-el-sti-del-oriente-de-cundinamarca\/#primaryimage"},"thumbnailUrl":"https:\/\/corporacionpba.org\/nuevo\/wp-content\/uploads\/2020\/10\/IMG_20200925_112534-2-2.jpg","datePublished":"2020-10-08T23:17:26+00:00","author":{"@id":"https:\/\/corporacionpba.org\/nuevo\/#\/schema\/person\/54fa2e5ef13523f0259b1707b99c11b8"},"breadcrumb":{"@id":"https:\/\/corporacionpba.org\/nuevo\/retomando-el-sti-del-oriente-de-cundinamarca\/#breadcrumb"},"inLanguage":"es","potentialAction":[{"@type":"ReadAction","target":["https:\/\/corporacionpba.org\/nuevo\/retomando-el-sti-del-oriente-de-cundinamarca\/"]}]},{"@type":"ImageObject","inLanguage":"es","@id":"https:\/\/corporacionpba.org\/nuevo\/retomando-el-sti-del-oriente-de-cundinamarca\/#primaryimage","url":"https:\/\/corporacionpba.org\/nuevo\/wp-content\/uploads\/2020\/10\/IMG_20200925_112534-2-2.jpg","contentUrl":"https:\/\/corporacionpba.org\/nuevo\/wp-content\/uploads\/2020\/10\/IMG_20200925_112534-2-2.jpg","width":600,"height":600},{"@type":"BreadcrumbList","@id":"https:\/\/corporacionpba.org\/nuevo\/retomando-el-sti-del-oriente-de-cundinamarca\/#breadcrumb","itemListElement":[{"@type":"ListItem","position":1,"name":"Portada","item":"https:\/\/corporacionpba.org\/nuevo\/"},{"@type":"ListItem","position":2,"name":"Retomando el STI del Oriente de Cundinamarca"}]},{"@type":"WebSite","@id":"https:\/\/corporacionpba.org\/nuevo\/#website","url":"https:\/\/corporacionpba.org\/nuevo\/","name":"Corporacion PBA","description":"Innovaci&oacute;n Rural para el Desarrollo","potentialAction":[{"@type":"SearchAction","target":{"@type":"EntryPoint","urlTemplate":"https:\/\/corporacionpba.org\/nuevo\/?s={search_term_string}"},"query-input":{"@type":"PropertyValueSpecification","valueRequired":true,"valueName":"search_term_string"}}],"inLanguage":"es"},{"@type":"Person","@id":"https:\/\/corporacionpba.org\/nuevo\/#\/schema\/person\/54fa2e5ef13523f0259b1707b99c11b8","name":"Corporacion PBA","image":{"@type":"ImageObject","inLanguage":"es","@id":"https:\/\/secure.gravatar.com\/avatar\/2063c349439df46203f11a73c15ec3288b8d551168ba8c1a8410ff02770aa39b?s=96&d=mm&r=g","url":"https:\/\/secure.gravatar.com\/avatar\/2063c349439df46203f11a73c15ec3288b8d551168ba8c1a8410ff02770aa39b?s=96&d=mm&r=g","contentUrl":"https:\/\/secure.gravatar.com\/avatar\/2063c349439df46203f11a73c15ec3288b8d551168ba8c1a8410ff02770aa39b?s=96&d=mm&r=g","caption":"Corporacion PBA"},"url":"https:\/\/corporacionpba.org\/nuevo\/author\/corpba\/"}]}},"_links":{"self":[{"href":"https:\/\/corporacionpba.org\/nuevo\/wp-json\/wp\/v2\/posts\/1171","targetHints":{"allow":["GET"]}}],"collection":[{"href":"https:\/\/corporacionpba.org\/nuevo\/wp-json\/wp\/v2\/posts"}],"about":[{"href":"https:\/\/corporacionpba.org\/nuevo\/wp-json\/wp\/v2\/types\/post"}],"author":[{"embeddable":true,"href":"https:\/\/corporacionpba.org\/nuevo\/wp-json\/wp\/v2\/users\/2"}],"replies":[{"embeddable":true,"href":"https:\/\/corporacionpba.org\/nuevo\/wp-json\/wp\/v2\/comments?post=1171"}],"version-history":[{"count":1,"href":"https:\/\/corporacionpba.org\/nuevo\/wp-json\/wp\/v2\/posts\/1171\/revisions"}],"predecessor-version":[{"id":1174,"href":"https:\/\/corporacionpba.org\/nuevo\/wp-json\/wp\/v2\/posts\/1171\/revisions\/1174"}],"wp:featuredmedia":[{"embeddable":true,"href":"https:\/\/corporacionpba.org\/nuevo\/wp-json\/wp\/v2\/media\/1173"}],"wp:attachment":[{"href":"https:\/\/corporacionpba.org\/nuevo\/wp-json\/wp\/v2\/media?parent=1171"}],"wp:term":[{"taxonomy":"category","embeddable":true,"href":"https:\/\/corporacionpba.org\/nuevo\/wp-json\/wp\/v2\/categories?post=1171"},{"taxonomy":"post_tag","embeddable":true,"href":"https:\/\/corporacionpba.org\/nuevo\/wp-json\/wp\/v2\/tags?post=1171"}],"curies":[{"name":"wp","href":"https:\/\/api.w.org\/{rel}","templated":true}]}}