{"id":1177,"date":"2020-11-18T17:50:20","date_gmt":"2020-11-18T17:50:20","guid":{"rendered":"https:\/\/corporacionpba.org\/nuevo\/?p=1177"},"modified":"2020-11-18T17:53:30","modified_gmt":"2020-11-18T17:53:30","slug":"cada-vez-son-mas-los-comunicadores-y-multiplicadores-rurales","status":"publish","type":"post","link":"https:\/\/corporacionpba.org\/nuevo\/cada-vez-son-mas-los-comunicadores-y-multiplicadores-rurales\/","title":{"rendered":"Cada vez son m\u00e1s los comunicadores y multiplicadores rurales"},"content":{"rendered":"<p><img loading=\"lazy\" decoding=\"async\" class=\"size-medium wp-image-1178 alignnone\" src=\"https:\/\/corporacionpba.org\/nuevo\/wp-content\/uploads\/2020\/11\/IMG_7857-2-2-300x300.jpg\" alt=\"\" width=\"300\" height=\"300\" srcset=\"https:\/\/corporacionpba.org\/nuevo\/wp-content\/uploads\/2020\/11\/IMG_7857-2-2-300x300.jpg 300w, https:\/\/corporacionpba.org\/nuevo\/wp-content\/uploads\/2020\/11\/IMG_7857-2-2-150x150.jpg 150w, https:\/\/corporacionpba.org\/nuevo\/wp-content\/uploads\/2020\/11\/IMG_7857-2-2.jpg 600w\" sizes=\"auto, (max-width: 300px) 100vw, 300px\" \/>\u00a0 \u00a0 \u00a0 \u00a0 \u00a0 \u00a0 \u00a0 \u00a0 \u00a0 \u00a0 \u00a0 \u00a0 \u00a0 \u00a0 \u00a0 \u00a0\u00a0<img loading=\"lazy\" decoding=\"async\" class=\"size-medium wp-image-1179 alignnone\" src=\"https:\/\/corporacionpba.org\/nuevo\/wp-content\/uploads\/2020\/11\/IMG_7813-2-2-300x300.jpg\" alt=\"\" width=\"300\" height=\"300\" srcset=\"https:\/\/corporacionpba.org\/nuevo\/wp-content\/uploads\/2020\/11\/IMG_7813-2-2-300x300.jpg 300w, https:\/\/corporacionpba.org\/nuevo\/wp-content\/uploads\/2020\/11\/IMG_7813-2-2-150x150.jpg 150w, https:\/\/corporacionpba.org\/nuevo\/wp-content\/uploads\/2020\/11\/IMG_7813-2-2.jpg 600w\" sizes=\"auto, (max-width: 300px) 100vw, 300px\" \/><\/p>\n<p>La formaci\u00f3n de peque\u00f1os productores como multiplicadores y\/o comunicadores rurales es uno de los grandes \u00e9xitos de la metodolog\u00eda de Innovaci\u00f3n Rural Participativa (IRP) de la Corporaci\u00f3n PBA. Con estas formaciones los productores no solo se empoderan, sino que tambi\u00e9n adquieren herramientas y conocimientos para la multiplicaci\u00f3n de sus experiencias e investigaciones, en el primer caso, y para divulgar los avances de sus organizaciones y comunidades a trav\u00e9s de las TIC, en el segundo caso.<\/p>\n<p>Como parte de este proceso, la Corporaci\u00f3n ha formado cientos de productores en distintas regiones del pa\u00eds, y en otros pa\u00edses andinos. Este trabajo empez\u00f3 hace varios a\u00f1os y hoy en d\u00eda contin\u00faa vigente, cogiendo cada vez m\u00e1s fuerza. La segunda semana de noviembre del presente a\u00f1o le toc\u00f3 el turno al departamento del Tolima. Durante esos d\u00edas se estuvieron formando, en Alvarado, productores de distintos corregimientos de los municipios de Alvarado y Piedras como comunicadores -los primeros d\u00edas- y como multiplicadores -a mediados y finales de semana.<\/p>\n<p>Fue un trabajo intenso, de cinco d\u00edas de duraci\u00f3n, pero que tuvo varios frutos. El taller de comunicadores emocion\u00f3 a nueve productores quienes conocieron y se acercaron a las distintas herramientas que ofrece la comunicaci\u00f3n y empezaron a producir contenidos period\u00edsticos -noticias y reportajes escritos. Los multiplicadores, por su parte, estuvieron muy participativos y comprometidos con su formaci\u00f3n en el segundo taller presencial, de los tres encuentros programados.<\/p>\n<p>Actividades como estas reflejan el enorme inter\u00e9s que tienen los productores rurales por aprender cosas nuevas en beneficio de sus organizaciones y en pro del desarrollo de sus territorios. Igualmente, reiteran la importancia de continuar con este tipo de labores en los distintos municipios y regiones del pa\u00eds.<\/p>\n","protected":false},"excerpt":{"rendered":"<p>\u00a0 \u00a0 \u00a0 \u00a0 \u00a0 \u00a0 \u00a0 \u00a0 \u00a0 \u00a0 \u00a0 \u00a0 \u00a0 \u00a0 \u00a0 \u00a0\u00a0 La formaci\u00f3n de peque\u00f1os productores como multiplicadores y\/o comunicadores rurales es uno de los grandes \u00e9xitos de la metodolog\u00eda de Innovaci\u00f3n Rural Participativa (IRP) de la Corporaci\u00f3n PBA. Con estas formaciones los productores no solo se empoderan, sino que [&hellip;]<\/p>\n","protected":false},"author":2,"featured_media":1178,"comment_status":"open","ping_status":"open","sticky":false,"template":"","format":"standard","meta":{"_et_pb_use_builder":"","_et_pb_old_content":"","footnotes":""},"categories":[11,13],"tags":[],"class_list":["post-1177","post","type-post","status-publish","format-standard","has-post-thumbnail","hentry","category-articulo","category-sliderinicio"],"yoast_head":"<!-- This site is optimized with the Yoast SEO plugin v27.2 - https:\/\/yoast.com\/product\/yoast-seo-wordpress\/ -->\n<title>Cada vez son m\u00e1s los comunicadores y multiplicadores rurales - Corporacion PBA<\/title>\n<meta name=\"robots\" content=\"index, follow, max-snippet:-1, max-image-preview:large, max-video-preview:-1\" \/>\n<link rel=\"canonical\" href=\"https:\/\/corporacionpba.org\/nuevo\/cada-vez-son-mas-los-comunicadores-y-multiplicadores-rurales\/\" \/>\n<meta property=\"og:locale\" content=\"es_ES\" \/>\n<meta property=\"og:type\" content=\"article\" \/>\n<meta property=\"og:title\" content=\"Cada vez son m\u00e1s los comunicadores y multiplicadores rurales - Corporacion PBA\" \/>\n<meta property=\"og:description\" content=\"\u00a0 \u00a0 \u00a0 \u00a0 \u00a0 \u00a0 \u00a0 \u00a0 \u00a0 \u00a0 \u00a0 \u00a0 \u00a0 \u00a0 \u00a0 \u00a0\u00a0 La formaci\u00f3n de peque\u00f1os productores como multiplicadores y\/o comunicadores rurales es uno de los grandes \u00e9xitos de la metodolog\u00eda de Innovaci\u00f3n Rural Participativa (IRP) de la Corporaci\u00f3n PBA. Con estas formaciones los productores no solo se empoderan, sino que [&hellip;]\" \/>\n<meta property=\"og:url\" content=\"https:\/\/corporacionpba.org\/nuevo\/cada-vez-son-mas-los-comunicadores-y-multiplicadores-rurales\/\" \/>\n<meta property=\"og:site_name\" content=\"Corporacion PBA\" \/>\n<meta property=\"article:published_time\" content=\"2020-11-18T17:50:20+00:00\" \/>\n<meta property=\"article:modified_time\" content=\"2020-11-18T17:53:30+00:00\" \/>\n<meta property=\"og:image\" content=\"https:\/\/corporacionpba.org\/nuevo\/wp-content\/uploads\/2020\/11\/IMG_7857-2-2.jpg\" \/>\n\t<meta property=\"og:image:width\" content=\"600\" \/>\n\t<meta property=\"og:image:height\" content=\"600\" \/>\n\t<meta property=\"og:image:type\" content=\"image\/jpeg\" \/>\n<meta name=\"author\" content=\"Corporacion PBA\" \/>\n<meta name=\"twitter:card\" content=\"summary_large_image\" \/>\n<meta name=\"twitter:label1\" content=\"Escrito por\" \/>\n\t<meta name=\"twitter:data1\" content=\"Corporacion PBA\" \/>\n\t<meta name=\"twitter:label2\" content=\"Tiempo de lectura\" \/>\n\t<meta name=\"twitter:data2\" content=\"2 minutos\" \/>\n<script type=\"application\/ld+json\" class=\"yoast-schema-graph\">{\"@context\":\"https:\/\/schema.org\",\"@graph\":[{\"@type\":\"Article\",\"@id\":\"https:\/\/corporacionpba.org\/nuevo\/cada-vez-son-mas-los-comunicadores-y-multiplicadores-rurales\/#article\",\"isPartOf\":{\"@id\":\"https:\/\/corporacionpba.org\/nuevo\/cada-vez-son-mas-los-comunicadores-y-multiplicadores-rurales\/\"},\"author\":{\"name\":\"Corporacion PBA\",\"@id\":\"https:\/\/corporacionpba.org\/nuevo\/#\/schema\/person\/54fa2e5ef13523f0259b1707b99c11b8\"},\"headline\":\"Cada vez son m\u00e1s los comunicadores y multiplicadores rurales\",\"datePublished\":\"2020-11-18T17:50:20+00:00\",\"dateModified\":\"2020-11-18T17:53:30+00:00\",\"mainEntityOfPage\":{\"@id\":\"https:\/\/corporacionpba.org\/nuevo\/cada-vez-son-mas-los-comunicadores-y-multiplicadores-rurales\/\"},\"wordCount\":315,\"commentCount\":0,\"image\":{\"@id\":\"https:\/\/corporacionpba.org\/nuevo\/cada-vez-son-mas-los-comunicadores-y-multiplicadores-rurales\/#primaryimage\"},\"thumbnailUrl\":\"https:\/\/corporacionpba.org\/nuevo\/wp-content\/uploads\/2020\/11\/IMG_7857-2-2.jpg\",\"articleSection\":[\"Art\u00edculo\",\"SliderINICIO\"],\"inLanguage\":\"es\",\"potentialAction\":[{\"@type\":\"CommentAction\",\"name\":\"Comment\",\"target\":[\"https:\/\/corporacionpba.org\/nuevo\/cada-vez-son-mas-los-comunicadores-y-multiplicadores-rurales\/#respond\"]}]},{\"@type\":\"WebPage\",\"@id\":\"https:\/\/corporacionpba.org\/nuevo\/cada-vez-son-mas-los-comunicadores-y-multiplicadores-rurales\/\",\"url\":\"https:\/\/corporacionpba.org\/nuevo\/cada-vez-son-mas-los-comunicadores-y-multiplicadores-rurales\/\",\"name\":\"Cada vez son m\u00e1s los comunicadores y multiplicadores rurales - Corporacion PBA\",\"isPartOf\":{\"@id\":\"https:\/\/corporacionpba.org\/nuevo\/#website\"},\"primaryImageOfPage\":{\"@id\":\"https:\/\/corporacionpba.org\/nuevo\/cada-vez-son-mas-los-comunicadores-y-multiplicadores-rurales\/#primaryimage\"},\"image\":{\"@id\":\"https:\/\/corporacionpba.org\/nuevo\/cada-vez-son-mas-los-comunicadores-y-multiplicadores-rurales\/#primaryimage\"},\"thumbnailUrl\":\"https:\/\/corporacionpba.org\/nuevo\/wp-content\/uploads\/2020\/11\/IMG_7857-2-2.jpg\",\"datePublished\":\"2020-11-18T17:50:20+00:00\",\"dateModified\":\"2020-11-18T17:53:30+00:00\",\"author\":{\"@id\":\"https:\/\/corporacionpba.org\/nuevo\/#\/schema\/person\/54fa2e5ef13523f0259b1707b99c11b8\"},\"breadcrumb\":{\"@id\":\"https:\/\/corporacionpba.org\/nuevo\/cada-vez-son-mas-los-comunicadores-y-multiplicadores-rurales\/#breadcrumb\"},\"inLanguage\":\"es\",\"potentialAction\":[{\"@type\":\"ReadAction\",\"target\":[\"https:\/\/corporacionpba.org\/nuevo\/cada-vez-son-mas-los-comunicadores-y-multiplicadores-rurales\/\"]}]},{\"@type\":\"ImageObject\",\"inLanguage\":\"es\",\"@id\":\"https:\/\/corporacionpba.org\/nuevo\/cada-vez-son-mas-los-comunicadores-y-multiplicadores-rurales\/#primaryimage\",\"url\":\"https:\/\/corporacionpba.org\/nuevo\/wp-content\/uploads\/2020\/11\/IMG_7857-2-2.jpg\",\"contentUrl\":\"https:\/\/corporacionpba.org\/nuevo\/wp-content\/uploads\/2020\/11\/IMG_7857-2-2.jpg\",\"width\":600,\"height\":600},{\"@type\":\"BreadcrumbList\",\"@id\":\"https:\/\/corporacionpba.org\/nuevo\/cada-vez-son-mas-los-comunicadores-y-multiplicadores-rurales\/#breadcrumb\",\"itemListElement\":[{\"@type\":\"ListItem\",\"position\":1,\"name\":\"Portada\",\"item\":\"https:\/\/corporacionpba.org\/nuevo\/\"},{\"@type\":\"ListItem\",\"position\":2,\"name\":\"Cada vez son m\u00e1s los comunicadores y multiplicadores rurales\"}]},{\"@type\":\"WebSite\",\"@id\":\"https:\/\/corporacionpba.org\/nuevo\/#website\",\"url\":\"https:\/\/corporacionpba.org\/nuevo\/\",\"name\":\"Corporacion PBA\",\"description\":\"Innovaci&oacute;n Rural para el Desarrollo\",\"potentialAction\":[{\"@type\":\"SearchAction\",\"target\":{\"@type\":\"EntryPoint\",\"urlTemplate\":\"https:\/\/corporacionpba.org\/nuevo\/?s={search_term_string}\"},\"query-input\":{\"@type\":\"PropertyValueSpecification\",\"valueRequired\":true,\"valueName\":\"search_term_string\"}}],\"inLanguage\":\"es\"},{\"@type\":\"Person\",\"@id\":\"https:\/\/corporacionpba.org\/nuevo\/#\/schema\/person\/54fa2e5ef13523f0259b1707b99c11b8\",\"name\":\"Corporacion PBA\",\"image\":{\"@type\":\"ImageObject\",\"inLanguage\":\"es\",\"@id\":\"https:\/\/secure.gravatar.com\/avatar\/2063c349439df46203f11a73c15ec3288b8d551168ba8c1a8410ff02770aa39b?s=96&d=mm&r=g\",\"url\":\"https:\/\/secure.gravatar.com\/avatar\/2063c349439df46203f11a73c15ec3288b8d551168ba8c1a8410ff02770aa39b?s=96&d=mm&r=g\",\"contentUrl\":\"https:\/\/secure.gravatar.com\/avatar\/2063c349439df46203f11a73c15ec3288b8d551168ba8c1a8410ff02770aa39b?s=96&d=mm&r=g\",\"caption\":\"Corporacion PBA\"},\"url\":\"https:\/\/corporacionpba.org\/nuevo\/author\/corpba\/\"}]}<\/script>\n<!-- \/ Yoast SEO plugin. -->","yoast_head_json":{"title":"Cada vez son m\u00e1s los comunicadores y multiplicadores rurales - Corporacion PBA","robots":{"index":"index","follow":"follow","max-snippet":"max-snippet:-1","max-image-preview":"max-image-preview:large","max-video-preview":"max-video-preview:-1"},"canonical":"https:\/\/corporacionpba.org\/nuevo\/cada-vez-son-mas-los-comunicadores-y-multiplicadores-rurales\/","og_locale":"es_ES","og_type":"article","og_title":"Cada vez son m\u00e1s los comunicadores y multiplicadores rurales - Corporacion PBA","og_description":"\u00a0 \u00a0 \u00a0 \u00a0 \u00a0 \u00a0 \u00a0 \u00a0 \u00a0 \u00a0 \u00a0 \u00a0 \u00a0 \u00a0 \u00a0 \u00a0\u00a0 La formaci\u00f3n de peque\u00f1os productores como multiplicadores y\/o comunicadores rurales es uno de los grandes \u00e9xitos de la metodolog\u00eda de Innovaci\u00f3n Rural Participativa (IRP) de la Corporaci\u00f3n PBA. Con estas formaciones los productores no solo se empoderan, sino que [&hellip;]","og_url":"https:\/\/corporacionpba.org\/nuevo\/cada-vez-son-mas-los-comunicadores-y-multiplicadores-rurales\/","og_site_name":"Corporacion PBA","article_published_time":"2020-11-18T17:50:20+00:00","article_modified_time":"2020-11-18T17:53:30+00:00","og_image":[{"width":600,"height":600,"url":"https:\/\/corporacionpba.org\/nuevo\/wp-content\/uploads\/2020\/11\/IMG_7857-2-2.jpg","type":"image\/jpeg"}],"author":"Corporacion PBA","twitter_card":"summary_large_image","twitter_misc":{"Escrito por":"Corporacion PBA","Tiempo de lectura":"2 minutos"},"schema":{"@context":"https:\/\/schema.org","@graph":[{"@type":"Article","@id":"https:\/\/corporacionpba.org\/nuevo\/cada-vez-son-mas-los-comunicadores-y-multiplicadores-rurales\/#article","isPartOf":{"@id":"https:\/\/corporacionpba.org\/nuevo\/cada-vez-son-mas-los-comunicadores-y-multiplicadores-rurales\/"},"author":{"name":"Corporacion PBA","@id":"https:\/\/corporacionpba.org\/nuevo\/#\/schema\/person\/54fa2e5ef13523f0259b1707b99c11b8"},"headline":"Cada vez son m\u00e1s los comunicadores y multiplicadores rurales","datePublished":"2020-11-18T17:50:20+00:00","dateModified":"2020-11-18T17:53:30+00:00","mainEntityOfPage":{"@id":"https:\/\/corporacionpba.org\/nuevo\/cada-vez-son-mas-los-comunicadores-y-multiplicadores-rurales\/"},"wordCount":315,"commentCount":0,"image":{"@id":"https:\/\/corporacionpba.org\/nuevo\/cada-vez-son-mas-los-comunicadores-y-multiplicadores-rurales\/#primaryimage"},"thumbnailUrl":"https:\/\/corporacionpba.org\/nuevo\/wp-content\/uploads\/2020\/11\/IMG_7857-2-2.jpg","articleSection":["Art\u00edculo","SliderINICIO"],"inLanguage":"es","potentialAction":[{"@type":"CommentAction","name":"Comment","target":["https:\/\/corporacionpba.org\/nuevo\/cada-vez-son-mas-los-comunicadores-y-multiplicadores-rurales\/#respond"]}]},{"@type":"WebPage","@id":"https:\/\/corporacionpba.org\/nuevo\/cada-vez-son-mas-los-comunicadores-y-multiplicadores-rurales\/","url":"https:\/\/corporacionpba.org\/nuevo\/cada-vez-son-mas-los-comunicadores-y-multiplicadores-rurales\/","name":"Cada vez son m\u00e1s los comunicadores y multiplicadores rurales - Corporacion PBA","isPartOf":{"@id":"https:\/\/corporacionpba.org\/nuevo\/#website"},"primaryImageOfPage":{"@id":"https:\/\/corporacionpba.org\/nuevo\/cada-vez-son-mas-los-comunicadores-y-multiplicadores-rurales\/#primaryimage"},"image":{"@id":"https:\/\/corporacionpba.org\/nuevo\/cada-vez-son-mas-los-comunicadores-y-multiplicadores-rurales\/#primaryimage"},"thumbnailUrl":"https:\/\/corporacionpba.org\/nuevo\/wp-content\/uploads\/2020\/11\/IMG_7857-2-2.jpg","datePublished":"2020-11-18T17:50:20+00:00","dateModified":"2020-11-18T17:53:30+00:00","author":{"@id":"https:\/\/corporacionpba.org\/nuevo\/#\/schema\/person\/54fa2e5ef13523f0259b1707b99c11b8"},"breadcrumb":{"@id":"https:\/\/corporacionpba.org\/nuevo\/cada-vez-son-mas-los-comunicadores-y-multiplicadores-rurales\/#breadcrumb"},"inLanguage":"es","potentialAction":[{"@type":"ReadAction","target":["https:\/\/corporacionpba.org\/nuevo\/cada-vez-son-mas-los-comunicadores-y-multiplicadores-rurales\/"]}]},{"@type":"ImageObject","inLanguage":"es","@id":"https:\/\/corporacionpba.org\/nuevo\/cada-vez-son-mas-los-comunicadores-y-multiplicadores-rurales\/#primaryimage","url":"https:\/\/corporacionpba.org\/nuevo\/wp-content\/uploads\/2020\/11\/IMG_7857-2-2.jpg","contentUrl":"https:\/\/corporacionpba.org\/nuevo\/wp-content\/uploads\/2020\/11\/IMG_7857-2-2.jpg","width":600,"height":600},{"@type":"BreadcrumbList","@id":"https:\/\/corporacionpba.org\/nuevo\/cada-vez-son-mas-los-comunicadores-y-multiplicadores-rurales\/#breadcrumb","itemListElement":[{"@type":"ListItem","position":1,"name":"Portada","item":"https:\/\/corporacionpba.org\/nuevo\/"},{"@type":"ListItem","position":2,"name":"Cada vez son m\u00e1s los comunicadores y multiplicadores rurales"}]},{"@type":"WebSite","@id":"https:\/\/corporacionpba.org\/nuevo\/#website","url":"https:\/\/corporacionpba.org\/nuevo\/","name":"Corporacion PBA","description":"Innovaci&oacute;n Rural para el Desarrollo","potentialAction":[{"@type":"SearchAction","target":{"@type":"EntryPoint","urlTemplate":"https:\/\/corporacionpba.org\/nuevo\/?s={search_term_string}"},"query-input":{"@type":"PropertyValueSpecification","valueRequired":true,"valueName":"search_term_string"}}],"inLanguage":"es"},{"@type":"Person","@id":"https:\/\/corporacionpba.org\/nuevo\/#\/schema\/person\/54fa2e5ef13523f0259b1707b99c11b8","name":"Corporacion PBA","image":{"@type":"ImageObject","inLanguage":"es","@id":"https:\/\/secure.gravatar.com\/avatar\/2063c349439df46203f11a73c15ec3288b8d551168ba8c1a8410ff02770aa39b?s=96&d=mm&r=g","url":"https:\/\/secure.gravatar.com\/avatar\/2063c349439df46203f11a73c15ec3288b8d551168ba8c1a8410ff02770aa39b?s=96&d=mm&r=g","contentUrl":"https:\/\/secure.gravatar.com\/avatar\/2063c349439df46203f11a73c15ec3288b8d551168ba8c1a8410ff02770aa39b?s=96&d=mm&r=g","caption":"Corporacion PBA"},"url":"https:\/\/corporacionpba.org\/nuevo\/author\/corpba\/"}]}},"_links":{"self":[{"href":"https:\/\/corporacionpba.org\/nuevo\/wp-json\/wp\/v2\/posts\/1177","targetHints":{"allow":["GET"]}}],"collection":[{"href":"https:\/\/corporacionpba.org\/nuevo\/wp-json\/wp\/v2\/posts"}],"about":[{"href":"https:\/\/corporacionpba.org\/nuevo\/wp-json\/wp\/v2\/types\/post"}],"author":[{"embeddable":true,"href":"https:\/\/corporacionpba.org\/nuevo\/wp-json\/wp\/v2\/users\/2"}],"replies":[{"embeddable":true,"href":"https:\/\/corporacionpba.org\/nuevo\/wp-json\/wp\/v2\/comments?post=1177"}],"version-history":[{"count":2,"href":"https:\/\/corporacionpba.org\/nuevo\/wp-json\/wp\/v2\/posts\/1177\/revisions"}],"predecessor-version":[{"id":1181,"href":"https:\/\/corporacionpba.org\/nuevo\/wp-json\/wp\/v2\/posts\/1177\/revisions\/1181"}],"wp:featuredmedia":[{"embeddable":true,"href":"https:\/\/corporacionpba.org\/nuevo\/wp-json\/wp\/v2\/media\/1178"}],"wp:attachment":[{"href":"https:\/\/corporacionpba.org\/nuevo\/wp-json\/wp\/v2\/media?parent=1177"}],"wp:term":[{"taxonomy":"category","embeddable":true,"href":"https:\/\/corporacionpba.org\/nuevo\/wp-json\/wp\/v2\/categories?post=1177"},{"taxonomy":"post_tag","embeddable":true,"href":"https:\/\/corporacionpba.org\/nuevo\/wp-json\/wp\/v2\/tags?post=1177"}],"curies":[{"name":"wp","href":"https:\/\/api.w.org\/{rel}","templated":true}]}}