{"id":1183,"date":"2020-12-02T17:00:27","date_gmt":"2020-12-02T17:00:27","guid":{"rendered":"https:\/\/corporacionpba.org\/nuevo\/?p=1183"},"modified":"2020-12-02T17:00:27","modified_gmt":"2020-12-02T17:00:27","slug":"proyecto-de-mujeres-lideres-en-expansion","status":"publish","type":"post","link":"https:\/\/corporacionpba.org\/nuevo\/proyecto-de-mujeres-lideres-en-expansion\/","title":{"rendered":"Proyecto de mujeres l\u00edderes en expansi\u00f3n"},"content":{"rendered":"<p><img loading=\"lazy\" decoding=\"async\" class=\"size-medium wp-image-1184 aligncenter\" src=\"https:\/\/corporacionpba.org\/nuevo\/wp-content\/uploads\/2020\/12\/nwdn_file_temp_1606339706793-2-2-300x300.jpg\" alt=\"\" width=\"300\" height=\"300\" srcset=\"https:\/\/corporacionpba.org\/nuevo\/wp-content\/uploads\/2020\/12\/nwdn_file_temp_1606339706793-2-2-300x300.jpg 300w, https:\/\/corporacionpba.org\/nuevo\/wp-content\/uploads\/2020\/12\/nwdn_file_temp_1606339706793-2-2-150x150.jpg 150w, https:\/\/corporacionpba.org\/nuevo\/wp-content\/uploads\/2020\/12\/nwdn_file_temp_1606339706793-2-2.jpg 600w\" sizes=\"auto, (max-width: 300px) 100vw, 300px\" \/><\/p>\n<p>La asociaci\u00f3n de mujeres cafeteras de Villa Mercedes (ASMUCAVIME) se encuentra en un momento de crecimiento y desarrollo.<\/p>\n<p>ASMUCAVIME es una asociaci\u00f3n conformada por 17 mujeres l\u00edderes, ubicada en la vereda Villa Mercedes del municipio de La Plata, Huila, que se centra en el cultivo y venta de caf\u00e9 pergamino seco de alta calidad. Actualmente est\u00e1 vinculada a las cooperativas GLOBAL CAF\u00c9, CADEFIHUILA y COOFEEOCCIDENTE y a las exportadoras RACAF\u00c9 y CONDOR.<\/p>\n<p>En la b\u00fasqueda por mejorar su producto y obtener una mayor calidad, la asociaci\u00f3n ASMUCAVIME, con el acompa\u00f1amiento de la Corporaci\u00f3n PBA -y el apoyo de la Fundaci\u00f3n Bol\u00edvar Davivienda y Racaf\u00e9-, se ha ido incorporando a la producci\u00f3n de productos biopreparados como: abonos org\u00e1nicos, caldo de ceniza, s\u00faper magro y bocachi. Debido a esta nueva iniciativa se construy\u00f3 una biof\u00e1brica, hace alrededor de un a\u00f1o, en la sede principal de la organizaci\u00f3n, en la cual se llevan a cabo todos los procesos de preparaci\u00f3n. Consecuentemente se predestin\u00f3 un lote de caf\u00e9 que cuenta con 300 plantas, a las cuales se les aplicar\u00e1 los biopreparados producidos por las productoras.<\/p>\n<p>Esta iniciativa ha sido tan grande y benefactora que la asociaci\u00f3n tom\u00f3 la decisi\u00f3n de construir un nuevo establecimiento en la vereda Villa Esperanza, en octubre del presente a\u00f1o. Esto llev\u00f3 a que, actualmente, ASMUCAVIME cuente con el doble de la producci\u00f3n de sus productos org\u00e1nicos (abonos, caldo de ceniza, bocachi).<\/p>\n<p>Tras meses de brindarle atenci\u00f3n, cuidado y de aplicarle al lote los fertilizantes y abonos, finalmente se realiz\u00f3, a principios de noviembre, la primera recolecta de los granos de caf\u00e9. Durante este tiempo el producto se ha mantenido en proceso de secado y se espera llevar pronto la muestra al laboratorio para poder observar la calidad que ofrece un caf\u00e9 libre de fertilizantes qu\u00edmicos y amigable con el ecosistema.<\/p>\n<p>Por: Luis Ramos<\/p>\n<p>Comunicador Rural<\/p>\n","protected":false},"excerpt":{"rendered":"<p>La asociaci\u00f3n de mujeres cafeteras de Villa Mercedes (ASMUCAVIME) se encuentra en un momento de crecimiento y desarrollo. ASMUCAVIME es una asociaci\u00f3n conformada por 17 mujeres l\u00edderes, ubicada en la vereda Villa Mercedes del municipio de La Plata, Huila, que se centra en el cultivo y venta de caf\u00e9 pergamino seco de alta calidad. Actualmente [&hellip;]<\/p>\n","protected":false},"author":2,"featured_media":1184,"comment_status":"open","ping_status":"open","sticky":false,"template":"","format":"standard","meta":{"_et_pb_use_builder":"","_et_pb_old_content":"","footnotes":""},"categories":[11,13],"tags":[],"class_list":["post-1183","post","type-post","status-publish","format-standard","has-post-thumbnail","hentry","category-articulo","category-sliderinicio"],"yoast_head":"<!-- This site is optimized with the Yoast SEO plugin v27.2 - https:\/\/yoast.com\/product\/yoast-seo-wordpress\/ -->\n<title>Proyecto de mujeres l\u00edderes en expansi\u00f3n - Corporacion PBA<\/title>\n<meta name=\"robots\" content=\"index, follow, max-snippet:-1, max-image-preview:large, max-video-preview:-1\" \/>\n<link rel=\"canonical\" href=\"https:\/\/corporacionpba.org\/nuevo\/proyecto-de-mujeres-lideres-en-expansion\/\" \/>\n<meta property=\"og:locale\" content=\"es_ES\" \/>\n<meta property=\"og:type\" content=\"article\" \/>\n<meta property=\"og:title\" content=\"Proyecto de mujeres l\u00edderes en expansi\u00f3n - Corporacion PBA\" \/>\n<meta property=\"og:description\" content=\"La asociaci\u00f3n de mujeres cafeteras de Villa Mercedes (ASMUCAVIME) se encuentra en un momento de crecimiento y desarrollo. ASMUCAVIME es una asociaci\u00f3n conformada por 17 mujeres l\u00edderes, ubicada en la vereda Villa Mercedes del municipio de La Plata, Huila, que se centra en el cultivo y venta de caf\u00e9 pergamino seco de alta calidad. Actualmente [&hellip;]\" \/>\n<meta property=\"og:url\" content=\"https:\/\/corporacionpba.org\/nuevo\/proyecto-de-mujeres-lideres-en-expansion\/\" \/>\n<meta property=\"og:site_name\" content=\"Corporacion PBA\" \/>\n<meta property=\"article:published_time\" content=\"2020-12-02T17:00:27+00:00\" \/>\n<meta property=\"og:image\" content=\"https:\/\/corporacionpba.org\/nuevo\/wp-content\/uploads\/2020\/12\/nwdn_file_temp_1606339706793-2-2.jpg\" \/>\n\t<meta property=\"og:image:width\" content=\"600\" \/>\n\t<meta property=\"og:image:height\" content=\"600\" \/>\n\t<meta property=\"og:image:type\" content=\"image\/jpeg\" \/>\n<meta name=\"author\" content=\"Corporacion PBA\" \/>\n<meta name=\"twitter:card\" content=\"summary_large_image\" \/>\n<meta name=\"twitter:label1\" content=\"Escrito por\" \/>\n\t<meta name=\"twitter:data1\" content=\"Corporacion PBA\" \/>\n\t<meta name=\"twitter:label2\" content=\"Tiempo de lectura\" \/>\n\t<meta name=\"twitter:data2\" content=\"2 minutos\" \/>\n<script type=\"application\/ld+json\" class=\"yoast-schema-graph\">{\"@context\":\"https:\/\/schema.org\",\"@graph\":[{\"@type\":\"Article\",\"@id\":\"https:\/\/corporacionpba.org\/nuevo\/proyecto-de-mujeres-lideres-en-expansion\/#article\",\"isPartOf\":{\"@id\":\"https:\/\/corporacionpba.org\/nuevo\/proyecto-de-mujeres-lideres-en-expansion\/\"},\"author\":{\"name\":\"Corporacion PBA\",\"@id\":\"https:\/\/corporacionpba.org\/nuevo\/#\/schema\/person\/54fa2e5ef13523f0259b1707b99c11b8\"},\"headline\":\"Proyecto de mujeres l\u00edderes en expansi\u00f3n\",\"datePublished\":\"2020-12-02T17:00:27+00:00\",\"mainEntityOfPage\":{\"@id\":\"https:\/\/corporacionpba.org\/nuevo\/proyecto-de-mujeres-lideres-en-expansion\/\"},\"wordCount\":336,\"commentCount\":0,\"image\":{\"@id\":\"https:\/\/corporacionpba.org\/nuevo\/proyecto-de-mujeres-lideres-en-expansion\/#primaryimage\"},\"thumbnailUrl\":\"https:\/\/corporacionpba.org\/nuevo\/wp-content\/uploads\/2020\/12\/nwdn_file_temp_1606339706793-2-2.jpg\",\"articleSection\":[\"Art\u00edculo\",\"SliderINICIO\"],\"inLanguage\":\"es\",\"potentialAction\":[{\"@type\":\"CommentAction\",\"name\":\"Comment\",\"target\":[\"https:\/\/corporacionpba.org\/nuevo\/proyecto-de-mujeres-lideres-en-expansion\/#respond\"]}]},{\"@type\":\"WebPage\",\"@id\":\"https:\/\/corporacionpba.org\/nuevo\/proyecto-de-mujeres-lideres-en-expansion\/\",\"url\":\"https:\/\/corporacionpba.org\/nuevo\/proyecto-de-mujeres-lideres-en-expansion\/\",\"name\":\"Proyecto de mujeres l\u00edderes en expansi\u00f3n - Corporacion PBA\",\"isPartOf\":{\"@id\":\"https:\/\/corporacionpba.org\/nuevo\/#website\"},\"primaryImageOfPage\":{\"@id\":\"https:\/\/corporacionpba.org\/nuevo\/proyecto-de-mujeres-lideres-en-expansion\/#primaryimage\"},\"image\":{\"@id\":\"https:\/\/corporacionpba.org\/nuevo\/proyecto-de-mujeres-lideres-en-expansion\/#primaryimage\"},\"thumbnailUrl\":\"https:\/\/corporacionpba.org\/nuevo\/wp-content\/uploads\/2020\/12\/nwdn_file_temp_1606339706793-2-2.jpg\",\"datePublished\":\"2020-12-02T17:00:27+00:00\",\"author\":{\"@id\":\"https:\/\/corporacionpba.org\/nuevo\/#\/schema\/person\/54fa2e5ef13523f0259b1707b99c11b8\"},\"breadcrumb\":{\"@id\":\"https:\/\/corporacionpba.org\/nuevo\/proyecto-de-mujeres-lideres-en-expansion\/#breadcrumb\"},\"inLanguage\":\"es\",\"potentialAction\":[{\"@type\":\"ReadAction\",\"target\":[\"https:\/\/corporacionpba.org\/nuevo\/proyecto-de-mujeres-lideres-en-expansion\/\"]}]},{\"@type\":\"ImageObject\",\"inLanguage\":\"es\",\"@id\":\"https:\/\/corporacionpba.org\/nuevo\/proyecto-de-mujeres-lideres-en-expansion\/#primaryimage\",\"url\":\"https:\/\/corporacionpba.org\/nuevo\/wp-content\/uploads\/2020\/12\/nwdn_file_temp_1606339706793-2-2.jpg\",\"contentUrl\":\"https:\/\/corporacionpba.org\/nuevo\/wp-content\/uploads\/2020\/12\/nwdn_file_temp_1606339706793-2-2.jpg\",\"width\":600,\"height\":600},{\"@type\":\"BreadcrumbList\",\"@id\":\"https:\/\/corporacionpba.org\/nuevo\/proyecto-de-mujeres-lideres-en-expansion\/#breadcrumb\",\"itemListElement\":[{\"@type\":\"ListItem\",\"position\":1,\"name\":\"Portada\",\"item\":\"https:\/\/corporacionpba.org\/nuevo\/\"},{\"@type\":\"ListItem\",\"position\":2,\"name\":\"Proyecto de mujeres l\u00edderes en expansi\u00f3n\"}]},{\"@type\":\"WebSite\",\"@id\":\"https:\/\/corporacionpba.org\/nuevo\/#website\",\"url\":\"https:\/\/corporacionpba.org\/nuevo\/\",\"name\":\"Corporacion PBA\",\"description\":\"Innovaci&oacute;n Rural para el Desarrollo\",\"potentialAction\":[{\"@type\":\"SearchAction\",\"target\":{\"@type\":\"EntryPoint\",\"urlTemplate\":\"https:\/\/corporacionpba.org\/nuevo\/?s={search_term_string}\"},\"query-input\":{\"@type\":\"PropertyValueSpecification\",\"valueRequired\":true,\"valueName\":\"search_term_string\"}}],\"inLanguage\":\"es\"},{\"@type\":\"Person\",\"@id\":\"https:\/\/corporacionpba.org\/nuevo\/#\/schema\/person\/54fa2e5ef13523f0259b1707b99c11b8\",\"name\":\"Corporacion PBA\",\"image\":{\"@type\":\"ImageObject\",\"inLanguage\":\"es\",\"@id\":\"https:\/\/secure.gravatar.com\/avatar\/2063c349439df46203f11a73c15ec3288b8d551168ba8c1a8410ff02770aa39b?s=96&d=mm&r=g\",\"url\":\"https:\/\/secure.gravatar.com\/avatar\/2063c349439df46203f11a73c15ec3288b8d551168ba8c1a8410ff02770aa39b?s=96&d=mm&r=g\",\"contentUrl\":\"https:\/\/secure.gravatar.com\/avatar\/2063c349439df46203f11a73c15ec3288b8d551168ba8c1a8410ff02770aa39b?s=96&d=mm&r=g\",\"caption\":\"Corporacion PBA\"},\"url\":\"https:\/\/corporacionpba.org\/nuevo\/author\/corpba\/\"}]}<\/script>\n<!-- \/ Yoast SEO plugin. -->","yoast_head_json":{"title":"Proyecto de mujeres l\u00edderes en expansi\u00f3n - Corporacion PBA","robots":{"index":"index","follow":"follow","max-snippet":"max-snippet:-1","max-image-preview":"max-image-preview:large","max-video-preview":"max-video-preview:-1"},"canonical":"https:\/\/corporacionpba.org\/nuevo\/proyecto-de-mujeres-lideres-en-expansion\/","og_locale":"es_ES","og_type":"article","og_title":"Proyecto de mujeres l\u00edderes en expansi\u00f3n - Corporacion PBA","og_description":"La asociaci\u00f3n de mujeres cafeteras de Villa Mercedes (ASMUCAVIME) se encuentra en un momento de crecimiento y desarrollo. ASMUCAVIME es una asociaci\u00f3n conformada por 17 mujeres l\u00edderes, ubicada en la vereda Villa Mercedes del municipio de La Plata, Huila, que se centra en el cultivo y venta de caf\u00e9 pergamino seco de alta calidad. Actualmente [&hellip;]","og_url":"https:\/\/corporacionpba.org\/nuevo\/proyecto-de-mujeres-lideres-en-expansion\/","og_site_name":"Corporacion PBA","article_published_time":"2020-12-02T17:00:27+00:00","og_image":[{"width":600,"height":600,"url":"https:\/\/corporacionpba.org\/nuevo\/wp-content\/uploads\/2020\/12\/nwdn_file_temp_1606339706793-2-2.jpg","type":"image\/jpeg"}],"author":"Corporacion PBA","twitter_card":"summary_large_image","twitter_misc":{"Escrito por":"Corporacion PBA","Tiempo de lectura":"2 minutos"},"schema":{"@context":"https:\/\/schema.org","@graph":[{"@type":"Article","@id":"https:\/\/corporacionpba.org\/nuevo\/proyecto-de-mujeres-lideres-en-expansion\/#article","isPartOf":{"@id":"https:\/\/corporacionpba.org\/nuevo\/proyecto-de-mujeres-lideres-en-expansion\/"},"author":{"name":"Corporacion PBA","@id":"https:\/\/corporacionpba.org\/nuevo\/#\/schema\/person\/54fa2e5ef13523f0259b1707b99c11b8"},"headline":"Proyecto de mujeres l\u00edderes en expansi\u00f3n","datePublished":"2020-12-02T17:00:27+00:00","mainEntityOfPage":{"@id":"https:\/\/corporacionpba.org\/nuevo\/proyecto-de-mujeres-lideres-en-expansion\/"},"wordCount":336,"commentCount":0,"image":{"@id":"https:\/\/corporacionpba.org\/nuevo\/proyecto-de-mujeres-lideres-en-expansion\/#primaryimage"},"thumbnailUrl":"https:\/\/corporacionpba.org\/nuevo\/wp-content\/uploads\/2020\/12\/nwdn_file_temp_1606339706793-2-2.jpg","articleSection":["Art\u00edculo","SliderINICIO"],"inLanguage":"es","potentialAction":[{"@type":"CommentAction","name":"Comment","target":["https:\/\/corporacionpba.org\/nuevo\/proyecto-de-mujeres-lideres-en-expansion\/#respond"]}]},{"@type":"WebPage","@id":"https:\/\/corporacionpba.org\/nuevo\/proyecto-de-mujeres-lideres-en-expansion\/","url":"https:\/\/corporacionpba.org\/nuevo\/proyecto-de-mujeres-lideres-en-expansion\/","name":"Proyecto de mujeres l\u00edderes en expansi\u00f3n - Corporacion PBA","isPartOf":{"@id":"https:\/\/corporacionpba.org\/nuevo\/#website"},"primaryImageOfPage":{"@id":"https:\/\/corporacionpba.org\/nuevo\/proyecto-de-mujeres-lideres-en-expansion\/#primaryimage"},"image":{"@id":"https:\/\/corporacionpba.org\/nuevo\/proyecto-de-mujeres-lideres-en-expansion\/#primaryimage"},"thumbnailUrl":"https:\/\/corporacionpba.org\/nuevo\/wp-content\/uploads\/2020\/12\/nwdn_file_temp_1606339706793-2-2.jpg","datePublished":"2020-12-02T17:00:27+00:00","author":{"@id":"https:\/\/corporacionpba.org\/nuevo\/#\/schema\/person\/54fa2e5ef13523f0259b1707b99c11b8"},"breadcrumb":{"@id":"https:\/\/corporacionpba.org\/nuevo\/proyecto-de-mujeres-lideres-en-expansion\/#breadcrumb"},"inLanguage":"es","potentialAction":[{"@type":"ReadAction","target":["https:\/\/corporacionpba.org\/nuevo\/proyecto-de-mujeres-lideres-en-expansion\/"]}]},{"@type":"ImageObject","inLanguage":"es","@id":"https:\/\/corporacionpba.org\/nuevo\/proyecto-de-mujeres-lideres-en-expansion\/#primaryimage","url":"https:\/\/corporacionpba.org\/nuevo\/wp-content\/uploads\/2020\/12\/nwdn_file_temp_1606339706793-2-2.jpg","contentUrl":"https:\/\/corporacionpba.org\/nuevo\/wp-content\/uploads\/2020\/12\/nwdn_file_temp_1606339706793-2-2.jpg","width":600,"height":600},{"@type":"BreadcrumbList","@id":"https:\/\/corporacionpba.org\/nuevo\/proyecto-de-mujeres-lideres-en-expansion\/#breadcrumb","itemListElement":[{"@type":"ListItem","position":1,"name":"Portada","item":"https:\/\/corporacionpba.org\/nuevo\/"},{"@type":"ListItem","position":2,"name":"Proyecto de mujeres l\u00edderes en expansi\u00f3n"}]},{"@type":"WebSite","@id":"https:\/\/corporacionpba.org\/nuevo\/#website","url":"https:\/\/corporacionpba.org\/nuevo\/","name":"Corporacion PBA","description":"Innovaci&oacute;n Rural para el Desarrollo","potentialAction":[{"@type":"SearchAction","target":{"@type":"EntryPoint","urlTemplate":"https:\/\/corporacionpba.org\/nuevo\/?s={search_term_string}"},"query-input":{"@type":"PropertyValueSpecification","valueRequired":true,"valueName":"search_term_string"}}],"inLanguage":"es"},{"@type":"Person","@id":"https:\/\/corporacionpba.org\/nuevo\/#\/schema\/person\/54fa2e5ef13523f0259b1707b99c11b8","name":"Corporacion PBA","image":{"@type":"ImageObject","inLanguage":"es","@id":"https:\/\/secure.gravatar.com\/avatar\/2063c349439df46203f11a73c15ec3288b8d551168ba8c1a8410ff02770aa39b?s=96&d=mm&r=g","url":"https:\/\/secure.gravatar.com\/avatar\/2063c349439df46203f11a73c15ec3288b8d551168ba8c1a8410ff02770aa39b?s=96&d=mm&r=g","contentUrl":"https:\/\/secure.gravatar.com\/avatar\/2063c349439df46203f11a73c15ec3288b8d551168ba8c1a8410ff02770aa39b?s=96&d=mm&r=g","caption":"Corporacion PBA"},"url":"https:\/\/corporacionpba.org\/nuevo\/author\/corpba\/"}]}},"_links":{"self":[{"href":"https:\/\/corporacionpba.org\/nuevo\/wp-json\/wp\/v2\/posts\/1183","targetHints":{"allow":["GET"]}}],"collection":[{"href":"https:\/\/corporacionpba.org\/nuevo\/wp-json\/wp\/v2\/posts"}],"about":[{"href":"https:\/\/corporacionpba.org\/nuevo\/wp-json\/wp\/v2\/types\/post"}],"author":[{"embeddable":true,"href":"https:\/\/corporacionpba.org\/nuevo\/wp-json\/wp\/v2\/users\/2"}],"replies":[{"embeddable":true,"href":"https:\/\/corporacionpba.org\/nuevo\/wp-json\/wp\/v2\/comments?post=1183"}],"version-history":[{"count":1,"href":"https:\/\/corporacionpba.org\/nuevo\/wp-json\/wp\/v2\/posts\/1183\/revisions"}],"predecessor-version":[{"id":1185,"href":"https:\/\/corporacionpba.org\/nuevo\/wp-json\/wp\/v2\/posts\/1183\/revisions\/1185"}],"wp:featuredmedia":[{"embeddable":true,"href":"https:\/\/corporacionpba.org\/nuevo\/wp-json\/wp\/v2\/media\/1184"}],"wp:attachment":[{"href":"https:\/\/corporacionpba.org\/nuevo\/wp-json\/wp\/v2\/media?parent=1183"}],"wp:term":[{"taxonomy":"category","embeddable":true,"href":"https:\/\/corporacionpba.org\/nuevo\/wp-json\/wp\/v2\/categories?post=1183"},{"taxonomy":"post_tag","embeddable":true,"href":"https:\/\/corporacionpba.org\/nuevo\/wp-json\/wp\/v2\/tags?post=1183"}],"curies":[{"name":"wp","href":"https:\/\/api.w.org\/{rel}","templated":true}]}}