{"id":1196,"date":"2020-12-17T22:34:32","date_gmt":"2020-12-17T22:34:32","guid":{"rendered":"https:\/\/corporacionpba.org\/nuevo\/?p=1196"},"modified":"2020-12-17T22:34:32","modified_gmt":"2020-12-17T22:34:32","slug":"como-incide-la-luna-en-el-cultivo-de-yuca","status":"publish","type":"post","link":"https:\/\/corporacionpba.org\/nuevo\/como-incide-la-luna-en-el-cultivo-de-yuca\/","title":{"rendered":"\u00bfC\u00f3mo incide la luna en el cultivo de yuca?"},"content":{"rendered":"<p>En el siguiente video se explica la importancia que tiene la luna, y de qu\u00e9 manera influyen sus distintas fases, en el cultivo de la yuca. Se pueden encontrar, adem\u00e1s, cuatro consejos fundamentales para poder aplicar en las plantaciones y, as\u00ed, obtener una mejor producci\u00f3n.<\/p>\n<p><iframe loading=\"lazy\" title=\"\u00bfC\u00f3mo incide la luna en el cultivo de yuca?\" width=\"1080\" height=\"608\" src=\"https:\/\/www.youtube.com\/embed\/nHgg2OCiTNc?feature=oembed\" frameborder=\"0\" allow=\"accelerometer; autoplay; clipboard-write; encrypted-media; gyroscope; picture-in-picture\" allowfullscreen><\/iframe><\/p>\n","protected":false},"excerpt":{"rendered":"<p>En el siguiente video se explica la importancia que tiene la luna, y de qu\u00e9 manera influyen sus distintas fases, en el cultivo de la yuca. Se pueden encontrar, adem\u00e1s, cuatro consejos fundamentales para poder aplicar en las plantaciones y, as\u00ed, obtener una mejor producci\u00f3n.<\/p>\n","protected":false},"author":2,"featured_media":1198,"comment_status":"open","ping_status":"open","sticky":false,"template":"","format":"standard","meta":{"_et_pb_use_builder":"","_et_pb_old_content":"","footnotes":""},"categories":[11,13],"tags":[],"class_list":["post-1196","post","type-post","status-publish","format-standard","has-post-thumbnail","hentry","category-articulo","category-sliderinicio"],"yoast_head":"<!-- This site is optimized with the Yoast SEO plugin v27.2 - https:\/\/yoast.com\/product\/yoast-seo-wordpress\/ -->\n<title>\u00bfC\u00f3mo incide la luna en el cultivo de yuca? - Corporacion PBA<\/title>\n<meta name=\"robots\" content=\"index, follow, max-snippet:-1, max-image-preview:large, max-video-preview:-1\" \/>\n<link rel=\"canonical\" href=\"https:\/\/corporacionpba.org\/nuevo\/como-incide-la-luna-en-el-cultivo-de-yuca\/\" \/>\n<meta property=\"og:locale\" content=\"es_ES\" \/>\n<meta property=\"og:type\" content=\"article\" \/>\n<meta property=\"og:title\" content=\"\u00bfC\u00f3mo incide la luna en el cultivo de yuca? - Corporacion PBA\" \/>\n<meta property=\"og:description\" content=\"En el siguiente video se explica la importancia que tiene la luna, y de qu\u00e9 manera influyen sus distintas fases, en el cultivo de la yuca. Se pueden encontrar, adem\u00e1s, cuatro consejos fundamentales para poder aplicar en las plantaciones y, as\u00ed, obtener una mejor producci\u00f3n.\" \/>\n<meta property=\"og:url\" content=\"https:\/\/corporacionpba.org\/nuevo\/como-incide-la-luna-en-el-cultivo-de-yuca\/\" \/>\n<meta property=\"og:site_name\" content=\"Corporacion PBA\" \/>\n<meta property=\"article:published_time\" content=\"2020-12-17T22:34:32+00:00\" \/>\n<meta property=\"og:image\" content=\"https:\/\/corporacionpba.org\/nuevo\/wp-content\/uploads\/2020\/12\/Captura-de-Pantalla-2020-12-17-a-las-5.24.27-p.-m.-2.png\" \/>\n\t<meta property=\"og:image:width\" content=\"600\" \/>\n\t<meta property=\"og:image:height\" content=\"600\" \/>\n\t<meta property=\"og:image:type\" content=\"image\/png\" \/>\n<meta name=\"author\" content=\"Corporacion PBA\" \/>\n<meta name=\"twitter:card\" content=\"summary_large_image\" \/>\n<meta name=\"twitter:label1\" content=\"Escrito por\" \/>\n\t<meta name=\"twitter:data1\" content=\"Corporacion PBA\" \/>\n<script type=\"application\/ld+json\" class=\"yoast-schema-graph\">{\"@context\":\"https:\/\/schema.org\",\"@graph\":[{\"@type\":\"Article\",\"@id\":\"https:\/\/corporacionpba.org\/nuevo\/como-incide-la-luna-en-el-cultivo-de-yuca\/#article\",\"isPartOf\":{\"@id\":\"https:\/\/corporacionpba.org\/nuevo\/como-incide-la-luna-en-el-cultivo-de-yuca\/\"},\"author\":{\"name\":\"Corporacion PBA\",\"@id\":\"https:\/\/corporacionpba.org\/nuevo\/#\/schema\/person\/54fa2e5ef13523f0259b1707b99c11b8\"},\"headline\":\"\u00bfC\u00f3mo incide la luna en el cultivo de yuca?\",\"datePublished\":\"2020-12-17T22:34:32+00:00\",\"mainEntityOfPage\":{\"@id\":\"https:\/\/corporacionpba.org\/nuevo\/como-incide-la-luna-en-el-cultivo-de-yuca\/\"},\"wordCount\":62,\"commentCount\":0,\"image\":{\"@id\":\"https:\/\/corporacionpba.org\/nuevo\/como-incide-la-luna-en-el-cultivo-de-yuca\/#primaryimage\"},\"thumbnailUrl\":\"https:\/\/corporacionpba.org\/nuevo\/wp-content\/uploads\/2020\/12\/Captura-de-Pantalla-2020-12-17-a-las-5.24.27-p.-m.-2.png\",\"articleSection\":[\"Art\u00edculo\",\"SliderINICIO\"],\"inLanguage\":\"es\",\"potentialAction\":[{\"@type\":\"CommentAction\",\"name\":\"Comment\",\"target\":[\"https:\/\/corporacionpba.org\/nuevo\/como-incide-la-luna-en-el-cultivo-de-yuca\/#respond\"]}]},{\"@type\":\"WebPage\",\"@id\":\"https:\/\/corporacionpba.org\/nuevo\/como-incide-la-luna-en-el-cultivo-de-yuca\/\",\"url\":\"https:\/\/corporacionpba.org\/nuevo\/como-incide-la-luna-en-el-cultivo-de-yuca\/\",\"name\":\"\u00bfC\u00f3mo incide la luna en el cultivo de yuca? - Corporacion PBA\",\"isPartOf\":{\"@id\":\"https:\/\/corporacionpba.org\/nuevo\/#website\"},\"primaryImageOfPage\":{\"@id\":\"https:\/\/corporacionpba.org\/nuevo\/como-incide-la-luna-en-el-cultivo-de-yuca\/#primaryimage\"},\"image\":{\"@id\":\"https:\/\/corporacionpba.org\/nuevo\/como-incide-la-luna-en-el-cultivo-de-yuca\/#primaryimage\"},\"thumbnailUrl\":\"https:\/\/corporacionpba.org\/nuevo\/wp-content\/uploads\/2020\/12\/Captura-de-Pantalla-2020-12-17-a-las-5.24.27-p.-m.-2.png\",\"datePublished\":\"2020-12-17T22:34:32+00:00\",\"author\":{\"@id\":\"https:\/\/corporacionpba.org\/nuevo\/#\/schema\/person\/54fa2e5ef13523f0259b1707b99c11b8\"},\"breadcrumb\":{\"@id\":\"https:\/\/corporacionpba.org\/nuevo\/como-incide-la-luna-en-el-cultivo-de-yuca\/#breadcrumb\"},\"inLanguage\":\"es\",\"potentialAction\":[{\"@type\":\"ReadAction\",\"target\":[\"https:\/\/corporacionpba.org\/nuevo\/como-incide-la-luna-en-el-cultivo-de-yuca\/\"]}]},{\"@type\":\"ImageObject\",\"inLanguage\":\"es\",\"@id\":\"https:\/\/corporacionpba.org\/nuevo\/como-incide-la-luna-en-el-cultivo-de-yuca\/#primaryimage\",\"url\":\"https:\/\/corporacionpba.org\/nuevo\/wp-content\/uploads\/2020\/12\/Captura-de-Pantalla-2020-12-17-a-las-5.24.27-p.-m.-2.png\",\"contentUrl\":\"https:\/\/corporacionpba.org\/nuevo\/wp-content\/uploads\/2020\/12\/Captura-de-Pantalla-2020-12-17-a-las-5.24.27-p.-m.-2.png\",\"width\":600,\"height\":600},{\"@type\":\"BreadcrumbList\",\"@id\":\"https:\/\/corporacionpba.org\/nuevo\/como-incide-la-luna-en-el-cultivo-de-yuca\/#breadcrumb\",\"itemListElement\":[{\"@type\":\"ListItem\",\"position\":1,\"name\":\"Portada\",\"item\":\"https:\/\/corporacionpba.org\/nuevo\/\"},{\"@type\":\"ListItem\",\"position\":2,\"name\":\"\u00bfC\u00f3mo incide la luna en el cultivo de yuca?\"}]},{\"@type\":\"WebSite\",\"@id\":\"https:\/\/corporacionpba.org\/nuevo\/#website\",\"url\":\"https:\/\/corporacionpba.org\/nuevo\/\",\"name\":\"Corporacion PBA\",\"description\":\"Innovaci&oacute;n Rural para el Desarrollo\",\"potentialAction\":[{\"@type\":\"SearchAction\",\"target\":{\"@type\":\"EntryPoint\",\"urlTemplate\":\"https:\/\/corporacionpba.org\/nuevo\/?s={search_term_string}\"},\"query-input\":{\"@type\":\"PropertyValueSpecification\",\"valueRequired\":true,\"valueName\":\"search_term_string\"}}],\"inLanguage\":\"es\"},{\"@type\":\"Person\",\"@id\":\"https:\/\/corporacionpba.org\/nuevo\/#\/schema\/person\/54fa2e5ef13523f0259b1707b99c11b8\",\"name\":\"Corporacion PBA\",\"image\":{\"@type\":\"ImageObject\",\"inLanguage\":\"es\",\"@id\":\"https:\/\/secure.gravatar.com\/avatar\/2063c349439df46203f11a73c15ec3288b8d551168ba8c1a8410ff02770aa39b?s=96&d=mm&r=g\",\"url\":\"https:\/\/secure.gravatar.com\/avatar\/2063c349439df46203f11a73c15ec3288b8d551168ba8c1a8410ff02770aa39b?s=96&d=mm&r=g\",\"contentUrl\":\"https:\/\/secure.gravatar.com\/avatar\/2063c349439df46203f11a73c15ec3288b8d551168ba8c1a8410ff02770aa39b?s=96&d=mm&r=g\",\"caption\":\"Corporacion PBA\"},\"url\":\"https:\/\/corporacionpba.org\/nuevo\/author\/corpba\/\"}]}<\/script>\n<!-- \/ Yoast SEO plugin. -->","yoast_head_json":{"title":"\u00bfC\u00f3mo incide la luna en el cultivo de yuca? - Corporacion PBA","robots":{"index":"index","follow":"follow","max-snippet":"max-snippet:-1","max-image-preview":"max-image-preview:large","max-video-preview":"max-video-preview:-1"},"canonical":"https:\/\/corporacionpba.org\/nuevo\/como-incide-la-luna-en-el-cultivo-de-yuca\/","og_locale":"es_ES","og_type":"article","og_title":"\u00bfC\u00f3mo incide la luna en el cultivo de yuca? - Corporacion PBA","og_description":"En el siguiente video se explica la importancia que tiene la luna, y de qu\u00e9 manera influyen sus distintas fases, en el cultivo de la yuca. Se pueden encontrar, adem\u00e1s, cuatro consejos fundamentales para poder aplicar en las plantaciones y, as\u00ed, obtener una mejor producci\u00f3n.","og_url":"https:\/\/corporacionpba.org\/nuevo\/como-incide-la-luna-en-el-cultivo-de-yuca\/","og_site_name":"Corporacion PBA","article_published_time":"2020-12-17T22:34:32+00:00","og_image":[{"width":600,"height":600,"url":"https:\/\/corporacionpba.org\/nuevo\/wp-content\/uploads\/2020\/12\/Captura-de-Pantalla-2020-12-17-a-las-5.24.27-p.-m.-2.png","type":"image\/png"}],"author":"Corporacion PBA","twitter_card":"summary_large_image","twitter_misc":{"Escrito por":"Corporacion PBA"},"schema":{"@context":"https:\/\/schema.org","@graph":[{"@type":"Article","@id":"https:\/\/corporacionpba.org\/nuevo\/como-incide-la-luna-en-el-cultivo-de-yuca\/#article","isPartOf":{"@id":"https:\/\/corporacionpba.org\/nuevo\/como-incide-la-luna-en-el-cultivo-de-yuca\/"},"author":{"name":"Corporacion PBA","@id":"https:\/\/corporacionpba.org\/nuevo\/#\/schema\/person\/54fa2e5ef13523f0259b1707b99c11b8"},"headline":"\u00bfC\u00f3mo incide la luna en el cultivo de yuca?","datePublished":"2020-12-17T22:34:32+00:00","mainEntityOfPage":{"@id":"https:\/\/corporacionpba.org\/nuevo\/como-incide-la-luna-en-el-cultivo-de-yuca\/"},"wordCount":62,"commentCount":0,"image":{"@id":"https:\/\/corporacionpba.org\/nuevo\/como-incide-la-luna-en-el-cultivo-de-yuca\/#primaryimage"},"thumbnailUrl":"https:\/\/corporacionpba.org\/nuevo\/wp-content\/uploads\/2020\/12\/Captura-de-Pantalla-2020-12-17-a-las-5.24.27-p.-m.-2.png","articleSection":["Art\u00edculo","SliderINICIO"],"inLanguage":"es","potentialAction":[{"@type":"CommentAction","name":"Comment","target":["https:\/\/corporacionpba.org\/nuevo\/como-incide-la-luna-en-el-cultivo-de-yuca\/#respond"]}]},{"@type":"WebPage","@id":"https:\/\/corporacionpba.org\/nuevo\/como-incide-la-luna-en-el-cultivo-de-yuca\/","url":"https:\/\/corporacionpba.org\/nuevo\/como-incide-la-luna-en-el-cultivo-de-yuca\/","name":"\u00bfC\u00f3mo incide la luna en el cultivo de yuca? - Corporacion PBA","isPartOf":{"@id":"https:\/\/corporacionpba.org\/nuevo\/#website"},"primaryImageOfPage":{"@id":"https:\/\/corporacionpba.org\/nuevo\/como-incide-la-luna-en-el-cultivo-de-yuca\/#primaryimage"},"image":{"@id":"https:\/\/corporacionpba.org\/nuevo\/como-incide-la-luna-en-el-cultivo-de-yuca\/#primaryimage"},"thumbnailUrl":"https:\/\/corporacionpba.org\/nuevo\/wp-content\/uploads\/2020\/12\/Captura-de-Pantalla-2020-12-17-a-las-5.24.27-p.-m.-2.png","datePublished":"2020-12-17T22:34:32+00:00","author":{"@id":"https:\/\/corporacionpba.org\/nuevo\/#\/schema\/person\/54fa2e5ef13523f0259b1707b99c11b8"},"breadcrumb":{"@id":"https:\/\/corporacionpba.org\/nuevo\/como-incide-la-luna-en-el-cultivo-de-yuca\/#breadcrumb"},"inLanguage":"es","potentialAction":[{"@type":"ReadAction","target":["https:\/\/corporacionpba.org\/nuevo\/como-incide-la-luna-en-el-cultivo-de-yuca\/"]}]},{"@type":"ImageObject","inLanguage":"es","@id":"https:\/\/corporacionpba.org\/nuevo\/como-incide-la-luna-en-el-cultivo-de-yuca\/#primaryimage","url":"https:\/\/corporacionpba.org\/nuevo\/wp-content\/uploads\/2020\/12\/Captura-de-Pantalla-2020-12-17-a-las-5.24.27-p.-m.-2.png","contentUrl":"https:\/\/corporacionpba.org\/nuevo\/wp-content\/uploads\/2020\/12\/Captura-de-Pantalla-2020-12-17-a-las-5.24.27-p.-m.-2.png","width":600,"height":600},{"@type":"BreadcrumbList","@id":"https:\/\/corporacionpba.org\/nuevo\/como-incide-la-luna-en-el-cultivo-de-yuca\/#breadcrumb","itemListElement":[{"@type":"ListItem","position":1,"name":"Portada","item":"https:\/\/corporacionpba.org\/nuevo\/"},{"@type":"ListItem","position":2,"name":"\u00bfC\u00f3mo incide la luna en el cultivo de yuca?"}]},{"@type":"WebSite","@id":"https:\/\/corporacionpba.org\/nuevo\/#website","url":"https:\/\/corporacionpba.org\/nuevo\/","name":"Corporacion PBA","description":"Innovaci&oacute;n Rural para el Desarrollo","potentialAction":[{"@type":"SearchAction","target":{"@type":"EntryPoint","urlTemplate":"https:\/\/corporacionpba.org\/nuevo\/?s={search_term_string}"},"query-input":{"@type":"PropertyValueSpecification","valueRequired":true,"valueName":"search_term_string"}}],"inLanguage":"es"},{"@type":"Person","@id":"https:\/\/corporacionpba.org\/nuevo\/#\/schema\/person\/54fa2e5ef13523f0259b1707b99c11b8","name":"Corporacion PBA","image":{"@type":"ImageObject","inLanguage":"es","@id":"https:\/\/secure.gravatar.com\/avatar\/2063c349439df46203f11a73c15ec3288b8d551168ba8c1a8410ff02770aa39b?s=96&d=mm&r=g","url":"https:\/\/secure.gravatar.com\/avatar\/2063c349439df46203f11a73c15ec3288b8d551168ba8c1a8410ff02770aa39b?s=96&d=mm&r=g","contentUrl":"https:\/\/secure.gravatar.com\/avatar\/2063c349439df46203f11a73c15ec3288b8d551168ba8c1a8410ff02770aa39b?s=96&d=mm&r=g","caption":"Corporacion PBA"},"url":"https:\/\/corporacionpba.org\/nuevo\/author\/corpba\/"}]}},"_links":{"self":[{"href":"https:\/\/corporacionpba.org\/nuevo\/wp-json\/wp\/v2\/posts\/1196","targetHints":{"allow":["GET"]}}],"collection":[{"href":"https:\/\/corporacionpba.org\/nuevo\/wp-json\/wp\/v2\/posts"}],"about":[{"href":"https:\/\/corporacionpba.org\/nuevo\/wp-json\/wp\/v2\/types\/post"}],"author":[{"embeddable":true,"href":"https:\/\/corporacionpba.org\/nuevo\/wp-json\/wp\/v2\/users\/2"}],"replies":[{"embeddable":true,"href":"https:\/\/corporacionpba.org\/nuevo\/wp-json\/wp\/v2\/comments?post=1196"}],"version-history":[{"count":1,"href":"https:\/\/corporacionpba.org\/nuevo\/wp-json\/wp\/v2\/posts\/1196\/revisions"}],"predecessor-version":[{"id":1199,"href":"https:\/\/corporacionpba.org\/nuevo\/wp-json\/wp\/v2\/posts\/1196\/revisions\/1199"}],"wp:featuredmedia":[{"embeddable":true,"href":"https:\/\/corporacionpba.org\/nuevo\/wp-json\/wp\/v2\/media\/1198"}],"wp:attachment":[{"href":"https:\/\/corporacionpba.org\/nuevo\/wp-json\/wp\/v2\/media?parent=1196"}],"wp:term":[{"taxonomy":"category","embeddable":true,"href":"https:\/\/corporacionpba.org\/nuevo\/wp-json\/wp\/v2\/categories?post=1196"},{"taxonomy":"post_tag","embeddable":true,"href":"https:\/\/corporacionpba.org\/nuevo\/wp-json\/wp\/v2\/tags?post=1196"}],"curies":[{"name":"wp","href":"https:\/\/api.w.org\/{rel}","templated":true}]}}