{"id":1236,"date":"2021-04-13T22:57:07","date_gmt":"2021-04-13T22:57:07","guid":{"rendered":"https:\/\/corporacionpba.org\/nuevo\/?p=1236"},"modified":"2021-04-13T22:57:07","modified_gmt":"2021-04-13T22:57:07","slug":"campesinos-de-la-vereda-malagana-se-agrupan-para-identificar-sus-valores-y-la-sostenibilidad-alimentaria","status":"publish","type":"post","link":"https:\/\/corporacionpba.org\/nuevo\/campesinos-de-la-vereda-malagana-se-agrupan-para-identificar-sus-valores-y-la-sostenibilidad-alimentaria\/","title":{"rendered":"Campesinos de la vereda Malagana se agrupan para identificar sus valores y la sostenibilidad alimentaria"},"content":{"rendered":"<p><img loading=\"lazy\" decoding=\"async\" class=\"size-medium wp-image-1237 aligncenter\" src=\"https:\/\/corporacionpba.org\/nuevo\/wp-content\/uploads\/2021\/04\/IMG-20201210-WA0014-2-2-300x300.jpg\" alt=\"\" width=\"300\" height=\"300\" srcset=\"https:\/\/corporacionpba.org\/nuevo\/wp-content\/uploads\/2021\/04\/IMG-20201210-WA0014-2-2-300x300.jpg 300w, https:\/\/corporacionpba.org\/nuevo\/wp-content\/uploads\/2021\/04\/IMG-20201210-WA0014-2-2-150x150.jpg 150w, https:\/\/corporacionpba.org\/nuevo\/wp-content\/uploads\/2021\/04\/IMG-20201210-WA0014-2-2.jpg 600w\" sizes=\"auto, (max-width: 300px) 100vw, 300px\" \/><\/p>\n<p>En la vereda Malagana, perteneciente al municipio de Ci\u00e9naga de Oro, C\u00f3rdoba, viven familias campesinas de estrato uno, gente trabajadora y amable que toda su vida se han dedicado a labrar la tierra.<\/p>\n<p>Teniendo terrenos privilegiados, el campesino de esta zona, por costumbre y tradici\u00f3n siempre se ha dedicado a trabajar por el d\u00eda a d\u00eda. Nunca implement\u00f3 otros modelos de siembras, siempre trabajando sobre lo convencional, en donde los cultivos m\u00e1s representativos son el ma\u00edz, el algod\u00f3n y el sorgo.<\/p>\n<p>La llegada de la Fundaci\u00f3n Grupo BIOS, la Fundaci\u00f3n Saldarriaga Concha y la Corporaci\u00f3n PBA les ha brindado las herramientas y la oportunidad de organizarse y darse a conocer.Es as\u00ed como 36 campesinos se conformaron como \u201cGrupo Participativo Local (GPL) Malagana\u201d, en donde lo principal es la producci\u00f3n de alimentos org\u00e1nicos y sanos.<\/p>\n<p>Gracias a los aportes de las tres entidades se cre\u00f3 un centro de investigaci\u00f3n participativa local, en donde cada uno de los integrantes recibi\u00f3 recursos para sus unidades productivas individuales, de agricultura y piscicultura, contando con el acompa\u00f1amiento t\u00e9cnico de ingenieros agr\u00f3nomos.<\/p>\n<p>Miladis Cortez cuenta que a sus 55 a\u00f1os nunca hab\u00eda sembrado ninguna clase de cultivos, asegurando que es una buena y bonita experiencia. \u201cAdem\u00e1s de trabajar en grupo he tenido la oportunidad de trabajar con personas de la comunidad con las que nunca me hab\u00eda relacionado\u201d.<br \/>\nCon el tiempo que lleva haciendo parte del GPL Malagana, los resultados han sido los esperados y adem\u00e1s de producir las hortalizas para su consumo ha logrado generar ingresos.<\/p>\n<p>Por su parte, Ismael Antonio Patr\u00f3n cuenta que \u201cla confianza depositada en cada uno de nosotros es m\u00e1s que gratificante, ya que sin conocernos nos han dado unos recursos con la oportunidad de trabajar y tener una mejor calidad de vida. Quedando por decir que lo aprendido y por aprender es bien recibido\u201d.<\/p>\n<p>Otro de los integrantes del Grupo, Libardo Fl\u00f3rez, asegura que la llegada de la Corporaci\u00f3n y las dos fundaciones \u201cha sido una bendici\u00f3n de Dios, porque nos han estado apoyado en todo este proceso. Nos ense\u00f1an desde la planeaci\u00f3n, hasta el desarrollo y finalizaci\u00f3n de cada uno de los cultivos y a llevar un buen manejo de nuestras finanzas\u201d. Expresa, tambi\u00e9n, que se encuentra muy contento y agradecido porque todo eso que ha recibido y aprendido ha mejorado su calidad de vida y la de su familia.<\/p>\n<p>Por \u00faltimo, vale la pena mencionar que el campesinado en Colombia, a lo largo del tiempo, ha sido marginado tanto cultural como social y econ\u00f3micamente. La situaci\u00f3n actual del mundo, por la pandemia Covid-19, dej\u00f3 en evidencia la importancia de los campesinos frente a la situaci\u00f3n actual.<\/p>\n<p>A todos nos preocupa la probabilidad de llegar a una escasez de alimentos. Por eso, mientras muchos sectores se enfrentan a una recesi\u00f3n, los campesinos colombianos siguen trabajando arduamente para continuar ofreci\u00e9ndole sus servicios al campo, y evitar llegar a esa posible escasez.<\/p>\n<p>Por:<br \/>\nArnaldo Aldair Sierra, Jes\u00fas David Causil y Libardo Jos\u00e9 Fl\u00f3rez<br \/>\nComunicadores Rurales<\/p>\n","protected":false},"excerpt":{"rendered":"<p>En la vereda Malagana, perteneciente al municipio de Ci\u00e9naga de Oro, C\u00f3rdoba, viven familias campesinas de estrato uno, gente trabajadora y amable que toda su vida se han dedicado a labrar la tierra. Teniendo terrenos privilegiados, el campesino de esta zona, por costumbre y tradici\u00f3n siempre se ha dedicado a trabajar por el d\u00eda a [&hellip;]<\/p>\n","protected":false},"author":2,"featured_media":1237,"comment_status":"open","ping_status":"open","sticky":false,"template":"","format":"standard","meta":{"_et_pb_use_builder":"","_et_pb_old_content":"","footnotes":""},"categories":[11,13],"tags":[],"class_list":["post-1236","post","type-post","status-publish","format-standard","has-post-thumbnail","hentry","category-articulo","category-sliderinicio"],"yoast_head":"<!-- This site is optimized with the Yoast SEO plugin v27.2 - https:\/\/yoast.com\/product\/yoast-seo-wordpress\/ -->\n<title>Campesinos de la vereda Malagana se agrupan para identificar sus valores y la sostenibilidad alimentaria - Corporacion PBA<\/title>\n<meta name=\"robots\" content=\"index, follow, max-snippet:-1, max-image-preview:large, max-video-preview:-1\" \/>\n<link rel=\"canonical\" href=\"https:\/\/corporacionpba.org\/nuevo\/campesinos-de-la-vereda-malagana-se-agrupan-para-identificar-sus-valores-y-la-sostenibilidad-alimentaria\/\" \/>\n<meta property=\"og:locale\" content=\"es_ES\" \/>\n<meta property=\"og:type\" content=\"article\" \/>\n<meta property=\"og:title\" content=\"Campesinos de la vereda Malagana se agrupan para identificar sus valores y la sostenibilidad alimentaria - Corporacion PBA\" \/>\n<meta property=\"og:description\" content=\"En la vereda Malagana, perteneciente al municipio de Ci\u00e9naga de Oro, C\u00f3rdoba, viven familias campesinas de estrato uno, gente trabajadora y amable que toda su vida se han dedicado a labrar la tierra. Teniendo terrenos privilegiados, el campesino de esta zona, por costumbre y tradici\u00f3n siempre se ha dedicado a trabajar por el d\u00eda a [&hellip;]\" \/>\n<meta property=\"og:url\" content=\"https:\/\/corporacionpba.org\/nuevo\/campesinos-de-la-vereda-malagana-se-agrupan-para-identificar-sus-valores-y-la-sostenibilidad-alimentaria\/\" \/>\n<meta property=\"og:site_name\" content=\"Corporacion PBA\" \/>\n<meta property=\"article:published_time\" content=\"2021-04-13T22:57:07+00:00\" \/>\n<meta property=\"og:image\" content=\"https:\/\/corporacionpba.org\/nuevo\/wp-content\/uploads\/2021\/04\/IMG-20201210-WA0014-2-2.jpg\" \/>\n\t<meta property=\"og:image:width\" content=\"600\" \/>\n\t<meta property=\"og:image:height\" content=\"600\" \/>\n\t<meta property=\"og:image:type\" content=\"image\/jpeg\" \/>\n<meta name=\"author\" content=\"Corporacion PBA\" \/>\n<meta name=\"twitter:card\" content=\"summary_large_image\" \/>\n<meta name=\"twitter:label1\" content=\"Escrito por\" \/>\n\t<meta name=\"twitter:data1\" content=\"Corporacion PBA\" \/>\n\t<meta name=\"twitter:label2\" content=\"Tiempo de lectura\" \/>\n\t<meta name=\"twitter:data2\" content=\"3 minutos\" \/>\n<script type=\"application\/ld+json\" class=\"yoast-schema-graph\">{\"@context\":\"https:\/\/schema.org\",\"@graph\":[{\"@type\":\"Article\",\"@id\":\"https:\/\/corporacionpba.org\/nuevo\/campesinos-de-la-vereda-malagana-se-agrupan-para-identificar-sus-valores-y-la-sostenibilidad-alimentaria\/#article\",\"isPartOf\":{\"@id\":\"https:\/\/corporacionpba.org\/nuevo\/campesinos-de-la-vereda-malagana-se-agrupan-para-identificar-sus-valores-y-la-sostenibilidad-alimentaria\/\"},\"author\":{\"name\":\"Corporacion PBA\",\"@id\":\"https:\/\/corporacionpba.org\/nuevo\/#\/schema\/person\/54fa2e5ef13523f0259b1707b99c11b8\"},\"headline\":\"Campesinos de la vereda Malagana se agrupan para identificar sus valores y la sostenibilidad alimentaria\",\"datePublished\":\"2021-04-13T22:57:07+00:00\",\"mainEntityOfPage\":{\"@id\":\"https:\/\/corporacionpba.org\/nuevo\/campesinos-de-la-vereda-malagana-se-agrupan-para-identificar-sus-valores-y-la-sostenibilidad-alimentaria\/\"},\"wordCount\":546,\"commentCount\":0,\"image\":{\"@id\":\"https:\/\/corporacionpba.org\/nuevo\/campesinos-de-la-vereda-malagana-se-agrupan-para-identificar-sus-valores-y-la-sostenibilidad-alimentaria\/#primaryimage\"},\"thumbnailUrl\":\"https:\/\/corporacionpba.org\/nuevo\/wp-content\/uploads\/2021\/04\/IMG-20201210-WA0014-2-2.jpg\",\"articleSection\":[\"Art\u00edculo\",\"SliderINICIO\"],\"inLanguage\":\"es\",\"potentialAction\":[{\"@type\":\"CommentAction\",\"name\":\"Comment\",\"target\":[\"https:\/\/corporacionpba.org\/nuevo\/campesinos-de-la-vereda-malagana-se-agrupan-para-identificar-sus-valores-y-la-sostenibilidad-alimentaria\/#respond\"]}]},{\"@type\":\"WebPage\",\"@id\":\"https:\/\/corporacionpba.org\/nuevo\/campesinos-de-la-vereda-malagana-se-agrupan-para-identificar-sus-valores-y-la-sostenibilidad-alimentaria\/\",\"url\":\"https:\/\/corporacionpba.org\/nuevo\/campesinos-de-la-vereda-malagana-se-agrupan-para-identificar-sus-valores-y-la-sostenibilidad-alimentaria\/\",\"name\":\"Campesinos de la vereda Malagana se agrupan para identificar sus valores y la sostenibilidad alimentaria - Corporacion PBA\",\"isPartOf\":{\"@id\":\"https:\/\/corporacionpba.org\/nuevo\/#website\"},\"primaryImageOfPage\":{\"@id\":\"https:\/\/corporacionpba.org\/nuevo\/campesinos-de-la-vereda-malagana-se-agrupan-para-identificar-sus-valores-y-la-sostenibilidad-alimentaria\/#primaryimage\"},\"image\":{\"@id\":\"https:\/\/corporacionpba.org\/nuevo\/campesinos-de-la-vereda-malagana-se-agrupan-para-identificar-sus-valores-y-la-sostenibilidad-alimentaria\/#primaryimage\"},\"thumbnailUrl\":\"https:\/\/corporacionpba.org\/nuevo\/wp-content\/uploads\/2021\/04\/IMG-20201210-WA0014-2-2.jpg\",\"datePublished\":\"2021-04-13T22:57:07+00:00\",\"author\":{\"@id\":\"https:\/\/corporacionpba.org\/nuevo\/#\/schema\/person\/54fa2e5ef13523f0259b1707b99c11b8\"},\"breadcrumb\":{\"@id\":\"https:\/\/corporacionpba.org\/nuevo\/campesinos-de-la-vereda-malagana-se-agrupan-para-identificar-sus-valores-y-la-sostenibilidad-alimentaria\/#breadcrumb\"},\"inLanguage\":\"es\",\"potentialAction\":[{\"@type\":\"ReadAction\",\"target\":[\"https:\/\/corporacionpba.org\/nuevo\/campesinos-de-la-vereda-malagana-se-agrupan-para-identificar-sus-valores-y-la-sostenibilidad-alimentaria\/\"]}]},{\"@type\":\"ImageObject\",\"inLanguage\":\"es\",\"@id\":\"https:\/\/corporacionpba.org\/nuevo\/campesinos-de-la-vereda-malagana-se-agrupan-para-identificar-sus-valores-y-la-sostenibilidad-alimentaria\/#primaryimage\",\"url\":\"https:\/\/corporacionpba.org\/nuevo\/wp-content\/uploads\/2021\/04\/IMG-20201210-WA0014-2-2.jpg\",\"contentUrl\":\"https:\/\/corporacionpba.org\/nuevo\/wp-content\/uploads\/2021\/04\/IMG-20201210-WA0014-2-2.jpg\",\"width\":600,\"height\":600},{\"@type\":\"BreadcrumbList\",\"@id\":\"https:\/\/corporacionpba.org\/nuevo\/campesinos-de-la-vereda-malagana-se-agrupan-para-identificar-sus-valores-y-la-sostenibilidad-alimentaria\/#breadcrumb\",\"itemListElement\":[{\"@type\":\"ListItem\",\"position\":1,\"name\":\"Portada\",\"item\":\"https:\/\/corporacionpba.org\/nuevo\/\"},{\"@type\":\"ListItem\",\"position\":2,\"name\":\"Campesinos de la vereda Malagana se agrupan para identificar sus valores y la sostenibilidad alimentaria\"}]},{\"@type\":\"WebSite\",\"@id\":\"https:\/\/corporacionpba.org\/nuevo\/#website\",\"url\":\"https:\/\/corporacionpba.org\/nuevo\/\",\"name\":\"Corporacion PBA\",\"description\":\"Innovaci&oacute;n Rural para el Desarrollo\",\"potentialAction\":[{\"@type\":\"SearchAction\",\"target\":{\"@type\":\"EntryPoint\",\"urlTemplate\":\"https:\/\/corporacionpba.org\/nuevo\/?s={search_term_string}\"},\"query-input\":{\"@type\":\"PropertyValueSpecification\",\"valueRequired\":true,\"valueName\":\"search_term_string\"}}],\"inLanguage\":\"es\"},{\"@type\":\"Person\",\"@id\":\"https:\/\/corporacionpba.org\/nuevo\/#\/schema\/person\/54fa2e5ef13523f0259b1707b99c11b8\",\"name\":\"Corporacion PBA\",\"image\":{\"@type\":\"ImageObject\",\"inLanguage\":\"es\",\"@id\":\"https:\/\/secure.gravatar.com\/avatar\/2063c349439df46203f11a73c15ec3288b8d551168ba8c1a8410ff02770aa39b?s=96&d=mm&r=g\",\"url\":\"https:\/\/secure.gravatar.com\/avatar\/2063c349439df46203f11a73c15ec3288b8d551168ba8c1a8410ff02770aa39b?s=96&d=mm&r=g\",\"contentUrl\":\"https:\/\/secure.gravatar.com\/avatar\/2063c349439df46203f11a73c15ec3288b8d551168ba8c1a8410ff02770aa39b?s=96&d=mm&r=g\",\"caption\":\"Corporacion PBA\"},\"url\":\"https:\/\/corporacionpba.org\/nuevo\/author\/corpba\/\"}]}<\/script>\n<!-- \/ Yoast SEO plugin. -->","yoast_head_json":{"title":"Campesinos de la vereda Malagana se agrupan para identificar sus valores y la sostenibilidad alimentaria - Corporacion PBA","robots":{"index":"index","follow":"follow","max-snippet":"max-snippet:-1","max-image-preview":"max-image-preview:large","max-video-preview":"max-video-preview:-1"},"canonical":"https:\/\/corporacionpba.org\/nuevo\/campesinos-de-la-vereda-malagana-se-agrupan-para-identificar-sus-valores-y-la-sostenibilidad-alimentaria\/","og_locale":"es_ES","og_type":"article","og_title":"Campesinos de la vereda Malagana se agrupan para identificar sus valores y la sostenibilidad alimentaria - Corporacion PBA","og_description":"En la vereda Malagana, perteneciente al municipio de Ci\u00e9naga de Oro, C\u00f3rdoba, viven familias campesinas de estrato uno, gente trabajadora y amable que toda su vida se han dedicado a labrar la tierra. Teniendo terrenos privilegiados, el campesino de esta zona, por costumbre y tradici\u00f3n siempre se ha dedicado a trabajar por el d\u00eda a [&hellip;]","og_url":"https:\/\/corporacionpba.org\/nuevo\/campesinos-de-la-vereda-malagana-se-agrupan-para-identificar-sus-valores-y-la-sostenibilidad-alimentaria\/","og_site_name":"Corporacion PBA","article_published_time":"2021-04-13T22:57:07+00:00","og_image":[{"width":600,"height":600,"url":"https:\/\/corporacionpba.org\/nuevo\/wp-content\/uploads\/2021\/04\/IMG-20201210-WA0014-2-2.jpg","type":"image\/jpeg"}],"author":"Corporacion PBA","twitter_card":"summary_large_image","twitter_misc":{"Escrito por":"Corporacion PBA","Tiempo de lectura":"3 minutos"},"schema":{"@context":"https:\/\/schema.org","@graph":[{"@type":"Article","@id":"https:\/\/corporacionpba.org\/nuevo\/campesinos-de-la-vereda-malagana-se-agrupan-para-identificar-sus-valores-y-la-sostenibilidad-alimentaria\/#article","isPartOf":{"@id":"https:\/\/corporacionpba.org\/nuevo\/campesinos-de-la-vereda-malagana-se-agrupan-para-identificar-sus-valores-y-la-sostenibilidad-alimentaria\/"},"author":{"name":"Corporacion PBA","@id":"https:\/\/corporacionpba.org\/nuevo\/#\/schema\/person\/54fa2e5ef13523f0259b1707b99c11b8"},"headline":"Campesinos de la vereda Malagana se agrupan para identificar sus valores y la sostenibilidad alimentaria","datePublished":"2021-04-13T22:57:07+00:00","mainEntityOfPage":{"@id":"https:\/\/corporacionpba.org\/nuevo\/campesinos-de-la-vereda-malagana-se-agrupan-para-identificar-sus-valores-y-la-sostenibilidad-alimentaria\/"},"wordCount":546,"commentCount":0,"image":{"@id":"https:\/\/corporacionpba.org\/nuevo\/campesinos-de-la-vereda-malagana-se-agrupan-para-identificar-sus-valores-y-la-sostenibilidad-alimentaria\/#primaryimage"},"thumbnailUrl":"https:\/\/corporacionpba.org\/nuevo\/wp-content\/uploads\/2021\/04\/IMG-20201210-WA0014-2-2.jpg","articleSection":["Art\u00edculo","SliderINICIO"],"inLanguage":"es","potentialAction":[{"@type":"CommentAction","name":"Comment","target":["https:\/\/corporacionpba.org\/nuevo\/campesinos-de-la-vereda-malagana-se-agrupan-para-identificar-sus-valores-y-la-sostenibilidad-alimentaria\/#respond"]}]},{"@type":"WebPage","@id":"https:\/\/corporacionpba.org\/nuevo\/campesinos-de-la-vereda-malagana-se-agrupan-para-identificar-sus-valores-y-la-sostenibilidad-alimentaria\/","url":"https:\/\/corporacionpba.org\/nuevo\/campesinos-de-la-vereda-malagana-se-agrupan-para-identificar-sus-valores-y-la-sostenibilidad-alimentaria\/","name":"Campesinos de la vereda Malagana se agrupan para identificar sus valores y la sostenibilidad alimentaria - Corporacion PBA","isPartOf":{"@id":"https:\/\/corporacionpba.org\/nuevo\/#website"},"primaryImageOfPage":{"@id":"https:\/\/corporacionpba.org\/nuevo\/campesinos-de-la-vereda-malagana-se-agrupan-para-identificar-sus-valores-y-la-sostenibilidad-alimentaria\/#primaryimage"},"image":{"@id":"https:\/\/corporacionpba.org\/nuevo\/campesinos-de-la-vereda-malagana-se-agrupan-para-identificar-sus-valores-y-la-sostenibilidad-alimentaria\/#primaryimage"},"thumbnailUrl":"https:\/\/corporacionpba.org\/nuevo\/wp-content\/uploads\/2021\/04\/IMG-20201210-WA0014-2-2.jpg","datePublished":"2021-04-13T22:57:07+00:00","author":{"@id":"https:\/\/corporacionpba.org\/nuevo\/#\/schema\/person\/54fa2e5ef13523f0259b1707b99c11b8"},"breadcrumb":{"@id":"https:\/\/corporacionpba.org\/nuevo\/campesinos-de-la-vereda-malagana-se-agrupan-para-identificar-sus-valores-y-la-sostenibilidad-alimentaria\/#breadcrumb"},"inLanguage":"es","potentialAction":[{"@type":"ReadAction","target":["https:\/\/corporacionpba.org\/nuevo\/campesinos-de-la-vereda-malagana-se-agrupan-para-identificar-sus-valores-y-la-sostenibilidad-alimentaria\/"]}]},{"@type":"ImageObject","inLanguage":"es","@id":"https:\/\/corporacionpba.org\/nuevo\/campesinos-de-la-vereda-malagana-se-agrupan-para-identificar-sus-valores-y-la-sostenibilidad-alimentaria\/#primaryimage","url":"https:\/\/corporacionpba.org\/nuevo\/wp-content\/uploads\/2021\/04\/IMG-20201210-WA0014-2-2.jpg","contentUrl":"https:\/\/corporacionpba.org\/nuevo\/wp-content\/uploads\/2021\/04\/IMG-20201210-WA0014-2-2.jpg","width":600,"height":600},{"@type":"BreadcrumbList","@id":"https:\/\/corporacionpba.org\/nuevo\/campesinos-de-la-vereda-malagana-se-agrupan-para-identificar-sus-valores-y-la-sostenibilidad-alimentaria\/#breadcrumb","itemListElement":[{"@type":"ListItem","position":1,"name":"Portada","item":"https:\/\/corporacionpba.org\/nuevo\/"},{"@type":"ListItem","position":2,"name":"Campesinos de la vereda Malagana se agrupan para identificar sus valores y la sostenibilidad alimentaria"}]},{"@type":"WebSite","@id":"https:\/\/corporacionpba.org\/nuevo\/#website","url":"https:\/\/corporacionpba.org\/nuevo\/","name":"Corporacion PBA","description":"Innovaci&oacute;n Rural para el Desarrollo","potentialAction":[{"@type":"SearchAction","target":{"@type":"EntryPoint","urlTemplate":"https:\/\/corporacionpba.org\/nuevo\/?s={search_term_string}"},"query-input":{"@type":"PropertyValueSpecification","valueRequired":true,"valueName":"search_term_string"}}],"inLanguage":"es"},{"@type":"Person","@id":"https:\/\/corporacionpba.org\/nuevo\/#\/schema\/person\/54fa2e5ef13523f0259b1707b99c11b8","name":"Corporacion PBA","image":{"@type":"ImageObject","inLanguage":"es","@id":"https:\/\/secure.gravatar.com\/avatar\/2063c349439df46203f11a73c15ec3288b8d551168ba8c1a8410ff02770aa39b?s=96&d=mm&r=g","url":"https:\/\/secure.gravatar.com\/avatar\/2063c349439df46203f11a73c15ec3288b8d551168ba8c1a8410ff02770aa39b?s=96&d=mm&r=g","contentUrl":"https:\/\/secure.gravatar.com\/avatar\/2063c349439df46203f11a73c15ec3288b8d551168ba8c1a8410ff02770aa39b?s=96&d=mm&r=g","caption":"Corporacion PBA"},"url":"https:\/\/corporacionpba.org\/nuevo\/author\/corpba\/"}]}},"_links":{"self":[{"href":"https:\/\/corporacionpba.org\/nuevo\/wp-json\/wp\/v2\/posts\/1236","targetHints":{"allow":["GET"]}}],"collection":[{"href":"https:\/\/corporacionpba.org\/nuevo\/wp-json\/wp\/v2\/posts"}],"about":[{"href":"https:\/\/corporacionpba.org\/nuevo\/wp-json\/wp\/v2\/types\/post"}],"author":[{"embeddable":true,"href":"https:\/\/corporacionpba.org\/nuevo\/wp-json\/wp\/v2\/users\/2"}],"replies":[{"embeddable":true,"href":"https:\/\/corporacionpba.org\/nuevo\/wp-json\/wp\/v2\/comments?post=1236"}],"version-history":[{"count":1,"href":"https:\/\/corporacionpba.org\/nuevo\/wp-json\/wp\/v2\/posts\/1236\/revisions"}],"predecessor-version":[{"id":1238,"href":"https:\/\/corporacionpba.org\/nuevo\/wp-json\/wp\/v2\/posts\/1236\/revisions\/1238"}],"wp:featuredmedia":[{"embeddable":true,"href":"https:\/\/corporacionpba.org\/nuevo\/wp-json\/wp\/v2\/media\/1237"}],"wp:attachment":[{"href":"https:\/\/corporacionpba.org\/nuevo\/wp-json\/wp\/v2\/media?parent=1236"}],"wp:term":[{"taxonomy":"category","embeddable":true,"href":"https:\/\/corporacionpba.org\/nuevo\/wp-json\/wp\/v2\/categories?post=1236"},{"taxonomy":"post_tag","embeddable":true,"href":"https:\/\/corporacionpba.org\/nuevo\/wp-json\/wp\/v2\/tags?post=1236"}],"curies":[{"name":"wp","href":"https:\/\/api.w.org\/{rel}","templated":true}]}}