{"id":1239,"date":"2021-04-19T22:36:04","date_gmt":"2021-04-19T22:36:04","guid":{"rendered":"https:\/\/corporacionpba.org\/nuevo\/?p=1239"},"modified":"2021-04-19T22:36:04","modified_gmt":"2021-04-19T22:36:04","slug":"tuberculos-andinos-identidad-y-alimento-campesino","status":"publish","type":"post","link":"https:\/\/corporacionpba.org\/nuevo\/tuberculos-andinos-identidad-y-alimento-campesino\/","title":{"rendered":"Tub\u00e9rculos andinos, identidad y alimento campesino"},"content":{"rendered":"<p><img loading=\"lazy\" decoding=\"async\" class=\"size-medium wp-image-1240 aligncenter\" src=\"https:\/\/corporacionpba.org\/nuevo\/wp-content\/uploads\/2021\/04\/Taller-identificaci\u00f3n-morfotipo-papas_Cooinpaven_2-2-2-300x300.jpg\" alt=\"\" width=\"300\" height=\"300\" srcset=\"https:\/\/corporacionpba.org\/nuevo\/wp-content\/uploads\/2021\/04\/Taller-identificaci\u00f3n-morfotipo-papas_Cooinpaven_2-2-2-300x300.jpg 300w, https:\/\/corporacionpba.org\/nuevo\/wp-content\/uploads\/2021\/04\/Taller-identificaci\u00f3n-morfotipo-papas_Cooinpaven_2-2-2-150x150.jpg 150w, https:\/\/corporacionpba.org\/nuevo\/wp-content\/uploads\/2021\/04\/Taller-identificaci\u00f3n-morfotipo-papas_Cooinpaven_2-2-2.jpg 600w\" sizes=\"auto, (max-width: 300px) 100vw, 300px\" \/><\/p>\n<p>El proyecto \u201cAumento de la productividad en la agricultura familiar con sostenibilidad, inclusi\u00f3n y rentabilidad\u201d es financiado por FONTAGRO y ejecutado por la Corporaci\u00f3n PBA, la Universidad Javeriana y la Universidad Mayor de San Sim\u00f3n, de Bolivia. Dentro de los principales objetivos se busca fortalecer las unidades familiares de tres organizaciones para producir y comercializar papa nativa y tub\u00e9rculos andinos.<\/p>\n<p>Como parte de esto, el pasado 27 de marzo se realiz\u00f3 una actividad en el municipio de Ventaquemada, Boyac\u00e1, con los productores de la Cooperativa Integral de Productores de Papa &#8211; COOINPAVEN y la asesor\u00eda de varios docentes de la Universidad Javeriana y facilitadores de la Corporaci\u00f3n PBA.<\/p>\n<p>En dicho encuentro se socializaron los resultados del trabajo realizado por la Universidad en los a\u00f1os 2011 y 2012 en esta zona boyacense, resaltando la gran riqueza y diversidad de tub\u00e9rculos andinos que a\u00fan se encuentran en manos de peque\u00f1os campesinos, que cultivan la tierra y garantizan la seguridad alimentaria de sus familias.<\/p>\n<p>Con la participaci\u00f3n de los integrantes de la cooperativa se realiz\u00f3 un recuento de cultivos ancestrales, caracterizando morfotipos de papas nativa y tub\u00e9rculos andinos, analizando lo que ellos representan para la identidad cultural y gastron\u00f3mica de la regi\u00f3n. Adem\u00e1s, se resaltaron sus propiedades f\u00edsicas y organol\u00e9pticas (color, sabor, olor y textura), que pueden ser un gran potencial para ser explotado comercialmente y generar ingresos adicionales a las familias campesinas.<\/p>\n<p>A trav\u00e9s de la metodolog\u00eda de la Corporaci\u00f3n PBA se organizaron grupos de trabajo para identificar las actividades o labores a realizar, la problem\u00e1tica que afecta los cultivos y los par\u00e1metros a tener en cuenta -como siembra, fertilizaci\u00f3n, plagas, enfermedades, clima, cosecha y semillas-, que permitan evaluar el comportamiento de las papas nativas y los tub\u00e9rculos andinos (nabos, rubas e ibias).<\/p>\n<p>Uno de los principales retos para las entidades y organizaciones que participan en el proyecto es lograr que los tub\u00e9rculos andinos contin\u00faen siendo una fuerte identidad de la regi\u00f3n, as\u00ed como un alimento representativo en la mesa de los campesinos y de todo aquel que busque comer sana y naturalmente.<\/p>\n<p>Por: Luz Marina Parra<br \/>\nL\u00edder Multiplicadora<\/p>\n","protected":false},"excerpt":{"rendered":"<p>El proyecto \u201cAumento de la productividad en la agricultura familiar con sostenibilidad, inclusi\u00f3n y rentabilidad\u201d es financiado por FONTAGRO y ejecutado por la Corporaci\u00f3n PBA, la Universidad Javeriana y la Universidad Mayor de San Sim\u00f3n, de Bolivia. Dentro de los principales objetivos se busca fortalecer las unidades familiares de tres organizaciones para producir y comercializar [&hellip;]<\/p>\n","protected":false},"author":2,"featured_media":1240,"comment_status":"open","ping_status":"open","sticky":false,"template":"","format":"standard","meta":{"_et_pb_use_builder":"","_et_pb_old_content":"","footnotes":""},"categories":[11,13],"tags":[],"class_list":["post-1239","post","type-post","status-publish","format-standard","has-post-thumbnail","hentry","category-articulo","category-sliderinicio"],"yoast_head":"<!-- This site is optimized with the Yoast SEO plugin v27.2 - https:\/\/yoast.com\/product\/yoast-seo-wordpress\/ -->\n<title>Tub\u00e9rculos andinos, identidad y alimento campesino - Corporacion PBA<\/title>\n<meta name=\"robots\" content=\"index, follow, max-snippet:-1, max-image-preview:large, max-video-preview:-1\" \/>\n<link rel=\"canonical\" href=\"https:\/\/corporacionpba.org\/nuevo\/tuberculos-andinos-identidad-y-alimento-campesino\/\" \/>\n<meta property=\"og:locale\" content=\"es_ES\" \/>\n<meta property=\"og:type\" content=\"article\" \/>\n<meta property=\"og:title\" content=\"Tub\u00e9rculos andinos, identidad y alimento campesino - Corporacion PBA\" \/>\n<meta property=\"og:description\" content=\"El proyecto \u201cAumento de la productividad en la agricultura familiar con sostenibilidad, inclusi\u00f3n y rentabilidad\u201d es financiado por FONTAGRO y ejecutado por la Corporaci\u00f3n PBA, la Universidad Javeriana y la Universidad Mayor de San Sim\u00f3n, de Bolivia. Dentro de los principales objetivos se busca fortalecer las unidades familiares de tres organizaciones para producir y comercializar [&hellip;]\" \/>\n<meta property=\"og:url\" content=\"https:\/\/corporacionpba.org\/nuevo\/tuberculos-andinos-identidad-y-alimento-campesino\/\" \/>\n<meta property=\"og:site_name\" content=\"Corporacion PBA\" \/>\n<meta property=\"article:published_time\" content=\"2021-04-19T22:36:04+00:00\" \/>\n<meta property=\"og:image\" content=\"https:\/\/corporacionpba.org\/nuevo\/wp-content\/uploads\/2021\/04\/Taller-identificaci\u00f3n-morfotipo-papas_Cooinpaven_2-2-2.jpg\" \/>\n\t<meta property=\"og:image:width\" content=\"600\" \/>\n\t<meta property=\"og:image:height\" content=\"600\" \/>\n\t<meta property=\"og:image:type\" content=\"image\/jpeg\" \/>\n<meta name=\"author\" content=\"Corporacion PBA\" \/>\n<meta name=\"twitter:card\" content=\"summary_large_image\" \/>\n<meta name=\"twitter:label1\" content=\"Escrito por\" \/>\n\t<meta name=\"twitter:data1\" content=\"Corporacion PBA\" \/>\n\t<meta name=\"twitter:label2\" content=\"Tiempo de lectura\" \/>\n\t<meta name=\"twitter:data2\" content=\"2 minutos\" \/>\n<script type=\"application\/ld+json\" class=\"yoast-schema-graph\">{\"@context\":\"https:\/\/schema.org\",\"@graph\":[{\"@type\":\"Article\",\"@id\":\"https:\/\/corporacionpba.org\/nuevo\/tuberculos-andinos-identidad-y-alimento-campesino\/#article\",\"isPartOf\":{\"@id\":\"https:\/\/corporacionpba.org\/nuevo\/tuberculos-andinos-identidad-y-alimento-campesino\/\"},\"author\":{\"name\":\"Corporacion PBA\",\"@id\":\"https:\/\/corporacionpba.org\/nuevo\/#\/schema\/person\/54fa2e5ef13523f0259b1707b99c11b8\"},\"headline\":\"Tub\u00e9rculos andinos, identidad y alimento campesino\",\"datePublished\":\"2021-04-19T22:36:04+00:00\",\"mainEntityOfPage\":{\"@id\":\"https:\/\/corporacionpba.org\/nuevo\/tuberculos-andinos-identidad-y-alimento-campesino\/\"},\"wordCount\":379,\"commentCount\":0,\"image\":{\"@id\":\"https:\/\/corporacionpba.org\/nuevo\/tuberculos-andinos-identidad-y-alimento-campesino\/#primaryimage\"},\"thumbnailUrl\":\"https:\/\/corporacionpba.org\/nuevo\/wp-content\/uploads\/2021\/04\/Taller-identificaci\u00f3n-morfotipo-papas_Cooinpaven_2-2-2.jpg\",\"articleSection\":[\"Art\u00edculo\",\"SliderINICIO\"],\"inLanguage\":\"es\",\"potentialAction\":[{\"@type\":\"CommentAction\",\"name\":\"Comment\",\"target\":[\"https:\/\/corporacionpba.org\/nuevo\/tuberculos-andinos-identidad-y-alimento-campesino\/#respond\"]}]},{\"@type\":\"WebPage\",\"@id\":\"https:\/\/corporacionpba.org\/nuevo\/tuberculos-andinos-identidad-y-alimento-campesino\/\",\"url\":\"https:\/\/corporacionpba.org\/nuevo\/tuberculos-andinos-identidad-y-alimento-campesino\/\",\"name\":\"Tub\u00e9rculos andinos, identidad y alimento campesino - Corporacion PBA\",\"isPartOf\":{\"@id\":\"https:\/\/corporacionpba.org\/nuevo\/#website\"},\"primaryImageOfPage\":{\"@id\":\"https:\/\/corporacionpba.org\/nuevo\/tuberculos-andinos-identidad-y-alimento-campesino\/#primaryimage\"},\"image\":{\"@id\":\"https:\/\/corporacionpba.org\/nuevo\/tuberculos-andinos-identidad-y-alimento-campesino\/#primaryimage\"},\"thumbnailUrl\":\"https:\/\/corporacionpba.org\/nuevo\/wp-content\/uploads\/2021\/04\/Taller-identificaci\u00f3n-morfotipo-papas_Cooinpaven_2-2-2.jpg\",\"datePublished\":\"2021-04-19T22:36:04+00:00\",\"author\":{\"@id\":\"https:\/\/corporacionpba.org\/nuevo\/#\/schema\/person\/54fa2e5ef13523f0259b1707b99c11b8\"},\"breadcrumb\":{\"@id\":\"https:\/\/corporacionpba.org\/nuevo\/tuberculos-andinos-identidad-y-alimento-campesino\/#breadcrumb\"},\"inLanguage\":\"es\",\"potentialAction\":[{\"@type\":\"ReadAction\",\"target\":[\"https:\/\/corporacionpba.org\/nuevo\/tuberculos-andinos-identidad-y-alimento-campesino\/\"]}]},{\"@type\":\"ImageObject\",\"inLanguage\":\"es\",\"@id\":\"https:\/\/corporacionpba.org\/nuevo\/tuberculos-andinos-identidad-y-alimento-campesino\/#primaryimage\",\"url\":\"https:\/\/corporacionpba.org\/nuevo\/wp-content\/uploads\/2021\/04\/Taller-identificaci\u00f3n-morfotipo-papas_Cooinpaven_2-2-2.jpg\",\"contentUrl\":\"https:\/\/corporacionpba.org\/nuevo\/wp-content\/uploads\/2021\/04\/Taller-identificaci\u00f3n-morfotipo-papas_Cooinpaven_2-2-2.jpg\",\"width\":600,\"height\":600},{\"@type\":\"BreadcrumbList\",\"@id\":\"https:\/\/corporacionpba.org\/nuevo\/tuberculos-andinos-identidad-y-alimento-campesino\/#breadcrumb\",\"itemListElement\":[{\"@type\":\"ListItem\",\"position\":1,\"name\":\"Portada\",\"item\":\"https:\/\/corporacionpba.org\/nuevo\/\"},{\"@type\":\"ListItem\",\"position\":2,\"name\":\"Tub\u00e9rculos andinos, identidad y alimento campesino\"}]},{\"@type\":\"WebSite\",\"@id\":\"https:\/\/corporacionpba.org\/nuevo\/#website\",\"url\":\"https:\/\/corporacionpba.org\/nuevo\/\",\"name\":\"Corporacion PBA\",\"description\":\"Innovaci&oacute;n Rural para el Desarrollo\",\"potentialAction\":[{\"@type\":\"SearchAction\",\"target\":{\"@type\":\"EntryPoint\",\"urlTemplate\":\"https:\/\/corporacionpba.org\/nuevo\/?s={search_term_string}\"},\"query-input\":{\"@type\":\"PropertyValueSpecification\",\"valueRequired\":true,\"valueName\":\"search_term_string\"}}],\"inLanguage\":\"es\"},{\"@type\":\"Person\",\"@id\":\"https:\/\/corporacionpba.org\/nuevo\/#\/schema\/person\/54fa2e5ef13523f0259b1707b99c11b8\",\"name\":\"Corporacion PBA\",\"image\":{\"@type\":\"ImageObject\",\"inLanguage\":\"es\",\"@id\":\"https:\/\/secure.gravatar.com\/avatar\/2063c349439df46203f11a73c15ec3288b8d551168ba8c1a8410ff02770aa39b?s=96&d=mm&r=g\",\"url\":\"https:\/\/secure.gravatar.com\/avatar\/2063c349439df46203f11a73c15ec3288b8d551168ba8c1a8410ff02770aa39b?s=96&d=mm&r=g\",\"contentUrl\":\"https:\/\/secure.gravatar.com\/avatar\/2063c349439df46203f11a73c15ec3288b8d551168ba8c1a8410ff02770aa39b?s=96&d=mm&r=g\",\"caption\":\"Corporacion PBA\"},\"url\":\"https:\/\/corporacionpba.org\/nuevo\/author\/corpba\/\"}]}<\/script>\n<!-- \/ Yoast SEO plugin. -->","yoast_head_json":{"title":"Tub\u00e9rculos andinos, identidad y alimento campesino - Corporacion PBA","robots":{"index":"index","follow":"follow","max-snippet":"max-snippet:-1","max-image-preview":"max-image-preview:large","max-video-preview":"max-video-preview:-1"},"canonical":"https:\/\/corporacionpba.org\/nuevo\/tuberculos-andinos-identidad-y-alimento-campesino\/","og_locale":"es_ES","og_type":"article","og_title":"Tub\u00e9rculos andinos, identidad y alimento campesino - Corporacion PBA","og_description":"El proyecto \u201cAumento de la productividad en la agricultura familiar con sostenibilidad, inclusi\u00f3n y rentabilidad\u201d es financiado por FONTAGRO y ejecutado por la Corporaci\u00f3n PBA, la Universidad Javeriana y la Universidad Mayor de San Sim\u00f3n, de Bolivia. Dentro de los principales objetivos se busca fortalecer las unidades familiares de tres organizaciones para producir y comercializar [&hellip;]","og_url":"https:\/\/corporacionpba.org\/nuevo\/tuberculos-andinos-identidad-y-alimento-campesino\/","og_site_name":"Corporacion PBA","article_published_time":"2021-04-19T22:36:04+00:00","og_image":[{"width":600,"height":600,"url":"https:\/\/corporacionpba.org\/nuevo\/wp-content\/uploads\/2021\/04\/Taller-identificaci\u00f3n-morfotipo-papas_Cooinpaven_2-2-2.jpg","type":"image\/jpeg"}],"author":"Corporacion PBA","twitter_card":"summary_large_image","twitter_misc":{"Escrito por":"Corporacion PBA","Tiempo de lectura":"2 minutos"},"schema":{"@context":"https:\/\/schema.org","@graph":[{"@type":"Article","@id":"https:\/\/corporacionpba.org\/nuevo\/tuberculos-andinos-identidad-y-alimento-campesino\/#article","isPartOf":{"@id":"https:\/\/corporacionpba.org\/nuevo\/tuberculos-andinos-identidad-y-alimento-campesino\/"},"author":{"name":"Corporacion PBA","@id":"https:\/\/corporacionpba.org\/nuevo\/#\/schema\/person\/54fa2e5ef13523f0259b1707b99c11b8"},"headline":"Tub\u00e9rculos andinos, identidad y alimento campesino","datePublished":"2021-04-19T22:36:04+00:00","mainEntityOfPage":{"@id":"https:\/\/corporacionpba.org\/nuevo\/tuberculos-andinos-identidad-y-alimento-campesino\/"},"wordCount":379,"commentCount":0,"image":{"@id":"https:\/\/corporacionpba.org\/nuevo\/tuberculos-andinos-identidad-y-alimento-campesino\/#primaryimage"},"thumbnailUrl":"https:\/\/corporacionpba.org\/nuevo\/wp-content\/uploads\/2021\/04\/Taller-identificaci\u00f3n-morfotipo-papas_Cooinpaven_2-2-2.jpg","articleSection":["Art\u00edculo","SliderINICIO"],"inLanguage":"es","potentialAction":[{"@type":"CommentAction","name":"Comment","target":["https:\/\/corporacionpba.org\/nuevo\/tuberculos-andinos-identidad-y-alimento-campesino\/#respond"]}]},{"@type":"WebPage","@id":"https:\/\/corporacionpba.org\/nuevo\/tuberculos-andinos-identidad-y-alimento-campesino\/","url":"https:\/\/corporacionpba.org\/nuevo\/tuberculos-andinos-identidad-y-alimento-campesino\/","name":"Tub\u00e9rculos andinos, identidad y alimento campesino - Corporacion PBA","isPartOf":{"@id":"https:\/\/corporacionpba.org\/nuevo\/#website"},"primaryImageOfPage":{"@id":"https:\/\/corporacionpba.org\/nuevo\/tuberculos-andinos-identidad-y-alimento-campesino\/#primaryimage"},"image":{"@id":"https:\/\/corporacionpba.org\/nuevo\/tuberculos-andinos-identidad-y-alimento-campesino\/#primaryimage"},"thumbnailUrl":"https:\/\/corporacionpba.org\/nuevo\/wp-content\/uploads\/2021\/04\/Taller-identificaci\u00f3n-morfotipo-papas_Cooinpaven_2-2-2.jpg","datePublished":"2021-04-19T22:36:04+00:00","author":{"@id":"https:\/\/corporacionpba.org\/nuevo\/#\/schema\/person\/54fa2e5ef13523f0259b1707b99c11b8"},"breadcrumb":{"@id":"https:\/\/corporacionpba.org\/nuevo\/tuberculos-andinos-identidad-y-alimento-campesino\/#breadcrumb"},"inLanguage":"es","potentialAction":[{"@type":"ReadAction","target":["https:\/\/corporacionpba.org\/nuevo\/tuberculos-andinos-identidad-y-alimento-campesino\/"]}]},{"@type":"ImageObject","inLanguage":"es","@id":"https:\/\/corporacionpba.org\/nuevo\/tuberculos-andinos-identidad-y-alimento-campesino\/#primaryimage","url":"https:\/\/corporacionpba.org\/nuevo\/wp-content\/uploads\/2021\/04\/Taller-identificaci\u00f3n-morfotipo-papas_Cooinpaven_2-2-2.jpg","contentUrl":"https:\/\/corporacionpba.org\/nuevo\/wp-content\/uploads\/2021\/04\/Taller-identificaci\u00f3n-morfotipo-papas_Cooinpaven_2-2-2.jpg","width":600,"height":600},{"@type":"BreadcrumbList","@id":"https:\/\/corporacionpba.org\/nuevo\/tuberculos-andinos-identidad-y-alimento-campesino\/#breadcrumb","itemListElement":[{"@type":"ListItem","position":1,"name":"Portada","item":"https:\/\/corporacionpba.org\/nuevo\/"},{"@type":"ListItem","position":2,"name":"Tub\u00e9rculos andinos, identidad y alimento campesino"}]},{"@type":"WebSite","@id":"https:\/\/corporacionpba.org\/nuevo\/#website","url":"https:\/\/corporacionpba.org\/nuevo\/","name":"Corporacion PBA","description":"Innovaci&oacute;n Rural para el Desarrollo","potentialAction":[{"@type":"SearchAction","target":{"@type":"EntryPoint","urlTemplate":"https:\/\/corporacionpba.org\/nuevo\/?s={search_term_string}"},"query-input":{"@type":"PropertyValueSpecification","valueRequired":true,"valueName":"search_term_string"}}],"inLanguage":"es"},{"@type":"Person","@id":"https:\/\/corporacionpba.org\/nuevo\/#\/schema\/person\/54fa2e5ef13523f0259b1707b99c11b8","name":"Corporacion PBA","image":{"@type":"ImageObject","inLanguage":"es","@id":"https:\/\/secure.gravatar.com\/avatar\/2063c349439df46203f11a73c15ec3288b8d551168ba8c1a8410ff02770aa39b?s=96&d=mm&r=g","url":"https:\/\/secure.gravatar.com\/avatar\/2063c349439df46203f11a73c15ec3288b8d551168ba8c1a8410ff02770aa39b?s=96&d=mm&r=g","contentUrl":"https:\/\/secure.gravatar.com\/avatar\/2063c349439df46203f11a73c15ec3288b8d551168ba8c1a8410ff02770aa39b?s=96&d=mm&r=g","caption":"Corporacion PBA"},"url":"https:\/\/corporacionpba.org\/nuevo\/author\/corpba\/"}]}},"_links":{"self":[{"href":"https:\/\/corporacionpba.org\/nuevo\/wp-json\/wp\/v2\/posts\/1239","targetHints":{"allow":["GET"]}}],"collection":[{"href":"https:\/\/corporacionpba.org\/nuevo\/wp-json\/wp\/v2\/posts"}],"about":[{"href":"https:\/\/corporacionpba.org\/nuevo\/wp-json\/wp\/v2\/types\/post"}],"author":[{"embeddable":true,"href":"https:\/\/corporacionpba.org\/nuevo\/wp-json\/wp\/v2\/users\/2"}],"replies":[{"embeddable":true,"href":"https:\/\/corporacionpba.org\/nuevo\/wp-json\/wp\/v2\/comments?post=1239"}],"version-history":[{"count":1,"href":"https:\/\/corporacionpba.org\/nuevo\/wp-json\/wp\/v2\/posts\/1239\/revisions"}],"predecessor-version":[{"id":1241,"href":"https:\/\/corporacionpba.org\/nuevo\/wp-json\/wp\/v2\/posts\/1239\/revisions\/1241"}],"wp:featuredmedia":[{"embeddable":true,"href":"https:\/\/corporacionpba.org\/nuevo\/wp-json\/wp\/v2\/media\/1240"}],"wp:attachment":[{"href":"https:\/\/corporacionpba.org\/nuevo\/wp-json\/wp\/v2\/media?parent=1239"}],"wp:term":[{"taxonomy":"category","embeddable":true,"href":"https:\/\/corporacionpba.org\/nuevo\/wp-json\/wp\/v2\/categories?post=1239"},{"taxonomy":"post_tag","embeddable":true,"href":"https:\/\/corporacionpba.org\/nuevo\/wp-json\/wp\/v2\/tags?post=1239"}],"curies":[{"name":"wp","href":"https:\/\/api.w.org\/{rel}","templated":true}]}}