{"id":1270,"date":"2021-05-05T17:02:00","date_gmt":"2021-05-05T17:02:00","guid":{"rendered":"https:\/\/corporacionpba.org\/nuevo\/?p=1270"},"modified":"2021-05-10T21:17:57","modified_gmt":"2021-05-10T21:17:57","slug":"la-incapacidad-no-es-impedimento-para-hacer-el-cambio","status":"publish","type":"post","link":"https:\/\/corporacionpba.org\/nuevo\/la-incapacidad-no-es-impedimento-para-hacer-el-cambio\/","title":{"rendered":"La discapacidad no es impedimento para hacer el cambio"},"content":{"rendered":"<p style=\"text-align: center;\"><img loading=\"lazy\" decoding=\"async\" class=\"size-medium wp-image-1271 aligncenter\" src=\"https:\/\/corporacionpba.org\/nuevo\/wp-content\/uploads\/2021\/05\/Foto-Yuliana-2-2-300x300.jpg\" alt=\"\" width=\"300\" height=\"300\" srcset=\"https:\/\/corporacionpba.org\/nuevo\/wp-content\/uploads\/2021\/05\/Foto-Yuliana-2-2-300x300.jpg 300w, https:\/\/corporacionpba.org\/nuevo\/wp-content\/uploads\/2021\/05\/Foto-Yuliana-2-2-150x150.jpg 150w, https:\/\/corporacionpba.org\/nuevo\/wp-content\/uploads\/2021\/05\/Foto-Yuliana-2-2.jpg 600w\" sizes=\"auto, (max-width: 300px) 100vw, 300px\" \/><\/p>\n<p style=\"text-align: left;\">La mayor\u00eda de las veces pensamos que tener una incapacidad es un motivo de limitaci\u00f3n, que tal vez no podemos seguir con nuestra vida adelante. Sin embargo, en el camino nos encontramos con oportunidades que no podemos perder.<\/p>\n<p>En mi caso personal se me present\u00f3 la oportunidad de ser part\u00edcipe de uno de los grupos de formaci\u00f3n de comunicadores rurales de la Corporaci\u00f3n PBA. Pensaba con temor que no podr\u00eda lograrlo, pero lo m\u00e1s maravilloso es que a pesar de mi discapacidad eso me ha permitido obtener confianza y ver la vida de otra manera.<\/p>\n<p>De esta forma he logrado superar mis temores visuales, ya que no hay l\u00edmites para lograr mis sue\u00f1os y mis proyectos de vida. He contado con el apoyo necesario para seguir adelante y hacer un cambio positivo en mi vida.<\/p>\n<p>Adem\u00e1s, he motivado a otros compa\u00f1eros a iniciar su lucha de acuerdo a sus limitaciones, pero siempre pensando en lo m\u00e1s importante, que es iniciar y so\u00f1ar.<\/p>\n<p>Doy gracias a Dios por permitirme seguir adelante y por poderle aportar a mis compa\u00f1eros el valor de so\u00f1ar, sin importar las circunstancias en que nos encontremos.<\/p>\n<p>Por: Yuliana Ibach\u00ed<br \/>\nComunicadora Rural<\/p>\n","protected":false},"excerpt":{"rendered":"<p>La mayor\u00eda de las veces pensamos que tener una incapacidad es un motivo de limitaci\u00f3n, que tal vez no podemos seguir con nuestra vida adelante. Sin embargo, en el camino nos encontramos con oportunidades que no podemos perder. En mi caso personal se me present\u00f3 la oportunidad de ser part\u00edcipe de uno de los grupos [&hellip;]<\/p>\n","protected":false},"author":2,"featured_media":1271,"comment_status":"open","ping_status":"open","sticky":false,"template":"","format":"standard","meta":{"_et_pb_use_builder":"","_et_pb_old_content":"","footnotes":""},"categories":[11,13],"tags":[],"class_list":["post-1270","post","type-post","status-publish","format-standard","has-post-thumbnail","hentry","category-articulo","category-sliderinicio"],"yoast_head":"<!-- This site is optimized with the Yoast SEO plugin v27.2 - https:\/\/yoast.com\/product\/yoast-seo-wordpress\/ -->\n<title>La discapacidad no es impedimento para hacer el cambio - Corporacion PBA<\/title>\n<meta name=\"robots\" content=\"index, follow, max-snippet:-1, max-image-preview:large, max-video-preview:-1\" \/>\n<link rel=\"canonical\" href=\"https:\/\/corporacionpba.org\/nuevo\/la-incapacidad-no-es-impedimento-para-hacer-el-cambio\/\" \/>\n<meta property=\"og:locale\" content=\"es_ES\" \/>\n<meta property=\"og:type\" content=\"article\" \/>\n<meta property=\"og:title\" content=\"La discapacidad no es impedimento para hacer el cambio - Corporacion PBA\" \/>\n<meta property=\"og:description\" content=\"La mayor\u00eda de las veces pensamos que tener una incapacidad es un motivo de limitaci\u00f3n, que tal vez no podemos seguir con nuestra vida adelante. Sin embargo, en el camino nos encontramos con oportunidades que no podemos perder. En mi caso personal se me present\u00f3 la oportunidad de ser part\u00edcipe de uno de los grupos [&hellip;]\" \/>\n<meta property=\"og:url\" content=\"https:\/\/corporacionpba.org\/nuevo\/la-incapacidad-no-es-impedimento-para-hacer-el-cambio\/\" \/>\n<meta property=\"og:site_name\" content=\"Corporacion PBA\" \/>\n<meta property=\"article:published_time\" content=\"2021-05-05T17:02:00+00:00\" \/>\n<meta property=\"article:modified_time\" content=\"2021-05-10T21:17:57+00:00\" \/>\n<meta property=\"og:image\" content=\"https:\/\/corporacionpba.org\/nuevo\/wp-content\/uploads\/2021\/05\/Foto-Yuliana-2-2.jpg\" \/>\n\t<meta property=\"og:image:width\" content=\"600\" \/>\n\t<meta property=\"og:image:height\" content=\"600\" \/>\n\t<meta property=\"og:image:type\" content=\"image\/jpeg\" \/>\n<meta name=\"author\" content=\"Corporacion PBA\" \/>\n<meta name=\"twitter:card\" content=\"summary_large_image\" \/>\n<meta name=\"twitter:label1\" content=\"Escrito por\" \/>\n\t<meta name=\"twitter:data1\" content=\"Corporacion PBA\" \/>\n\t<meta name=\"twitter:label2\" content=\"Tiempo de lectura\" \/>\n\t<meta name=\"twitter:data2\" content=\"1 minuto\" \/>\n<script type=\"application\/ld+json\" class=\"yoast-schema-graph\">{\"@context\":\"https:\/\/schema.org\",\"@graph\":[{\"@type\":\"Article\",\"@id\":\"https:\/\/corporacionpba.org\/nuevo\/la-incapacidad-no-es-impedimento-para-hacer-el-cambio\/#article\",\"isPartOf\":{\"@id\":\"https:\/\/corporacionpba.org\/nuevo\/la-incapacidad-no-es-impedimento-para-hacer-el-cambio\/\"},\"author\":{\"name\":\"Corporacion PBA\",\"@id\":\"https:\/\/corporacionpba.org\/nuevo\/#\/schema\/person\/54fa2e5ef13523f0259b1707b99c11b8\"},\"headline\":\"La discapacidad no es impedimento para hacer el cambio\",\"datePublished\":\"2021-05-05T17:02:00+00:00\",\"dateModified\":\"2021-05-10T21:17:57+00:00\",\"mainEntityOfPage\":{\"@id\":\"https:\/\/corporacionpba.org\/nuevo\/la-incapacidad-no-es-impedimento-para-hacer-el-cambio\/\"},\"wordCount\":218,\"commentCount\":0,\"image\":{\"@id\":\"https:\/\/corporacionpba.org\/nuevo\/la-incapacidad-no-es-impedimento-para-hacer-el-cambio\/#primaryimage\"},\"thumbnailUrl\":\"https:\/\/corporacionpba.org\/nuevo\/wp-content\/uploads\/2021\/05\/Foto-Yuliana-2-2.jpg\",\"articleSection\":[\"Art\u00edculo\",\"SliderINICIO\"],\"inLanguage\":\"es\",\"potentialAction\":[{\"@type\":\"CommentAction\",\"name\":\"Comment\",\"target\":[\"https:\/\/corporacionpba.org\/nuevo\/la-incapacidad-no-es-impedimento-para-hacer-el-cambio\/#respond\"]}]},{\"@type\":\"WebPage\",\"@id\":\"https:\/\/corporacionpba.org\/nuevo\/la-incapacidad-no-es-impedimento-para-hacer-el-cambio\/\",\"url\":\"https:\/\/corporacionpba.org\/nuevo\/la-incapacidad-no-es-impedimento-para-hacer-el-cambio\/\",\"name\":\"La discapacidad no es impedimento para hacer el cambio - Corporacion PBA\",\"isPartOf\":{\"@id\":\"https:\/\/corporacionpba.org\/nuevo\/#website\"},\"primaryImageOfPage\":{\"@id\":\"https:\/\/corporacionpba.org\/nuevo\/la-incapacidad-no-es-impedimento-para-hacer-el-cambio\/#primaryimage\"},\"image\":{\"@id\":\"https:\/\/corporacionpba.org\/nuevo\/la-incapacidad-no-es-impedimento-para-hacer-el-cambio\/#primaryimage\"},\"thumbnailUrl\":\"https:\/\/corporacionpba.org\/nuevo\/wp-content\/uploads\/2021\/05\/Foto-Yuliana-2-2.jpg\",\"datePublished\":\"2021-05-05T17:02:00+00:00\",\"dateModified\":\"2021-05-10T21:17:57+00:00\",\"author\":{\"@id\":\"https:\/\/corporacionpba.org\/nuevo\/#\/schema\/person\/54fa2e5ef13523f0259b1707b99c11b8\"},\"breadcrumb\":{\"@id\":\"https:\/\/corporacionpba.org\/nuevo\/la-incapacidad-no-es-impedimento-para-hacer-el-cambio\/#breadcrumb\"},\"inLanguage\":\"es\",\"potentialAction\":[{\"@type\":\"ReadAction\",\"target\":[\"https:\/\/corporacionpba.org\/nuevo\/la-incapacidad-no-es-impedimento-para-hacer-el-cambio\/\"]}]},{\"@type\":\"ImageObject\",\"inLanguage\":\"es\",\"@id\":\"https:\/\/corporacionpba.org\/nuevo\/la-incapacidad-no-es-impedimento-para-hacer-el-cambio\/#primaryimage\",\"url\":\"https:\/\/corporacionpba.org\/nuevo\/wp-content\/uploads\/2021\/05\/Foto-Yuliana-2-2.jpg\",\"contentUrl\":\"https:\/\/corporacionpba.org\/nuevo\/wp-content\/uploads\/2021\/05\/Foto-Yuliana-2-2.jpg\",\"width\":600,\"height\":600},{\"@type\":\"BreadcrumbList\",\"@id\":\"https:\/\/corporacionpba.org\/nuevo\/la-incapacidad-no-es-impedimento-para-hacer-el-cambio\/#breadcrumb\",\"itemListElement\":[{\"@type\":\"ListItem\",\"position\":1,\"name\":\"Portada\",\"item\":\"https:\/\/corporacionpba.org\/nuevo\/\"},{\"@type\":\"ListItem\",\"position\":2,\"name\":\"La discapacidad no es impedimento para hacer el cambio\"}]},{\"@type\":\"WebSite\",\"@id\":\"https:\/\/corporacionpba.org\/nuevo\/#website\",\"url\":\"https:\/\/corporacionpba.org\/nuevo\/\",\"name\":\"Corporacion PBA\",\"description\":\"Innovaci&oacute;n Rural para el Desarrollo\",\"potentialAction\":[{\"@type\":\"SearchAction\",\"target\":{\"@type\":\"EntryPoint\",\"urlTemplate\":\"https:\/\/corporacionpba.org\/nuevo\/?s={search_term_string}\"},\"query-input\":{\"@type\":\"PropertyValueSpecification\",\"valueRequired\":true,\"valueName\":\"search_term_string\"}}],\"inLanguage\":\"es\"},{\"@type\":\"Person\",\"@id\":\"https:\/\/corporacionpba.org\/nuevo\/#\/schema\/person\/54fa2e5ef13523f0259b1707b99c11b8\",\"name\":\"Corporacion PBA\",\"image\":{\"@type\":\"ImageObject\",\"inLanguage\":\"es\",\"@id\":\"https:\/\/secure.gravatar.com\/avatar\/2063c349439df46203f11a73c15ec3288b8d551168ba8c1a8410ff02770aa39b?s=96&d=mm&r=g\",\"url\":\"https:\/\/secure.gravatar.com\/avatar\/2063c349439df46203f11a73c15ec3288b8d551168ba8c1a8410ff02770aa39b?s=96&d=mm&r=g\",\"contentUrl\":\"https:\/\/secure.gravatar.com\/avatar\/2063c349439df46203f11a73c15ec3288b8d551168ba8c1a8410ff02770aa39b?s=96&d=mm&r=g\",\"caption\":\"Corporacion PBA\"},\"url\":\"https:\/\/corporacionpba.org\/nuevo\/author\/corpba\/\"}]}<\/script>\n<!-- \/ Yoast SEO plugin. -->","yoast_head_json":{"title":"La discapacidad no es impedimento para hacer el cambio - Corporacion PBA","robots":{"index":"index","follow":"follow","max-snippet":"max-snippet:-1","max-image-preview":"max-image-preview:large","max-video-preview":"max-video-preview:-1"},"canonical":"https:\/\/corporacionpba.org\/nuevo\/la-incapacidad-no-es-impedimento-para-hacer-el-cambio\/","og_locale":"es_ES","og_type":"article","og_title":"La discapacidad no es impedimento para hacer el cambio - Corporacion PBA","og_description":"La mayor\u00eda de las veces pensamos que tener una incapacidad es un motivo de limitaci\u00f3n, que tal vez no podemos seguir con nuestra vida adelante. Sin embargo, en el camino nos encontramos con oportunidades que no podemos perder. En mi caso personal se me present\u00f3 la oportunidad de ser part\u00edcipe de uno de los grupos [&hellip;]","og_url":"https:\/\/corporacionpba.org\/nuevo\/la-incapacidad-no-es-impedimento-para-hacer-el-cambio\/","og_site_name":"Corporacion PBA","article_published_time":"2021-05-05T17:02:00+00:00","article_modified_time":"2021-05-10T21:17:57+00:00","og_image":[{"width":600,"height":600,"url":"https:\/\/corporacionpba.org\/nuevo\/wp-content\/uploads\/2021\/05\/Foto-Yuliana-2-2.jpg","type":"image\/jpeg"}],"author":"Corporacion PBA","twitter_card":"summary_large_image","twitter_misc":{"Escrito por":"Corporacion PBA","Tiempo de lectura":"1 minuto"},"schema":{"@context":"https:\/\/schema.org","@graph":[{"@type":"Article","@id":"https:\/\/corporacionpba.org\/nuevo\/la-incapacidad-no-es-impedimento-para-hacer-el-cambio\/#article","isPartOf":{"@id":"https:\/\/corporacionpba.org\/nuevo\/la-incapacidad-no-es-impedimento-para-hacer-el-cambio\/"},"author":{"name":"Corporacion PBA","@id":"https:\/\/corporacionpba.org\/nuevo\/#\/schema\/person\/54fa2e5ef13523f0259b1707b99c11b8"},"headline":"La discapacidad no es impedimento para hacer el cambio","datePublished":"2021-05-05T17:02:00+00:00","dateModified":"2021-05-10T21:17:57+00:00","mainEntityOfPage":{"@id":"https:\/\/corporacionpba.org\/nuevo\/la-incapacidad-no-es-impedimento-para-hacer-el-cambio\/"},"wordCount":218,"commentCount":0,"image":{"@id":"https:\/\/corporacionpba.org\/nuevo\/la-incapacidad-no-es-impedimento-para-hacer-el-cambio\/#primaryimage"},"thumbnailUrl":"https:\/\/corporacionpba.org\/nuevo\/wp-content\/uploads\/2021\/05\/Foto-Yuliana-2-2.jpg","articleSection":["Art\u00edculo","SliderINICIO"],"inLanguage":"es","potentialAction":[{"@type":"CommentAction","name":"Comment","target":["https:\/\/corporacionpba.org\/nuevo\/la-incapacidad-no-es-impedimento-para-hacer-el-cambio\/#respond"]}]},{"@type":"WebPage","@id":"https:\/\/corporacionpba.org\/nuevo\/la-incapacidad-no-es-impedimento-para-hacer-el-cambio\/","url":"https:\/\/corporacionpba.org\/nuevo\/la-incapacidad-no-es-impedimento-para-hacer-el-cambio\/","name":"La discapacidad no es impedimento para hacer el cambio - Corporacion PBA","isPartOf":{"@id":"https:\/\/corporacionpba.org\/nuevo\/#website"},"primaryImageOfPage":{"@id":"https:\/\/corporacionpba.org\/nuevo\/la-incapacidad-no-es-impedimento-para-hacer-el-cambio\/#primaryimage"},"image":{"@id":"https:\/\/corporacionpba.org\/nuevo\/la-incapacidad-no-es-impedimento-para-hacer-el-cambio\/#primaryimage"},"thumbnailUrl":"https:\/\/corporacionpba.org\/nuevo\/wp-content\/uploads\/2021\/05\/Foto-Yuliana-2-2.jpg","datePublished":"2021-05-05T17:02:00+00:00","dateModified":"2021-05-10T21:17:57+00:00","author":{"@id":"https:\/\/corporacionpba.org\/nuevo\/#\/schema\/person\/54fa2e5ef13523f0259b1707b99c11b8"},"breadcrumb":{"@id":"https:\/\/corporacionpba.org\/nuevo\/la-incapacidad-no-es-impedimento-para-hacer-el-cambio\/#breadcrumb"},"inLanguage":"es","potentialAction":[{"@type":"ReadAction","target":["https:\/\/corporacionpba.org\/nuevo\/la-incapacidad-no-es-impedimento-para-hacer-el-cambio\/"]}]},{"@type":"ImageObject","inLanguage":"es","@id":"https:\/\/corporacionpba.org\/nuevo\/la-incapacidad-no-es-impedimento-para-hacer-el-cambio\/#primaryimage","url":"https:\/\/corporacionpba.org\/nuevo\/wp-content\/uploads\/2021\/05\/Foto-Yuliana-2-2.jpg","contentUrl":"https:\/\/corporacionpba.org\/nuevo\/wp-content\/uploads\/2021\/05\/Foto-Yuliana-2-2.jpg","width":600,"height":600},{"@type":"BreadcrumbList","@id":"https:\/\/corporacionpba.org\/nuevo\/la-incapacidad-no-es-impedimento-para-hacer-el-cambio\/#breadcrumb","itemListElement":[{"@type":"ListItem","position":1,"name":"Portada","item":"https:\/\/corporacionpba.org\/nuevo\/"},{"@type":"ListItem","position":2,"name":"La discapacidad no es impedimento para hacer el cambio"}]},{"@type":"WebSite","@id":"https:\/\/corporacionpba.org\/nuevo\/#website","url":"https:\/\/corporacionpba.org\/nuevo\/","name":"Corporacion PBA","description":"Innovaci&oacute;n Rural para el Desarrollo","potentialAction":[{"@type":"SearchAction","target":{"@type":"EntryPoint","urlTemplate":"https:\/\/corporacionpba.org\/nuevo\/?s={search_term_string}"},"query-input":{"@type":"PropertyValueSpecification","valueRequired":true,"valueName":"search_term_string"}}],"inLanguage":"es"},{"@type":"Person","@id":"https:\/\/corporacionpba.org\/nuevo\/#\/schema\/person\/54fa2e5ef13523f0259b1707b99c11b8","name":"Corporacion PBA","image":{"@type":"ImageObject","inLanguage":"es","@id":"https:\/\/secure.gravatar.com\/avatar\/2063c349439df46203f11a73c15ec3288b8d551168ba8c1a8410ff02770aa39b?s=96&d=mm&r=g","url":"https:\/\/secure.gravatar.com\/avatar\/2063c349439df46203f11a73c15ec3288b8d551168ba8c1a8410ff02770aa39b?s=96&d=mm&r=g","contentUrl":"https:\/\/secure.gravatar.com\/avatar\/2063c349439df46203f11a73c15ec3288b8d551168ba8c1a8410ff02770aa39b?s=96&d=mm&r=g","caption":"Corporacion PBA"},"url":"https:\/\/corporacionpba.org\/nuevo\/author\/corpba\/"}]}},"_links":{"self":[{"href":"https:\/\/corporacionpba.org\/nuevo\/wp-json\/wp\/v2\/posts\/1270","targetHints":{"allow":["GET"]}}],"collection":[{"href":"https:\/\/corporacionpba.org\/nuevo\/wp-json\/wp\/v2\/posts"}],"about":[{"href":"https:\/\/corporacionpba.org\/nuevo\/wp-json\/wp\/v2\/types\/post"}],"author":[{"embeddable":true,"href":"https:\/\/corporacionpba.org\/nuevo\/wp-json\/wp\/v2\/users\/2"}],"replies":[{"embeddable":true,"href":"https:\/\/corporacionpba.org\/nuevo\/wp-json\/wp\/v2\/comments?post=1270"}],"version-history":[{"count":2,"href":"https:\/\/corporacionpba.org\/nuevo\/wp-json\/wp\/v2\/posts\/1270\/revisions"}],"predecessor-version":[{"id":1273,"href":"https:\/\/corporacionpba.org\/nuevo\/wp-json\/wp\/v2\/posts\/1270\/revisions\/1273"}],"wp:featuredmedia":[{"embeddable":true,"href":"https:\/\/corporacionpba.org\/nuevo\/wp-json\/wp\/v2\/media\/1271"}],"wp:attachment":[{"href":"https:\/\/corporacionpba.org\/nuevo\/wp-json\/wp\/v2\/media?parent=1270"}],"wp:term":[{"taxonomy":"category","embeddable":true,"href":"https:\/\/corporacionpba.org\/nuevo\/wp-json\/wp\/v2\/categories?post=1270"},{"taxonomy":"post_tag","embeddable":true,"href":"https:\/\/corporacionpba.org\/nuevo\/wp-json\/wp\/v2\/tags?post=1270"}],"curies":[{"name":"wp","href":"https:\/\/api.w.org\/{rel}","templated":true}]}}