{"id":1274,"date":"2021-05-24T17:06:26","date_gmt":"2021-05-24T17:06:26","guid":{"rendered":"https:\/\/corporacionpba.org\/nuevo\/?p=1274"},"modified":"2021-05-24T17:07:01","modified_gmt":"2021-05-24T17:07:01","slug":"jovenes-lideran-el-reciclaje-en-el-municipio-de-piedras","status":"publish","type":"post","link":"https:\/\/corporacionpba.org\/nuevo\/jovenes-lideran-el-reciclaje-en-el-municipio-de-piedras\/","title":{"rendered":"J\u00f3venes lideran el reciclaje en el municipio de Piedras"},"content":{"rendered":"<p>La Fundaci\u00f3n Bol\u00edvar Davivienda, Fundaci\u00f3n Grupo BIOS y la Corporaci\u00f3n PBA han venido acompa\u00f1ando a varios grupos y organizaciones, en el departamento del Tolima, para desarrollar distintas alternativas de generaci\u00f3n de ingresos. Uno de estos casos es el de APROCADE, un grupo de j\u00f3venes del municipio de Piedras, con quienes se ha trabajado el tema del reciclaje, como se evidencia en el siguiente video.<\/p>\n<p><iframe loading=\"lazy\" title=\"APROCADE acci\u00f3n 2019-2020\" width=\"1080\" height=\"608\" src=\"https:\/\/www.youtube.com\/embed\/Aw-r0gVyvgU?feature=oembed\" frameborder=\"0\" allow=\"accelerometer; autoplay; clipboard-write; encrypted-media; gyroscope; picture-in-picture\" allowfullscreen><\/iframe><\/p>\n","protected":false},"excerpt":{"rendered":"<p>La Fundaci\u00f3n Bol\u00edvar Davivienda, Fundaci\u00f3n Grupo BIOS y la Corporaci\u00f3n PBA han venido acompa\u00f1ando a varios grupos y organizaciones, en el departamento del Tolima, para desarrollar distintas alternativas de generaci\u00f3n de ingresos. Uno de estos casos es el de APROCADE, un grupo de j\u00f3venes del municipio de Piedras, con quienes se ha trabajado el tema [&hellip;]<\/p>\n","protected":false},"author":2,"featured_media":1276,"comment_status":"open","ping_status":"open","sticky":false,"template":"","format":"standard","meta":{"_et_pb_use_builder":"","_et_pb_old_content":"","footnotes":""},"categories":[11,13],"tags":[],"class_list":["post-1274","post","type-post","status-publish","format-standard","has-post-thumbnail","hentry","category-articulo","category-sliderinicio"],"yoast_head":"<!-- This site is optimized with the Yoast SEO plugin v27.2 - https:\/\/yoast.com\/product\/yoast-seo-wordpress\/ -->\n<title>J\u00f3venes lideran el reciclaje en el municipio de Piedras - Corporacion PBA<\/title>\n<meta name=\"robots\" content=\"index, follow, max-snippet:-1, max-image-preview:large, max-video-preview:-1\" \/>\n<link rel=\"canonical\" href=\"https:\/\/corporacionpba.org\/nuevo\/jovenes-lideran-el-reciclaje-en-el-municipio-de-piedras\/\" \/>\n<meta property=\"og:locale\" content=\"es_ES\" \/>\n<meta property=\"og:type\" content=\"article\" \/>\n<meta property=\"og:title\" content=\"J\u00f3venes lideran el reciclaje en el municipio de Piedras - Corporacion PBA\" \/>\n<meta property=\"og:description\" content=\"La Fundaci\u00f3n Bol\u00edvar Davivienda, Fundaci\u00f3n Grupo BIOS y la Corporaci\u00f3n PBA han venido acompa\u00f1ando a varios grupos y organizaciones, en el departamento del Tolima, para desarrollar distintas alternativas de generaci\u00f3n de ingresos. Uno de estos casos es el de APROCADE, un grupo de j\u00f3venes del municipio de Piedras, con quienes se ha trabajado el tema [&hellip;]\" \/>\n<meta property=\"og:url\" content=\"https:\/\/corporacionpba.org\/nuevo\/jovenes-lideran-el-reciclaje-en-el-municipio-de-piedras\/\" \/>\n<meta property=\"og:site_name\" content=\"Corporacion PBA\" \/>\n<meta property=\"article:published_time\" content=\"2021-05-24T17:06:26+00:00\" \/>\n<meta property=\"article:modified_time\" content=\"2021-05-24T17:07:01+00:00\" \/>\n<meta property=\"og:image\" content=\"https:\/\/corporacionpba.org\/nuevo\/wp-content\/uploads\/2021\/05\/Aprocade-2.png\" \/>\n\t<meta property=\"og:image:width\" content=\"600\" \/>\n\t<meta property=\"og:image:height\" content=\"600\" \/>\n\t<meta property=\"og:image:type\" content=\"image\/png\" \/>\n<meta name=\"author\" content=\"Corporacion PBA\" \/>\n<meta name=\"twitter:card\" content=\"summary_large_image\" \/>\n<meta name=\"twitter:label1\" content=\"Escrito por\" \/>\n\t<meta name=\"twitter:data1\" content=\"Corporacion PBA\" \/>\n<script type=\"application\/ld+json\" class=\"yoast-schema-graph\">{\"@context\":\"https:\/\/schema.org\",\"@graph\":[{\"@type\":\"Article\",\"@id\":\"https:\/\/corporacionpba.org\/nuevo\/jovenes-lideran-el-reciclaje-en-el-municipio-de-piedras\/#article\",\"isPartOf\":{\"@id\":\"https:\/\/corporacionpba.org\/nuevo\/jovenes-lideran-el-reciclaje-en-el-municipio-de-piedras\/\"},\"author\":{\"name\":\"Corporacion PBA\",\"@id\":\"https:\/\/corporacionpba.org\/nuevo\/#\/schema\/person\/54fa2e5ef13523f0259b1707b99c11b8\"},\"headline\":\"J\u00f3venes lideran el reciclaje en el municipio de Piedras\",\"datePublished\":\"2021-05-24T17:06:26+00:00\",\"dateModified\":\"2021-05-24T17:07:01+00:00\",\"mainEntityOfPage\":{\"@id\":\"https:\/\/corporacionpba.org\/nuevo\/jovenes-lideran-el-reciclaje-en-el-municipio-de-piedras\/\"},\"wordCount\":86,\"commentCount\":0,\"image\":{\"@id\":\"https:\/\/corporacionpba.org\/nuevo\/jovenes-lideran-el-reciclaje-en-el-municipio-de-piedras\/#primaryimage\"},\"thumbnailUrl\":\"https:\/\/corporacionpba.org\/nuevo\/wp-content\/uploads\/2021\/05\/Aprocade-2.png\",\"articleSection\":[\"Art\u00edculo\",\"SliderINICIO\"],\"inLanguage\":\"es\",\"potentialAction\":[{\"@type\":\"CommentAction\",\"name\":\"Comment\",\"target\":[\"https:\/\/corporacionpba.org\/nuevo\/jovenes-lideran-el-reciclaje-en-el-municipio-de-piedras\/#respond\"]}]},{\"@type\":\"WebPage\",\"@id\":\"https:\/\/corporacionpba.org\/nuevo\/jovenes-lideran-el-reciclaje-en-el-municipio-de-piedras\/\",\"url\":\"https:\/\/corporacionpba.org\/nuevo\/jovenes-lideran-el-reciclaje-en-el-municipio-de-piedras\/\",\"name\":\"J\u00f3venes lideran el reciclaje en el municipio de Piedras - Corporacion PBA\",\"isPartOf\":{\"@id\":\"https:\/\/corporacionpba.org\/nuevo\/#website\"},\"primaryImageOfPage\":{\"@id\":\"https:\/\/corporacionpba.org\/nuevo\/jovenes-lideran-el-reciclaje-en-el-municipio-de-piedras\/#primaryimage\"},\"image\":{\"@id\":\"https:\/\/corporacionpba.org\/nuevo\/jovenes-lideran-el-reciclaje-en-el-municipio-de-piedras\/#primaryimage\"},\"thumbnailUrl\":\"https:\/\/corporacionpba.org\/nuevo\/wp-content\/uploads\/2021\/05\/Aprocade-2.png\",\"datePublished\":\"2021-05-24T17:06:26+00:00\",\"dateModified\":\"2021-05-24T17:07:01+00:00\",\"author\":{\"@id\":\"https:\/\/corporacionpba.org\/nuevo\/#\/schema\/person\/54fa2e5ef13523f0259b1707b99c11b8\"},\"breadcrumb\":{\"@id\":\"https:\/\/corporacionpba.org\/nuevo\/jovenes-lideran-el-reciclaje-en-el-municipio-de-piedras\/#breadcrumb\"},\"inLanguage\":\"es\",\"potentialAction\":[{\"@type\":\"ReadAction\",\"target\":[\"https:\/\/corporacionpba.org\/nuevo\/jovenes-lideran-el-reciclaje-en-el-municipio-de-piedras\/\"]}]},{\"@type\":\"ImageObject\",\"inLanguage\":\"es\",\"@id\":\"https:\/\/corporacionpba.org\/nuevo\/jovenes-lideran-el-reciclaje-en-el-municipio-de-piedras\/#primaryimage\",\"url\":\"https:\/\/corporacionpba.org\/nuevo\/wp-content\/uploads\/2021\/05\/Aprocade-2.png\",\"contentUrl\":\"https:\/\/corporacionpba.org\/nuevo\/wp-content\/uploads\/2021\/05\/Aprocade-2.png\",\"width\":600,\"height\":600},{\"@type\":\"BreadcrumbList\",\"@id\":\"https:\/\/corporacionpba.org\/nuevo\/jovenes-lideran-el-reciclaje-en-el-municipio-de-piedras\/#breadcrumb\",\"itemListElement\":[{\"@type\":\"ListItem\",\"position\":1,\"name\":\"Portada\",\"item\":\"https:\/\/corporacionpba.org\/nuevo\/\"},{\"@type\":\"ListItem\",\"position\":2,\"name\":\"J\u00f3venes lideran el reciclaje en el municipio de Piedras\"}]},{\"@type\":\"WebSite\",\"@id\":\"https:\/\/corporacionpba.org\/nuevo\/#website\",\"url\":\"https:\/\/corporacionpba.org\/nuevo\/\",\"name\":\"Corporacion PBA\",\"description\":\"Innovaci&oacute;n Rural para el Desarrollo\",\"potentialAction\":[{\"@type\":\"SearchAction\",\"target\":{\"@type\":\"EntryPoint\",\"urlTemplate\":\"https:\/\/corporacionpba.org\/nuevo\/?s={search_term_string}\"},\"query-input\":{\"@type\":\"PropertyValueSpecification\",\"valueRequired\":true,\"valueName\":\"search_term_string\"}}],\"inLanguage\":\"es\"},{\"@type\":\"Person\",\"@id\":\"https:\/\/corporacionpba.org\/nuevo\/#\/schema\/person\/54fa2e5ef13523f0259b1707b99c11b8\",\"name\":\"Corporacion PBA\",\"image\":{\"@type\":\"ImageObject\",\"inLanguage\":\"es\",\"@id\":\"https:\/\/secure.gravatar.com\/avatar\/2063c349439df46203f11a73c15ec3288b8d551168ba8c1a8410ff02770aa39b?s=96&d=mm&r=g\",\"url\":\"https:\/\/secure.gravatar.com\/avatar\/2063c349439df46203f11a73c15ec3288b8d551168ba8c1a8410ff02770aa39b?s=96&d=mm&r=g\",\"contentUrl\":\"https:\/\/secure.gravatar.com\/avatar\/2063c349439df46203f11a73c15ec3288b8d551168ba8c1a8410ff02770aa39b?s=96&d=mm&r=g\",\"caption\":\"Corporacion PBA\"},\"url\":\"https:\/\/corporacionpba.org\/nuevo\/author\/corpba\/\"}]}<\/script>\n<!-- \/ Yoast SEO plugin. -->","yoast_head_json":{"title":"J\u00f3venes lideran el reciclaje en el municipio de Piedras - Corporacion PBA","robots":{"index":"index","follow":"follow","max-snippet":"max-snippet:-1","max-image-preview":"max-image-preview:large","max-video-preview":"max-video-preview:-1"},"canonical":"https:\/\/corporacionpba.org\/nuevo\/jovenes-lideran-el-reciclaje-en-el-municipio-de-piedras\/","og_locale":"es_ES","og_type":"article","og_title":"J\u00f3venes lideran el reciclaje en el municipio de Piedras - Corporacion PBA","og_description":"La Fundaci\u00f3n Bol\u00edvar Davivienda, Fundaci\u00f3n Grupo BIOS y la Corporaci\u00f3n PBA han venido acompa\u00f1ando a varios grupos y organizaciones, en el departamento del Tolima, para desarrollar distintas alternativas de generaci\u00f3n de ingresos. Uno de estos casos es el de APROCADE, un grupo de j\u00f3venes del municipio de Piedras, con quienes se ha trabajado el tema [&hellip;]","og_url":"https:\/\/corporacionpba.org\/nuevo\/jovenes-lideran-el-reciclaje-en-el-municipio-de-piedras\/","og_site_name":"Corporacion PBA","article_published_time":"2021-05-24T17:06:26+00:00","article_modified_time":"2021-05-24T17:07:01+00:00","og_image":[{"width":600,"height":600,"url":"https:\/\/corporacionpba.org\/nuevo\/wp-content\/uploads\/2021\/05\/Aprocade-2.png","type":"image\/png"}],"author":"Corporacion PBA","twitter_card":"summary_large_image","twitter_misc":{"Escrito por":"Corporacion PBA"},"schema":{"@context":"https:\/\/schema.org","@graph":[{"@type":"Article","@id":"https:\/\/corporacionpba.org\/nuevo\/jovenes-lideran-el-reciclaje-en-el-municipio-de-piedras\/#article","isPartOf":{"@id":"https:\/\/corporacionpba.org\/nuevo\/jovenes-lideran-el-reciclaje-en-el-municipio-de-piedras\/"},"author":{"name":"Corporacion PBA","@id":"https:\/\/corporacionpba.org\/nuevo\/#\/schema\/person\/54fa2e5ef13523f0259b1707b99c11b8"},"headline":"J\u00f3venes lideran el reciclaje en el municipio de Piedras","datePublished":"2021-05-24T17:06:26+00:00","dateModified":"2021-05-24T17:07:01+00:00","mainEntityOfPage":{"@id":"https:\/\/corporacionpba.org\/nuevo\/jovenes-lideran-el-reciclaje-en-el-municipio-de-piedras\/"},"wordCount":86,"commentCount":0,"image":{"@id":"https:\/\/corporacionpba.org\/nuevo\/jovenes-lideran-el-reciclaje-en-el-municipio-de-piedras\/#primaryimage"},"thumbnailUrl":"https:\/\/corporacionpba.org\/nuevo\/wp-content\/uploads\/2021\/05\/Aprocade-2.png","articleSection":["Art\u00edculo","SliderINICIO"],"inLanguage":"es","potentialAction":[{"@type":"CommentAction","name":"Comment","target":["https:\/\/corporacionpba.org\/nuevo\/jovenes-lideran-el-reciclaje-en-el-municipio-de-piedras\/#respond"]}]},{"@type":"WebPage","@id":"https:\/\/corporacionpba.org\/nuevo\/jovenes-lideran-el-reciclaje-en-el-municipio-de-piedras\/","url":"https:\/\/corporacionpba.org\/nuevo\/jovenes-lideran-el-reciclaje-en-el-municipio-de-piedras\/","name":"J\u00f3venes lideran el reciclaje en el municipio de Piedras - Corporacion PBA","isPartOf":{"@id":"https:\/\/corporacionpba.org\/nuevo\/#website"},"primaryImageOfPage":{"@id":"https:\/\/corporacionpba.org\/nuevo\/jovenes-lideran-el-reciclaje-en-el-municipio-de-piedras\/#primaryimage"},"image":{"@id":"https:\/\/corporacionpba.org\/nuevo\/jovenes-lideran-el-reciclaje-en-el-municipio-de-piedras\/#primaryimage"},"thumbnailUrl":"https:\/\/corporacionpba.org\/nuevo\/wp-content\/uploads\/2021\/05\/Aprocade-2.png","datePublished":"2021-05-24T17:06:26+00:00","dateModified":"2021-05-24T17:07:01+00:00","author":{"@id":"https:\/\/corporacionpba.org\/nuevo\/#\/schema\/person\/54fa2e5ef13523f0259b1707b99c11b8"},"breadcrumb":{"@id":"https:\/\/corporacionpba.org\/nuevo\/jovenes-lideran-el-reciclaje-en-el-municipio-de-piedras\/#breadcrumb"},"inLanguage":"es","potentialAction":[{"@type":"ReadAction","target":["https:\/\/corporacionpba.org\/nuevo\/jovenes-lideran-el-reciclaje-en-el-municipio-de-piedras\/"]}]},{"@type":"ImageObject","inLanguage":"es","@id":"https:\/\/corporacionpba.org\/nuevo\/jovenes-lideran-el-reciclaje-en-el-municipio-de-piedras\/#primaryimage","url":"https:\/\/corporacionpba.org\/nuevo\/wp-content\/uploads\/2021\/05\/Aprocade-2.png","contentUrl":"https:\/\/corporacionpba.org\/nuevo\/wp-content\/uploads\/2021\/05\/Aprocade-2.png","width":600,"height":600},{"@type":"BreadcrumbList","@id":"https:\/\/corporacionpba.org\/nuevo\/jovenes-lideran-el-reciclaje-en-el-municipio-de-piedras\/#breadcrumb","itemListElement":[{"@type":"ListItem","position":1,"name":"Portada","item":"https:\/\/corporacionpba.org\/nuevo\/"},{"@type":"ListItem","position":2,"name":"J\u00f3venes lideran el reciclaje en el municipio de Piedras"}]},{"@type":"WebSite","@id":"https:\/\/corporacionpba.org\/nuevo\/#website","url":"https:\/\/corporacionpba.org\/nuevo\/","name":"Corporacion PBA","description":"Innovaci&oacute;n Rural para el Desarrollo","potentialAction":[{"@type":"SearchAction","target":{"@type":"EntryPoint","urlTemplate":"https:\/\/corporacionpba.org\/nuevo\/?s={search_term_string}"},"query-input":{"@type":"PropertyValueSpecification","valueRequired":true,"valueName":"search_term_string"}}],"inLanguage":"es"},{"@type":"Person","@id":"https:\/\/corporacionpba.org\/nuevo\/#\/schema\/person\/54fa2e5ef13523f0259b1707b99c11b8","name":"Corporacion PBA","image":{"@type":"ImageObject","inLanguage":"es","@id":"https:\/\/secure.gravatar.com\/avatar\/2063c349439df46203f11a73c15ec3288b8d551168ba8c1a8410ff02770aa39b?s=96&d=mm&r=g","url":"https:\/\/secure.gravatar.com\/avatar\/2063c349439df46203f11a73c15ec3288b8d551168ba8c1a8410ff02770aa39b?s=96&d=mm&r=g","contentUrl":"https:\/\/secure.gravatar.com\/avatar\/2063c349439df46203f11a73c15ec3288b8d551168ba8c1a8410ff02770aa39b?s=96&d=mm&r=g","caption":"Corporacion PBA"},"url":"https:\/\/corporacionpba.org\/nuevo\/author\/corpba\/"}]}},"_links":{"self":[{"href":"https:\/\/corporacionpba.org\/nuevo\/wp-json\/wp\/v2\/posts\/1274","targetHints":{"allow":["GET"]}}],"collection":[{"href":"https:\/\/corporacionpba.org\/nuevo\/wp-json\/wp\/v2\/posts"}],"about":[{"href":"https:\/\/corporacionpba.org\/nuevo\/wp-json\/wp\/v2\/types\/post"}],"author":[{"embeddable":true,"href":"https:\/\/corporacionpba.org\/nuevo\/wp-json\/wp\/v2\/users\/2"}],"replies":[{"embeddable":true,"href":"https:\/\/corporacionpba.org\/nuevo\/wp-json\/wp\/v2\/comments?post=1274"}],"version-history":[{"count":2,"href":"https:\/\/corporacionpba.org\/nuevo\/wp-json\/wp\/v2\/posts\/1274\/revisions"}],"predecessor-version":[{"id":1278,"href":"https:\/\/corporacionpba.org\/nuevo\/wp-json\/wp\/v2\/posts\/1274\/revisions\/1278"}],"wp:featuredmedia":[{"embeddable":true,"href":"https:\/\/corporacionpba.org\/nuevo\/wp-json\/wp\/v2\/media\/1276"}],"wp:attachment":[{"href":"https:\/\/corporacionpba.org\/nuevo\/wp-json\/wp\/v2\/media?parent=1274"}],"wp:term":[{"taxonomy":"category","embeddable":true,"href":"https:\/\/corporacionpba.org\/nuevo\/wp-json\/wp\/v2\/categories?post=1274"},{"taxonomy":"post_tag","embeddable":true,"href":"https:\/\/corporacionpba.org\/nuevo\/wp-json\/wp\/v2\/tags?post=1274"}],"curies":[{"name":"wp","href":"https:\/\/api.w.org\/{rel}","templated":true}]}}