{"id":1288,"date":"2021-06-22T00:50:58","date_gmt":"2021-06-22T00:50:58","guid":{"rendered":"https:\/\/corporacionpba.org\/nuevo\/?p=1288"},"modified":"2021-06-22T00:52:00","modified_gmt":"2021-06-22T00:52:00","slug":"de-lo-quimico-a-lo-natural","status":"publish","type":"post","link":"https:\/\/corporacionpba.org\/nuevo\/de-lo-quimico-a-lo-natural\/","title":{"rendered":"De lo qu\u00edmico a lo natural"},"content":{"rendered":"<p><img loading=\"lazy\" decoding=\"async\" class=\"size-medium wp-image-1289 aligncenter\" src=\"https:\/\/corporacionpba.org\/nuevo\/wp-content\/uploads\/2021\/06\/thumbnail_20210222_180715-2-2-300x300.jpg\" alt=\"\" width=\"300\" height=\"300\" srcset=\"https:\/\/corporacionpba.org\/nuevo\/wp-content\/uploads\/2021\/06\/thumbnail_20210222_180715-2-2-300x300.jpg 300w, https:\/\/corporacionpba.org\/nuevo\/wp-content\/uploads\/2021\/06\/thumbnail_20210222_180715-2-2-150x150.jpg 150w, https:\/\/corporacionpba.org\/nuevo\/wp-content\/uploads\/2021\/06\/thumbnail_20210222_180715-2-2.jpg 600w\" sizes=\"auto, (max-width: 300px) 100vw, 300px\" \/><\/p>\n<p>La producci\u00f3n y el cultivo de caf\u00e9 han estado presentes en las familias colombianas por d\u00e9cadas a lo largo de la historia. Los productores encargados de cultivarlo cuentan con cientos de tradiciones distintas para que su producto obtenga un alto nivel de calidad.<\/p>\n<p>Debido al cambio clim\u00e1tico, la tierra ha sufrido una alteraci\u00f3n en su estructura biol\u00f3gica y esto ha llevado a que los productores se replanteen la posibilidad de trabajar con productos org\u00e1nicos, amigables con el medio ambiente, que contribuyan al mejoramiento y enriquecimiento del suelo.<\/p>\n<p>Por esta raz\u00f3n, la organizaci\u00f3n ASMUCAVIME*, del municipio de La Plata, Huila, le apuesta a la producci\u00f3n de biopreparados. Estos hacen parte de las nuevas alternativas org\u00e1nicas que ofrece el mercado, nuevas opciones que no solo contribuyen a la conservaci\u00f3n del ambiente sino tambi\u00e9n al cuidado de la salud humana y al cuidado de la tierra.<\/p>\n<p>Esta diversidad de productos ha hecho que los cultivos de caf\u00e9 -as\u00ed como las huertas y jardines de la regi\u00f3n- mejoren tanto su calidad como tambi\u00e9n el tema de control de plagas, y lo hagan de una forma org\u00e1nica y amigable con el ecosistema.<\/p>\n<p>Por: Luis Ramos<br \/>\nComunicador Rural<\/p>\n<p>&nbsp;<\/p>\n<p>*ASMUCAVIME es una de las organizaciones de peque\u00f1os productores cafeteros del departamento del Huila que ha contado con el acompa\u00f1amiento del convenio entre la Corporaci\u00f3n PBA, la Fundaci\u00f3n Bol\u00edvar Davivienda y Racaf\u00e9.<\/p>\n","protected":false},"excerpt":{"rendered":"<p>La producci\u00f3n y el cultivo de caf\u00e9 han estado presentes en las familias colombianas por d\u00e9cadas a lo largo de la historia. Los productores encargados de cultivarlo cuentan con cientos de tradiciones distintas para que su producto obtenga un alto nivel de calidad. Debido al cambio clim\u00e1tico, la tierra ha sufrido una alteraci\u00f3n en su [&hellip;]<\/p>\n","protected":false},"author":2,"featured_media":1289,"comment_status":"open","ping_status":"open","sticky":false,"template":"","format":"standard","meta":{"_et_pb_use_builder":"","_et_pb_old_content":"","footnotes":""},"categories":[11,13],"tags":[],"class_list":["post-1288","post","type-post","status-publish","format-standard","has-post-thumbnail","hentry","category-articulo","category-sliderinicio"],"yoast_head":"<!-- This site is optimized with the Yoast SEO plugin v27.2 - https:\/\/yoast.com\/product\/yoast-seo-wordpress\/ -->\n<title>De lo qu\u00edmico a lo natural - Corporacion PBA<\/title>\n<meta name=\"robots\" content=\"index, follow, max-snippet:-1, max-image-preview:large, max-video-preview:-1\" \/>\n<link rel=\"canonical\" href=\"https:\/\/corporacionpba.org\/nuevo\/de-lo-quimico-a-lo-natural\/\" \/>\n<meta property=\"og:locale\" content=\"es_ES\" \/>\n<meta property=\"og:type\" content=\"article\" \/>\n<meta property=\"og:title\" content=\"De lo qu\u00edmico a lo natural - Corporacion PBA\" \/>\n<meta property=\"og:description\" content=\"La producci\u00f3n y el cultivo de caf\u00e9 han estado presentes en las familias colombianas por d\u00e9cadas a lo largo de la historia. Los productores encargados de cultivarlo cuentan con cientos de tradiciones distintas para que su producto obtenga un alto nivel de calidad. Debido al cambio clim\u00e1tico, la tierra ha sufrido una alteraci\u00f3n en su [&hellip;]\" \/>\n<meta property=\"og:url\" content=\"https:\/\/corporacionpba.org\/nuevo\/de-lo-quimico-a-lo-natural\/\" \/>\n<meta property=\"og:site_name\" content=\"Corporacion PBA\" \/>\n<meta property=\"article:published_time\" content=\"2021-06-22T00:50:58+00:00\" \/>\n<meta property=\"article:modified_time\" content=\"2021-06-22T00:52:00+00:00\" \/>\n<meta property=\"og:image\" content=\"https:\/\/corporacionpba.org\/nuevo\/wp-content\/uploads\/2021\/06\/thumbnail_20210222_180715-2-2.jpg\" \/>\n\t<meta property=\"og:image:width\" content=\"600\" \/>\n\t<meta property=\"og:image:height\" content=\"600\" \/>\n\t<meta property=\"og:image:type\" content=\"image\/jpeg\" \/>\n<meta name=\"author\" content=\"Corporacion PBA\" \/>\n<meta name=\"twitter:card\" content=\"summary_large_image\" \/>\n<meta name=\"twitter:label1\" content=\"Escrito por\" \/>\n\t<meta name=\"twitter:data1\" content=\"Corporacion PBA\" \/>\n\t<meta name=\"twitter:label2\" content=\"Tiempo de lectura\" \/>\n\t<meta name=\"twitter:data2\" content=\"1 minuto\" \/>\n<script type=\"application\/ld+json\" class=\"yoast-schema-graph\">{\"@context\":\"https:\/\/schema.org\",\"@graph\":[{\"@type\":\"Article\",\"@id\":\"https:\/\/corporacionpba.org\/nuevo\/de-lo-quimico-a-lo-natural\/#article\",\"isPartOf\":{\"@id\":\"https:\/\/corporacionpba.org\/nuevo\/de-lo-quimico-a-lo-natural\/\"},\"author\":{\"name\":\"Corporacion PBA\",\"@id\":\"https:\/\/corporacionpba.org\/nuevo\/#\/schema\/person\/54fa2e5ef13523f0259b1707b99c11b8\"},\"headline\":\"De lo qu\u00edmico a lo natural\",\"datePublished\":\"2021-06-22T00:50:58+00:00\",\"dateModified\":\"2021-06-22T00:52:00+00:00\",\"mainEntityOfPage\":{\"@id\":\"https:\/\/corporacionpba.org\/nuevo\/de-lo-quimico-a-lo-natural\/\"},\"wordCount\":252,\"commentCount\":0,\"image\":{\"@id\":\"https:\/\/corporacionpba.org\/nuevo\/de-lo-quimico-a-lo-natural\/#primaryimage\"},\"thumbnailUrl\":\"https:\/\/corporacionpba.org\/nuevo\/wp-content\/uploads\/2021\/06\/thumbnail_20210222_180715-2-2.jpg\",\"articleSection\":[\"Art\u00edculo\",\"SliderINICIO\"],\"inLanguage\":\"es\",\"potentialAction\":[{\"@type\":\"CommentAction\",\"name\":\"Comment\",\"target\":[\"https:\/\/corporacionpba.org\/nuevo\/de-lo-quimico-a-lo-natural\/#respond\"]}]},{\"@type\":\"WebPage\",\"@id\":\"https:\/\/corporacionpba.org\/nuevo\/de-lo-quimico-a-lo-natural\/\",\"url\":\"https:\/\/corporacionpba.org\/nuevo\/de-lo-quimico-a-lo-natural\/\",\"name\":\"De lo qu\u00edmico a lo natural - Corporacion PBA\",\"isPartOf\":{\"@id\":\"https:\/\/corporacionpba.org\/nuevo\/#website\"},\"primaryImageOfPage\":{\"@id\":\"https:\/\/corporacionpba.org\/nuevo\/de-lo-quimico-a-lo-natural\/#primaryimage\"},\"image\":{\"@id\":\"https:\/\/corporacionpba.org\/nuevo\/de-lo-quimico-a-lo-natural\/#primaryimage\"},\"thumbnailUrl\":\"https:\/\/corporacionpba.org\/nuevo\/wp-content\/uploads\/2021\/06\/thumbnail_20210222_180715-2-2.jpg\",\"datePublished\":\"2021-06-22T00:50:58+00:00\",\"dateModified\":\"2021-06-22T00:52:00+00:00\",\"author\":{\"@id\":\"https:\/\/corporacionpba.org\/nuevo\/#\/schema\/person\/54fa2e5ef13523f0259b1707b99c11b8\"},\"breadcrumb\":{\"@id\":\"https:\/\/corporacionpba.org\/nuevo\/de-lo-quimico-a-lo-natural\/#breadcrumb\"},\"inLanguage\":\"es\",\"potentialAction\":[{\"@type\":\"ReadAction\",\"target\":[\"https:\/\/corporacionpba.org\/nuevo\/de-lo-quimico-a-lo-natural\/\"]}]},{\"@type\":\"ImageObject\",\"inLanguage\":\"es\",\"@id\":\"https:\/\/corporacionpba.org\/nuevo\/de-lo-quimico-a-lo-natural\/#primaryimage\",\"url\":\"https:\/\/corporacionpba.org\/nuevo\/wp-content\/uploads\/2021\/06\/thumbnail_20210222_180715-2-2.jpg\",\"contentUrl\":\"https:\/\/corporacionpba.org\/nuevo\/wp-content\/uploads\/2021\/06\/thumbnail_20210222_180715-2-2.jpg\",\"width\":600,\"height\":600},{\"@type\":\"BreadcrumbList\",\"@id\":\"https:\/\/corporacionpba.org\/nuevo\/de-lo-quimico-a-lo-natural\/#breadcrumb\",\"itemListElement\":[{\"@type\":\"ListItem\",\"position\":1,\"name\":\"Portada\",\"item\":\"https:\/\/corporacionpba.org\/nuevo\/\"},{\"@type\":\"ListItem\",\"position\":2,\"name\":\"De lo qu\u00edmico a lo natural\"}]},{\"@type\":\"WebSite\",\"@id\":\"https:\/\/corporacionpba.org\/nuevo\/#website\",\"url\":\"https:\/\/corporacionpba.org\/nuevo\/\",\"name\":\"Corporacion PBA\",\"description\":\"Innovaci&oacute;n Rural para el Desarrollo\",\"potentialAction\":[{\"@type\":\"SearchAction\",\"target\":{\"@type\":\"EntryPoint\",\"urlTemplate\":\"https:\/\/corporacionpba.org\/nuevo\/?s={search_term_string}\"},\"query-input\":{\"@type\":\"PropertyValueSpecification\",\"valueRequired\":true,\"valueName\":\"search_term_string\"}}],\"inLanguage\":\"es\"},{\"@type\":\"Person\",\"@id\":\"https:\/\/corporacionpba.org\/nuevo\/#\/schema\/person\/54fa2e5ef13523f0259b1707b99c11b8\",\"name\":\"Corporacion PBA\",\"image\":{\"@type\":\"ImageObject\",\"inLanguage\":\"es\",\"@id\":\"https:\/\/secure.gravatar.com\/avatar\/2063c349439df46203f11a73c15ec3288b8d551168ba8c1a8410ff02770aa39b?s=96&d=mm&r=g\",\"url\":\"https:\/\/secure.gravatar.com\/avatar\/2063c349439df46203f11a73c15ec3288b8d551168ba8c1a8410ff02770aa39b?s=96&d=mm&r=g\",\"contentUrl\":\"https:\/\/secure.gravatar.com\/avatar\/2063c349439df46203f11a73c15ec3288b8d551168ba8c1a8410ff02770aa39b?s=96&d=mm&r=g\",\"caption\":\"Corporacion PBA\"},\"url\":\"https:\/\/corporacionpba.org\/nuevo\/author\/corpba\/\"}]}<\/script>\n<!-- \/ Yoast SEO plugin. -->","yoast_head_json":{"title":"De lo qu\u00edmico a lo natural - Corporacion PBA","robots":{"index":"index","follow":"follow","max-snippet":"max-snippet:-1","max-image-preview":"max-image-preview:large","max-video-preview":"max-video-preview:-1"},"canonical":"https:\/\/corporacionpba.org\/nuevo\/de-lo-quimico-a-lo-natural\/","og_locale":"es_ES","og_type":"article","og_title":"De lo qu\u00edmico a lo natural - Corporacion PBA","og_description":"La producci\u00f3n y el cultivo de caf\u00e9 han estado presentes en las familias colombianas por d\u00e9cadas a lo largo de la historia. Los productores encargados de cultivarlo cuentan con cientos de tradiciones distintas para que su producto obtenga un alto nivel de calidad. Debido al cambio clim\u00e1tico, la tierra ha sufrido una alteraci\u00f3n en su [&hellip;]","og_url":"https:\/\/corporacionpba.org\/nuevo\/de-lo-quimico-a-lo-natural\/","og_site_name":"Corporacion PBA","article_published_time":"2021-06-22T00:50:58+00:00","article_modified_time":"2021-06-22T00:52:00+00:00","og_image":[{"width":600,"height":600,"url":"https:\/\/corporacionpba.org\/nuevo\/wp-content\/uploads\/2021\/06\/thumbnail_20210222_180715-2-2.jpg","type":"image\/jpeg"}],"author":"Corporacion PBA","twitter_card":"summary_large_image","twitter_misc":{"Escrito por":"Corporacion PBA","Tiempo de lectura":"1 minuto"},"schema":{"@context":"https:\/\/schema.org","@graph":[{"@type":"Article","@id":"https:\/\/corporacionpba.org\/nuevo\/de-lo-quimico-a-lo-natural\/#article","isPartOf":{"@id":"https:\/\/corporacionpba.org\/nuevo\/de-lo-quimico-a-lo-natural\/"},"author":{"name":"Corporacion PBA","@id":"https:\/\/corporacionpba.org\/nuevo\/#\/schema\/person\/54fa2e5ef13523f0259b1707b99c11b8"},"headline":"De lo qu\u00edmico a lo natural","datePublished":"2021-06-22T00:50:58+00:00","dateModified":"2021-06-22T00:52:00+00:00","mainEntityOfPage":{"@id":"https:\/\/corporacionpba.org\/nuevo\/de-lo-quimico-a-lo-natural\/"},"wordCount":252,"commentCount":0,"image":{"@id":"https:\/\/corporacionpba.org\/nuevo\/de-lo-quimico-a-lo-natural\/#primaryimage"},"thumbnailUrl":"https:\/\/corporacionpba.org\/nuevo\/wp-content\/uploads\/2021\/06\/thumbnail_20210222_180715-2-2.jpg","articleSection":["Art\u00edculo","SliderINICIO"],"inLanguage":"es","potentialAction":[{"@type":"CommentAction","name":"Comment","target":["https:\/\/corporacionpba.org\/nuevo\/de-lo-quimico-a-lo-natural\/#respond"]}]},{"@type":"WebPage","@id":"https:\/\/corporacionpba.org\/nuevo\/de-lo-quimico-a-lo-natural\/","url":"https:\/\/corporacionpba.org\/nuevo\/de-lo-quimico-a-lo-natural\/","name":"De lo qu\u00edmico a lo natural - Corporacion PBA","isPartOf":{"@id":"https:\/\/corporacionpba.org\/nuevo\/#website"},"primaryImageOfPage":{"@id":"https:\/\/corporacionpba.org\/nuevo\/de-lo-quimico-a-lo-natural\/#primaryimage"},"image":{"@id":"https:\/\/corporacionpba.org\/nuevo\/de-lo-quimico-a-lo-natural\/#primaryimage"},"thumbnailUrl":"https:\/\/corporacionpba.org\/nuevo\/wp-content\/uploads\/2021\/06\/thumbnail_20210222_180715-2-2.jpg","datePublished":"2021-06-22T00:50:58+00:00","dateModified":"2021-06-22T00:52:00+00:00","author":{"@id":"https:\/\/corporacionpba.org\/nuevo\/#\/schema\/person\/54fa2e5ef13523f0259b1707b99c11b8"},"breadcrumb":{"@id":"https:\/\/corporacionpba.org\/nuevo\/de-lo-quimico-a-lo-natural\/#breadcrumb"},"inLanguage":"es","potentialAction":[{"@type":"ReadAction","target":["https:\/\/corporacionpba.org\/nuevo\/de-lo-quimico-a-lo-natural\/"]}]},{"@type":"ImageObject","inLanguage":"es","@id":"https:\/\/corporacionpba.org\/nuevo\/de-lo-quimico-a-lo-natural\/#primaryimage","url":"https:\/\/corporacionpba.org\/nuevo\/wp-content\/uploads\/2021\/06\/thumbnail_20210222_180715-2-2.jpg","contentUrl":"https:\/\/corporacionpba.org\/nuevo\/wp-content\/uploads\/2021\/06\/thumbnail_20210222_180715-2-2.jpg","width":600,"height":600},{"@type":"BreadcrumbList","@id":"https:\/\/corporacionpba.org\/nuevo\/de-lo-quimico-a-lo-natural\/#breadcrumb","itemListElement":[{"@type":"ListItem","position":1,"name":"Portada","item":"https:\/\/corporacionpba.org\/nuevo\/"},{"@type":"ListItem","position":2,"name":"De lo qu\u00edmico a lo natural"}]},{"@type":"WebSite","@id":"https:\/\/corporacionpba.org\/nuevo\/#website","url":"https:\/\/corporacionpba.org\/nuevo\/","name":"Corporacion PBA","description":"Innovaci&oacute;n Rural para el Desarrollo","potentialAction":[{"@type":"SearchAction","target":{"@type":"EntryPoint","urlTemplate":"https:\/\/corporacionpba.org\/nuevo\/?s={search_term_string}"},"query-input":{"@type":"PropertyValueSpecification","valueRequired":true,"valueName":"search_term_string"}}],"inLanguage":"es"},{"@type":"Person","@id":"https:\/\/corporacionpba.org\/nuevo\/#\/schema\/person\/54fa2e5ef13523f0259b1707b99c11b8","name":"Corporacion PBA","image":{"@type":"ImageObject","inLanguage":"es","@id":"https:\/\/secure.gravatar.com\/avatar\/2063c349439df46203f11a73c15ec3288b8d551168ba8c1a8410ff02770aa39b?s=96&d=mm&r=g","url":"https:\/\/secure.gravatar.com\/avatar\/2063c349439df46203f11a73c15ec3288b8d551168ba8c1a8410ff02770aa39b?s=96&d=mm&r=g","contentUrl":"https:\/\/secure.gravatar.com\/avatar\/2063c349439df46203f11a73c15ec3288b8d551168ba8c1a8410ff02770aa39b?s=96&d=mm&r=g","caption":"Corporacion PBA"},"url":"https:\/\/corporacionpba.org\/nuevo\/author\/corpba\/"}]}},"_links":{"self":[{"href":"https:\/\/corporacionpba.org\/nuevo\/wp-json\/wp\/v2\/posts\/1288","targetHints":{"allow":["GET"]}}],"collection":[{"href":"https:\/\/corporacionpba.org\/nuevo\/wp-json\/wp\/v2\/posts"}],"about":[{"href":"https:\/\/corporacionpba.org\/nuevo\/wp-json\/wp\/v2\/types\/post"}],"author":[{"embeddable":true,"href":"https:\/\/corporacionpba.org\/nuevo\/wp-json\/wp\/v2\/users\/2"}],"replies":[{"embeddable":true,"href":"https:\/\/corporacionpba.org\/nuevo\/wp-json\/wp\/v2\/comments?post=1288"}],"version-history":[{"count":3,"href":"https:\/\/corporacionpba.org\/nuevo\/wp-json\/wp\/v2\/posts\/1288\/revisions"}],"predecessor-version":[{"id":1292,"href":"https:\/\/corporacionpba.org\/nuevo\/wp-json\/wp\/v2\/posts\/1288\/revisions\/1292"}],"wp:featuredmedia":[{"embeddable":true,"href":"https:\/\/corporacionpba.org\/nuevo\/wp-json\/wp\/v2\/media\/1289"}],"wp:attachment":[{"href":"https:\/\/corporacionpba.org\/nuevo\/wp-json\/wp\/v2\/media?parent=1288"}],"wp:term":[{"taxonomy":"category","embeddable":true,"href":"https:\/\/corporacionpba.org\/nuevo\/wp-json\/wp\/v2\/categories?post=1288"},{"taxonomy":"post_tag","embeddable":true,"href":"https:\/\/corporacionpba.org\/nuevo\/wp-json\/wp\/v2\/tags?post=1288"}],"curies":[{"name":"wp","href":"https:\/\/api.w.org\/{rel}","templated":true}]}}