{"id":1302,"date":"2021-09-24T20:42:28","date_gmt":"2021-09-24T20:42:28","guid":{"rendered":"https:\/\/corporacionpba.org\/nuevo\/?p=1302"},"modified":"2021-09-24T20:45:14","modified_gmt":"2021-09-24T20:45:14","slug":"comunicadores-rurales-de-cordoba-en-accion","status":"publish","type":"post","link":"https:\/\/corporacionpba.org\/nuevo\/comunicadores-rurales-de-cordoba-en-accion\/","title":{"rendered":"Comunicadores Rurales de C\u00f3rdoba en acci\u00f3n"},"content":{"rendered":"<p>Los siguientes son algunos videos realizados por Comunicadores Rurales que se han venido formando a lo largo de este a\u00f1o, con la Corporaci\u00f3n PBA, en el departamento de C\u00f3rdoba. Los proyectos de los que estos productores, y sus organizaciones, hacen parte tienen que ver con la producci\u00f3n de yuca, de hortalizas y de otros cultivos de ciclo corto.<\/p>\n<p><iframe loading=\"lazy\" title=\"ASOALMODENA\" width=\"1080\" height=\"608\" src=\"https:\/\/www.youtube.com\/embed\/SlDyqjUB0JE?feature=oembed\" frameborder=\"0\" allow=\"accelerometer; autoplay; clipboard-write; encrypted-media; gyroscope; picture-in-picture\" allowfullscreen><\/iframe><\/p>\n<p>&nbsp;<\/p>\n<p><iframe loading=\"lazy\" title=\"Asoproagrob\" width=\"1080\" height=\"810\" src=\"https:\/\/www.youtube.com\/embed\/9l_JPEGrU1M?feature=oembed\" frameborder=\"0\" allow=\"accelerometer; autoplay; clipboard-write; encrypted-media; gyroscope; picture-in-picture\" allowfullscreen><\/iframe><\/p>\n<p>&nbsp;<\/p>\n<p><iframe loading=\"lazy\" title=\"ASPROAGROVICTORIA\" width=\"1080\" height=\"608\" src=\"https:\/\/www.youtube.com\/embed\/yd9SuFVZ0gc?feature=oembed\" frameborder=\"0\" allow=\"accelerometer; autoplay; clipboard-write; encrypted-media; gyroscope; picture-in-picture\" allowfullscreen><\/iframe><\/p>\n<p>&nbsp;<\/p>\n<p><iframe loading=\"lazy\" title=\"ASDIABUGRE\" width=\"1080\" height=\"608\" src=\"https:\/\/www.youtube.com\/embed\/-pEcRWwiWWc?feature=oembed\" frameborder=\"0\" allow=\"accelerometer; autoplay; clipboard-write; encrypted-media; gyroscope; picture-in-picture\" allowfullscreen><\/iframe><\/p>\n<p>&nbsp;<\/p>\n<p><iframe loading=\"lazy\" title=\"ASOALMODENA 2\" width=\"1080\" height=\"608\" src=\"https:\/\/www.youtube.com\/embed\/xq99fWoj7bw?feature=oembed\" frameborder=\"0\" allow=\"accelerometer; autoplay; clipboard-write; encrypted-media; gyroscope; picture-in-picture\" allowfullscreen><\/iframe><\/p>\n","protected":false},"excerpt":{"rendered":"<p>Los siguientes son algunos videos realizados por Comunicadores Rurales que se han venido formando a lo largo de este a\u00f1o, con la Corporaci\u00f3n PBA, en el departamento de C\u00f3rdoba. Los proyectos de los que estos productores, y sus organizaciones, hacen parte tienen que ver con la producci\u00f3n de yuca, de hortalizas y de otros cultivos [&hellip;]<\/p>\n","protected":false},"author":2,"featured_media":1308,"comment_status":"open","ping_status":"open","sticky":false,"template":"","format":"standard","meta":{"_et_pb_use_builder":"","_et_pb_old_content":"","footnotes":""},"categories":[11,13],"tags":[],"class_list":["post-1302","post","type-post","status-publish","format-standard","has-post-thumbnail","hentry","category-articulo","category-sliderinicio"],"yoast_head":"<!-- This site is optimized with the Yoast SEO plugin v27.2 - https:\/\/yoast.com\/product\/yoast-seo-wordpress\/ -->\n<title>Comunicadores Rurales de C\u00f3rdoba en acci\u00f3n - Corporacion PBA<\/title>\n<meta name=\"robots\" content=\"index, follow, max-snippet:-1, max-image-preview:large, max-video-preview:-1\" \/>\n<link rel=\"canonical\" href=\"https:\/\/corporacionpba.org\/nuevo\/comunicadores-rurales-de-cordoba-en-accion\/\" \/>\n<meta property=\"og:locale\" content=\"es_ES\" \/>\n<meta property=\"og:type\" content=\"article\" \/>\n<meta property=\"og:title\" content=\"Comunicadores Rurales de C\u00f3rdoba en acci\u00f3n - Corporacion PBA\" \/>\n<meta property=\"og:description\" content=\"Los siguientes son algunos videos realizados por Comunicadores Rurales que se han venido formando a lo largo de este a\u00f1o, con la Corporaci\u00f3n PBA, en el departamento de C\u00f3rdoba. Los proyectos de los que estos productores, y sus organizaciones, hacen parte tienen que ver con la producci\u00f3n de yuca, de hortalizas y de otros cultivos [&hellip;]\" \/>\n<meta property=\"og:url\" content=\"https:\/\/corporacionpba.org\/nuevo\/comunicadores-rurales-de-cordoba-en-accion\/\" \/>\n<meta property=\"og:site_name\" content=\"Corporacion PBA\" \/>\n<meta property=\"article:published_time\" content=\"2021-09-24T20:42:28+00:00\" \/>\n<meta property=\"article:modified_time\" content=\"2021-09-24T20:45:14+00:00\" \/>\n<meta property=\"og:image\" content=\"https:\/\/corporacionpba.org\/nuevo\/wp-content\/uploads\/2021\/09\/exif_temp_image-3-2.jpg\" \/>\n\t<meta property=\"og:image:width\" content=\"600\" \/>\n\t<meta property=\"og:image:height\" content=\"600\" \/>\n\t<meta property=\"og:image:type\" content=\"image\/jpeg\" \/>\n<meta name=\"author\" content=\"Corporacion PBA\" \/>\n<meta name=\"twitter:card\" content=\"summary_large_image\" \/>\n<meta name=\"twitter:label1\" content=\"Escrito por\" \/>\n\t<meta name=\"twitter:data1\" content=\"Corporacion PBA\" \/>\n<script type=\"application\/ld+json\" class=\"yoast-schema-graph\">{\"@context\":\"https:\/\/schema.org\",\"@graph\":[{\"@type\":\"Article\",\"@id\":\"https:\/\/corporacionpba.org\/nuevo\/comunicadores-rurales-de-cordoba-en-accion\/#article\",\"isPartOf\":{\"@id\":\"https:\/\/corporacionpba.org\/nuevo\/comunicadores-rurales-de-cordoba-en-accion\/\"},\"author\":{\"name\":\"Corporacion PBA\",\"@id\":\"https:\/\/corporacionpba.org\/nuevo\/#\/schema\/person\/54fa2e5ef13523f0259b1707b99c11b8\"},\"headline\":\"Comunicadores Rurales de C\u00f3rdoba en acci\u00f3n\",\"datePublished\":\"2021-09-24T20:42:28+00:00\",\"dateModified\":\"2021-09-24T20:45:14+00:00\",\"mainEntityOfPage\":{\"@id\":\"https:\/\/corporacionpba.org\/nuevo\/comunicadores-rurales-de-cordoba-en-accion\/\"},\"wordCount\":101,\"commentCount\":0,\"image\":{\"@id\":\"https:\/\/corporacionpba.org\/nuevo\/comunicadores-rurales-de-cordoba-en-accion\/#primaryimage\"},\"thumbnailUrl\":\"https:\/\/corporacionpba.org\/nuevo\/wp-content\/uploads\/2021\/09\/exif_temp_image-3-2.jpg\",\"articleSection\":[\"Art\u00edculo\",\"SliderINICIO\"],\"inLanguage\":\"es\",\"potentialAction\":[{\"@type\":\"CommentAction\",\"name\":\"Comment\",\"target\":[\"https:\/\/corporacionpba.org\/nuevo\/comunicadores-rurales-de-cordoba-en-accion\/#respond\"]}]},{\"@type\":\"WebPage\",\"@id\":\"https:\/\/corporacionpba.org\/nuevo\/comunicadores-rurales-de-cordoba-en-accion\/\",\"url\":\"https:\/\/corporacionpba.org\/nuevo\/comunicadores-rurales-de-cordoba-en-accion\/\",\"name\":\"Comunicadores Rurales de C\u00f3rdoba en acci\u00f3n - Corporacion PBA\",\"isPartOf\":{\"@id\":\"https:\/\/corporacionpba.org\/nuevo\/#website\"},\"primaryImageOfPage\":{\"@id\":\"https:\/\/corporacionpba.org\/nuevo\/comunicadores-rurales-de-cordoba-en-accion\/#primaryimage\"},\"image\":{\"@id\":\"https:\/\/corporacionpba.org\/nuevo\/comunicadores-rurales-de-cordoba-en-accion\/#primaryimage\"},\"thumbnailUrl\":\"https:\/\/corporacionpba.org\/nuevo\/wp-content\/uploads\/2021\/09\/exif_temp_image-3-2.jpg\",\"datePublished\":\"2021-09-24T20:42:28+00:00\",\"dateModified\":\"2021-09-24T20:45:14+00:00\",\"author\":{\"@id\":\"https:\/\/corporacionpba.org\/nuevo\/#\/schema\/person\/54fa2e5ef13523f0259b1707b99c11b8\"},\"breadcrumb\":{\"@id\":\"https:\/\/corporacionpba.org\/nuevo\/comunicadores-rurales-de-cordoba-en-accion\/#breadcrumb\"},\"inLanguage\":\"es\",\"potentialAction\":[{\"@type\":\"ReadAction\",\"target\":[\"https:\/\/corporacionpba.org\/nuevo\/comunicadores-rurales-de-cordoba-en-accion\/\"]}]},{\"@type\":\"ImageObject\",\"inLanguage\":\"es\",\"@id\":\"https:\/\/corporacionpba.org\/nuevo\/comunicadores-rurales-de-cordoba-en-accion\/#primaryimage\",\"url\":\"https:\/\/corporacionpba.org\/nuevo\/wp-content\/uploads\/2021\/09\/exif_temp_image-3-2.jpg\",\"contentUrl\":\"https:\/\/corporacionpba.org\/nuevo\/wp-content\/uploads\/2021\/09\/exif_temp_image-3-2.jpg\",\"width\":600,\"height\":600},{\"@type\":\"BreadcrumbList\",\"@id\":\"https:\/\/corporacionpba.org\/nuevo\/comunicadores-rurales-de-cordoba-en-accion\/#breadcrumb\",\"itemListElement\":[{\"@type\":\"ListItem\",\"position\":1,\"name\":\"Portada\",\"item\":\"https:\/\/corporacionpba.org\/nuevo\/\"},{\"@type\":\"ListItem\",\"position\":2,\"name\":\"Comunicadores Rurales de C\u00f3rdoba en acci\u00f3n\"}]},{\"@type\":\"WebSite\",\"@id\":\"https:\/\/corporacionpba.org\/nuevo\/#website\",\"url\":\"https:\/\/corporacionpba.org\/nuevo\/\",\"name\":\"Corporacion PBA\",\"description\":\"Innovaci&oacute;n Rural para el Desarrollo\",\"potentialAction\":[{\"@type\":\"SearchAction\",\"target\":{\"@type\":\"EntryPoint\",\"urlTemplate\":\"https:\/\/corporacionpba.org\/nuevo\/?s={search_term_string}\"},\"query-input\":{\"@type\":\"PropertyValueSpecification\",\"valueRequired\":true,\"valueName\":\"search_term_string\"}}],\"inLanguage\":\"es\"},{\"@type\":\"Person\",\"@id\":\"https:\/\/corporacionpba.org\/nuevo\/#\/schema\/person\/54fa2e5ef13523f0259b1707b99c11b8\",\"name\":\"Corporacion PBA\",\"image\":{\"@type\":\"ImageObject\",\"inLanguage\":\"es\",\"@id\":\"https:\/\/secure.gravatar.com\/avatar\/2063c349439df46203f11a73c15ec3288b8d551168ba8c1a8410ff02770aa39b?s=96&d=mm&r=g\",\"url\":\"https:\/\/secure.gravatar.com\/avatar\/2063c349439df46203f11a73c15ec3288b8d551168ba8c1a8410ff02770aa39b?s=96&d=mm&r=g\",\"contentUrl\":\"https:\/\/secure.gravatar.com\/avatar\/2063c349439df46203f11a73c15ec3288b8d551168ba8c1a8410ff02770aa39b?s=96&d=mm&r=g\",\"caption\":\"Corporacion PBA\"},\"url\":\"https:\/\/corporacionpba.org\/nuevo\/author\/corpba\/\"}]}<\/script>\n<!-- \/ Yoast SEO plugin. -->","yoast_head_json":{"title":"Comunicadores Rurales de C\u00f3rdoba en acci\u00f3n - Corporacion PBA","robots":{"index":"index","follow":"follow","max-snippet":"max-snippet:-1","max-image-preview":"max-image-preview:large","max-video-preview":"max-video-preview:-1"},"canonical":"https:\/\/corporacionpba.org\/nuevo\/comunicadores-rurales-de-cordoba-en-accion\/","og_locale":"es_ES","og_type":"article","og_title":"Comunicadores Rurales de C\u00f3rdoba en acci\u00f3n - Corporacion PBA","og_description":"Los siguientes son algunos videos realizados por Comunicadores Rurales que se han venido formando a lo largo de este a\u00f1o, con la Corporaci\u00f3n PBA, en el departamento de C\u00f3rdoba. Los proyectos de los que estos productores, y sus organizaciones, hacen parte tienen que ver con la producci\u00f3n de yuca, de hortalizas y de otros cultivos [&hellip;]","og_url":"https:\/\/corporacionpba.org\/nuevo\/comunicadores-rurales-de-cordoba-en-accion\/","og_site_name":"Corporacion PBA","article_published_time":"2021-09-24T20:42:28+00:00","article_modified_time":"2021-09-24T20:45:14+00:00","og_image":[{"width":600,"height":600,"url":"https:\/\/corporacionpba.org\/nuevo\/wp-content\/uploads\/2021\/09\/exif_temp_image-3-2.jpg","type":"image\/jpeg"}],"author":"Corporacion PBA","twitter_card":"summary_large_image","twitter_misc":{"Escrito por":"Corporacion PBA"},"schema":{"@context":"https:\/\/schema.org","@graph":[{"@type":"Article","@id":"https:\/\/corporacionpba.org\/nuevo\/comunicadores-rurales-de-cordoba-en-accion\/#article","isPartOf":{"@id":"https:\/\/corporacionpba.org\/nuevo\/comunicadores-rurales-de-cordoba-en-accion\/"},"author":{"name":"Corporacion PBA","@id":"https:\/\/corporacionpba.org\/nuevo\/#\/schema\/person\/54fa2e5ef13523f0259b1707b99c11b8"},"headline":"Comunicadores Rurales de C\u00f3rdoba en acci\u00f3n","datePublished":"2021-09-24T20:42:28+00:00","dateModified":"2021-09-24T20:45:14+00:00","mainEntityOfPage":{"@id":"https:\/\/corporacionpba.org\/nuevo\/comunicadores-rurales-de-cordoba-en-accion\/"},"wordCount":101,"commentCount":0,"image":{"@id":"https:\/\/corporacionpba.org\/nuevo\/comunicadores-rurales-de-cordoba-en-accion\/#primaryimage"},"thumbnailUrl":"https:\/\/corporacionpba.org\/nuevo\/wp-content\/uploads\/2021\/09\/exif_temp_image-3-2.jpg","articleSection":["Art\u00edculo","SliderINICIO"],"inLanguage":"es","potentialAction":[{"@type":"CommentAction","name":"Comment","target":["https:\/\/corporacionpba.org\/nuevo\/comunicadores-rurales-de-cordoba-en-accion\/#respond"]}]},{"@type":"WebPage","@id":"https:\/\/corporacionpba.org\/nuevo\/comunicadores-rurales-de-cordoba-en-accion\/","url":"https:\/\/corporacionpba.org\/nuevo\/comunicadores-rurales-de-cordoba-en-accion\/","name":"Comunicadores Rurales de C\u00f3rdoba en acci\u00f3n - Corporacion PBA","isPartOf":{"@id":"https:\/\/corporacionpba.org\/nuevo\/#website"},"primaryImageOfPage":{"@id":"https:\/\/corporacionpba.org\/nuevo\/comunicadores-rurales-de-cordoba-en-accion\/#primaryimage"},"image":{"@id":"https:\/\/corporacionpba.org\/nuevo\/comunicadores-rurales-de-cordoba-en-accion\/#primaryimage"},"thumbnailUrl":"https:\/\/corporacionpba.org\/nuevo\/wp-content\/uploads\/2021\/09\/exif_temp_image-3-2.jpg","datePublished":"2021-09-24T20:42:28+00:00","dateModified":"2021-09-24T20:45:14+00:00","author":{"@id":"https:\/\/corporacionpba.org\/nuevo\/#\/schema\/person\/54fa2e5ef13523f0259b1707b99c11b8"},"breadcrumb":{"@id":"https:\/\/corporacionpba.org\/nuevo\/comunicadores-rurales-de-cordoba-en-accion\/#breadcrumb"},"inLanguage":"es","potentialAction":[{"@type":"ReadAction","target":["https:\/\/corporacionpba.org\/nuevo\/comunicadores-rurales-de-cordoba-en-accion\/"]}]},{"@type":"ImageObject","inLanguage":"es","@id":"https:\/\/corporacionpba.org\/nuevo\/comunicadores-rurales-de-cordoba-en-accion\/#primaryimage","url":"https:\/\/corporacionpba.org\/nuevo\/wp-content\/uploads\/2021\/09\/exif_temp_image-3-2.jpg","contentUrl":"https:\/\/corporacionpba.org\/nuevo\/wp-content\/uploads\/2021\/09\/exif_temp_image-3-2.jpg","width":600,"height":600},{"@type":"BreadcrumbList","@id":"https:\/\/corporacionpba.org\/nuevo\/comunicadores-rurales-de-cordoba-en-accion\/#breadcrumb","itemListElement":[{"@type":"ListItem","position":1,"name":"Portada","item":"https:\/\/corporacionpba.org\/nuevo\/"},{"@type":"ListItem","position":2,"name":"Comunicadores Rurales de C\u00f3rdoba en acci\u00f3n"}]},{"@type":"WebSite","@id":"https:\/\/corporacionpba.org\/nuevo\/#website","url":"https:\/\/corporacionpba.org\/nuevo\/","name":"Corporacion PBA","description":"Innovaci&oacute;n Rural para el Desarrollo","potentialAction":[{"@type":"SearchAction","target":{"@type":"EntryPoint","urlTemplate":"https:\/\/corporacionpba.org\/nuevo\/?s={search_term_string}"},"query-input":{"@type":"PropertyValueSpecification","valueRequired":true,"valueName":"search_term_string"}}],"inLanguage":"es"},{"@type":"Person","@id":"https:\/\/corporacionpba.org\/nuevo\/#\/schema\/person\/54fa2e5ef13523f0259b1707b99c11b8","name":"Corporacion PBA","image":{"@type":"ImageObject","inLanguage":"es","@id":"https:\/\/secure.gravatar.com\/avatar\/2063c349439df46203f11a73c15ec3288b8d551168ba8c1a8410ff02770aa39b?s=96&d=mm&r=g","url":"https:\/\/secure.gravatar.com\/avatar\/2063c349439df46203f11a73c15ec3288b8d551168ba8c1a8410ff02770aa39b?s=96&d=mm&r=g","contentUrl":"https:\/\/secure.gravatar.com\/avatar\/2063c349439df46203f11a73c15ec3288b8d551168ba8c1a8410ff02770aa39b?s=96&d=mm&r=g","caption":"Corporacion PBA"},"url":"https:\/\/corporacionpba.org\/nuevo\/author\/corpba\/"}]}},"_links":{"self":[{"href":"https:\/\/corporacionpba.org\/nuevo\/wp-json\/wp\/v2\/posts\/1302","targetHints":{"allow":["GET"]}}],"collection":[{"href":"https:\/\/corporacionpba.org\/nuevo\/wp-json\/wp\/v2\/posts"}],"about":[{"href":"https:\/\/corporacionpba.org\/nuevo\/wp-json\/wp\/v2\/types\/post"}],"author":[{"embeddable":true,"href":"https:\/\/corporacionpba.org\/nuevo\/wp-json\/wp\/v2\/users\/2"}],"replies":[{"embeddable":true,"href":"https:\/\/corporacionpba.org\/nuevo\/wp-json\/wp\/v2\/comments?post=1302"}],"version-history":[{"count":3,"href":"https:\/\/corporacionpba.org\/nuevo\/wp-json\/wp\/v2\/posts\/1302\/revisions"}],"predecessor-version":[{"id":1311,"href":"https:\/\/corporacionpba.org\/nuevo\/wp-json\/wp\/v2\/posts\/1302\/revisions\/1311"}],"wp:featuredmedia":[{"embeddable":true,"href":"https:\/\/corporacionpba.org\/nuevo\/wp-json\/wp\/v2\/media\/1308"}],"wp:attachment":[{"href":"https:\/\/corporacionpba.org\/nuevo\/wp-json\/wp\/v2\/media?parent=1302"}],"wp:term":[{"taxonomy":"category","embeddable":true,"href":"https:\/\/corporacionpba.org\/nuevo\/wp-json\/wp\/v2\/categories?post=1302"},{"taxonomy":"post_tag","embeddable":true,"href":"https:\/\/corporacionpba.org\/nuevo\/wp-json\/wp\/v2\/tags?post=1302"}],"curies":[{"name":"wp","href":"https:\/\/api.w.org\/{rel}","templated":true}]}}