{"id":1316,"date":"2021-11-11T19:37:33","date_gmt":"2021-11-11T19:37:33","guid":{"rendered":"https:\/\/corporacionpba.org\/nuevo\/?p=1316"},"modified":"2021-11-11T19:37:33","modified_gmt":"2021-11-11T19:37:33","slug":"con-nueva-alianza-la-corporacion-pba-sigue-abriendo-caminos","status":"publish","type":"post","link":"https:\/\/corporacionpba.org\/nuevo\/con-nueva-alianza-la-corporacion-pba-sigue-abriendo-caminos\/","title":{"rendered":"Con nueva alianza, la Corporaci\u00f3n PBA sigue abriendo caminos"},"content":{"rendered":"<p><img loading=\"lazy\" decoding=\"async\" class=\"size-medium wp-image-1317 aligncenter\" src=\"https:\/\/corporacionpba.org\/nuevo\/wp-content\/uploads\/2021\/11\/IMG_20211110_093842001_HDR-2-2-300x300.jpg\" alt=\"\" width=\"300\" height=\"300\" srcset=\"https:\/\/corporacionpba.org\/nuevo\/wp-content\/uploads\/2021\/11\/IMG_20211110_093842001_HDR-2-2-300x300.jpg 300w, https:\/\/corporacionpba.org\/nuevo\/wp-content\/uploads\/2021\/11\/IMG_20211110_093842001_HDR-2-2-150x150.jpg 150w, https:\/\/corporacionpba.org\/nuevo\/wp-content\/uploads\/2021\/11\/IMG_20211110_093842001_HDR-2-2.jpg 600w\" sizes=\"auto, (max-width: 300px) 100vw, 300px\" \/><\/p>\n<p>Con el proyecto \u201cManos al Campo\u201d se dio inicio al fortalecimiento t\u00e9cnico, socio-organizacional y empresarial de familias productoras rurales de los departamentos de Sucre y La Guajira, buscando el mejoramiento de sus ingresos y de su seguridad alimentaria.<\/p>\n<p>Gracias a una alianza entre la Fundaci\u00f3n Promigas y la Corporaci\u00f3n PBA, se empezaron las jornadas de socializaci\u00f3n del proyecto. En el departamento de Sucre ser\u00e1n beneficiadas 60 familias de 4 comunidades ind\u00edgenas, vinculadas a la Asociaci\u00f3n Red de Mujeres Ind\u00edgenas del municipio de Sincelejo. En La Guajira, por su parte, los beneficiarios directos est\u00e1n compuestos por 101 familias de 4 organizaciones de Dibulla.<\/p>\n<p>Con la implementaci\u00f3n de la estrategia de Innovaci\u00f3n Rural Participativa (IRP) de la Corporaci\u00f3n PBA, en 24 meses se pretende fortalecer el tejido social y organizativo, el empoderamiento de las familias y el incremento de su producci\u00f3n, a trav\u00e9s de la innovaci\u00f3n en pr\u00e1cticas tecnol\u00f3gicas ambientalmente sostenibles y el desarrollo de capacidades empresariales de los peque\u00f1os productores rurales.<\/p>\n<p>De esta manera, con el nuevo proyecto la Corporaci\u00f3n PBA contin\u00faa avanzando en los procesos de innovaci\u00f3n y desarrollo rural en el campo colombiano.<\/p>\n<p>Por: Rosa Quiroz<br \/>\nComunicadora Rural<\/p>\n","protected":false},"excerpt":{"rendered":"<p>Con el proyecto \u201cManos al Campo\u201d se dio inicio al fortalecimiento t\u00e9cnico, socio-organizacional y empresarial de familias productoras rurales de los departamentos de Sucre y La Guajira, buscando el mejoramiento de sus ingresos y de su seguridad alimentaria. Gracias a una alianza entre la Fundaci\u00f3n Promigas y la Corporaci\u00f3n PBA, se empezaron las jornadas de [&hellip;]<\/p>\n","protected":false},"author":2,"featured_media":1317,"comment_status":"open","ping_status":"open","sticky":false,"template":"","format":"standard","meta":{"_et_pb_use_builder":"","_et_pb_old_content":"","footnotes":""},"categories":[11,13],"tags":[],"class_list":["post-1316","post","type-post","status-publish","format-standard","has-post-thumbnail","hentry","category-articulo","category-sliderinicio"],"yoast_head":"<!-- This site is optimized with the Yoast SEO plugin v27.2 - https:\/\/yoast.com\/product\/yoast-seo-wordpress\/ -->\n<title>Con nueva alianza, la Corporaci\u00f3n PBA sigue abriendo caminos - Corporacion PBA<\/title>\n<meta name=\"robots\" content=\"index, follow, max-snippet:-1, max-image-preview:large, max-video-preview:-1\" \/>\n<link rel=\"canonical\" href=\"https:\/\/corporacionpba.org\/nuevo\/con-nueva-alianza-la-corporacion-pba-sigue-abriendo-caminos\/\" \/>\n<meta property=\"og:locale\" content=\"es_ES\" \/>\n<meta property=\"og:type\" content=\"article\" \/>\n<meta property=\"og:title\" content=\"Con nueva alianza, la Corporaci\u00f3n PBA sigue abriendo caminos - Corporacion PBA\" \/>\n<meta property=\"og:description\" content=\"Con el proyecto \u201cManos al Campo\u201d se dio inicio al fortalecimiento t\u00e9cnico, socio-organizacional y empresarial de familias productoras rurales de los departamentos de Sucre y La Guajira, buscando el mejoramiento de sus ingresos y de su seguridad alimentaria. Gracias a una alianza entre la Fundaci\u00f3n Promigas y la Corporaci\u00f3n PBA, se empezaron las jornadas de [&hellip;]\" \/>\n<meta property=\"og:url\" content=\"https:\/\/corporacionpba.org\/nuevo\/con-nueva-alianza-la-corporacion-pba-sigue-abriendo-caminos\/\" \/>\n<meta property=\"og:site_name\" content=\"Corporacion PBA\" \/>\n<meta property=\"article:published_time\" content=\"2021-11-11T19:37:33+00:00\" \/>\n<meta property=\"og:image\" content=\"https:\/\/corporacionpba.org\/nuevo\/wp-content\/uploads\/2021\/11\/IMG_20211110_093842001_HDR-2-2.jpg\" \/>\n\t<meta property=\"og:image:width\" content=\"600\" \/>\n\t<meta property=\"og:image:height\" content=\"600\" \/>\n\t<meta property=\"og:image:type\" content=\"image\/jpeg\" \/>\n<meta name=\"author\" content=\"Corporacion PBA\" \/>\n<meta name=\"twitter:card\" content=\"summary_large_image\" \/>\n<meta name=\"twitter:label1\" content=\"Escrito por\" \/>\n\t<meta name=\"twitter:data1\" content=\"Corporacion PBA\" \/>\n\t<meta name=\"twitter:label2\" content=\"Tiempo de lectura\" \/>\n\t<meta name=\"twitter:data2\" content=\"1 minuto\" \/>\n<script type=\"application\/ld+json\" class=\"yoast-schema-graph\">{\"@context\":\"https:\/\/schema.org\",\"@graph\":[{\"@type\":\"Article\",\"@id\":\"https:\/\/corporacionpba.org\/nuevo\/con-nueva-alianza-la-corporacion-pba-sigue-abriendo-caminos\/#article\",\"isPartOf\":{\"@id\":\"https:\/\/corporacionpba.org\/nuevo\/con-nueva-alianza-la-corporacion-pba-sigue-abriendo-caminos\/\"},\"author\":{\"name\":\"Corporacion PBA\",\"@id\":\"https:\/\/corporacionpba.org\/nuevo\/#\/schema\/person\/54fa2e5ef13523f0259b1707b99c11b8\"},\"headline\":\"Con nueva alianza, la Corporaci\u00f3n PBA sigue abriendo caminos\",\"datePublished\":\"2021-11-11T19:37:33+00:00\",\"mainEntityOfPage\":{\"@id\":\"https:\/\/corporacionpba.org\/nuevo\/con-nueva-alianza-la-corporacion-pba-sigue-abriendo-caminos\/\"},\"wordCount\":215,\"commentCount\":0,\"image\":{\"@id\":\"https:\/\/corporacionpba.org\/nuevo\/con-nueva-alianza-la-corporacion-pba-sigue-abriendo-caminos\/#primaryimage\"},\"thumbnailUrl\":\"https:\/\/corporacionpba.org\/nuevo\/wp-content\/uploads\/2021\/11\/IMG_20211110_093842001_HDR-2-2.jpg\",\"articleSection\":[\"Art\u00edculo\",\"SliderINICIO\"],\"inLanguage\":\"es\",\"potentialAction\":[{\"@type\":\"CommentAction\",\"name\":\"Comment\",\"target\":[\"https:\/\/corporacionpba.org\/nuevo\/con-nueva-alianza-la-corporacion-pba-sigue-abriendo-caminos\/#respond\"]}]},{\"@type\":\"WebPage\",\"@id\":\"https:\/\/corporacionpba.org\/nuevo\/con-nueva-alianza-la-corporacion-pba-sigue-abriendo-caminos\/\",\"url\":\"https:\/\/corporacionpba.org\/nuevo\/con-nueva-alianza-la-corporacion-pba-sigue-abriendo-caminos\/\",\"name\":\"Con nueva alianza, la Corporaci\u00f3n PBA sigue abriendo caminos - Corporacion PBA\",\"isPartOf\":{\"@id\":\"https:\/\/corporacionpba.org\/nuevo\/#website\"},\"primaryImageOfPage\":{\"@id\":\"https:\/\/corporacionpba.org\/nuevo\/con-nueva-alianza-la-corporacion-pba-sigue-abriendo-caminos\/#primaryimage\"},\"image\":{\"@id\":\"https:\/\/corporacionpba.org\/nuevo\/con-nueva-alianza-la-corporacion-pba-sigue-abriendo-caminos\/#primaryimage\"},\"thumbnailUrl\":\"https:\/\/corporacionpba.org\/nuevo\/wp-content\/uploads\/2021\/11\/IMG_20211110_093842001_HDR-2-2.jpg\",\"datePublished\":\"2021-11-11T19:37:33+00:00\",\"author\":{\"@id\":\"https:\/\/corporacionpba.org\/nuevo\/#\/schema\/person\/54fa2e5ef13523f0259b1707b99c11b8\"},\"breadcrumb\":{\"@id\":\"https:\/\/corporacionpba.org\/nuevo\/con-nueva-alianza-la-corporacion-pba-sigue-abriendo-caminos\/#breadcrumb\"},\"inLanguage\":\"es\",\"potentialAction\":[{\"@type\":\"ReadAction\",\"target\":[\"https:\/\/corporacionpba.org\/nuevo\/con-nueva-alianza-la-corporacion-pba-sigue-abriendo-caminos\/\"]}]},{\"@type\":\"ImageObject\",\"inLanguage\":\"es\",\"@id\":\"https:\/\/corporacionpba.org\/nuevo\/con-nueva-alianza-la-corporacion-pba-sigue-abriendo-caminos\/#primaryimage\",\"url\":\"https:\/\/corporacionpba.org\/nuevo\/wp-content\/uploads\/2021\/11\/IMG_20211110_093842001_HDR-2-2.jpg\",\"contentUrl\":\"https:\/\/corporacionpba.org\/nuevo\/wp-content\/uploads\/2021\/11\/IMG_20211110_093842001_HDR-2-2.jpg\",\"width\":600,\"height\":600},{\"@type\":\"BreadcrumbList\",\"@id\":\"https:\/\/corporacionpba.org\/nuevo\/con-nueva-alianza-la-corporacion-pba-sigue-abriendo-caminos\/#breadcrumb\",\"itemListElement\":[{\"@type\":\"ListItem\",\"position\":1,\"name\":\"Portada\",\"item\":\"https:\/\/corporacionpba.org\/nuevo\/\"},{\"@type\":\"ListItem\",\"position\":2,\"name\":\"Con nueva alianza, la Corporaci\u00f3n PBA sigue abriendo caminos\"}]},{\"@type\":\"WebSite\",\"@id\":\"https:\/\/corporacionpba.org\/nuevo\/#website\",\"url\":\"https:\/\/corporacionpba.org\/nuevo\/\",\"name\":\"Corporacion PBA\",\"description\":\"Innovaci&oacute;n Rural para el Desarrollo\",\"potentialAction\":[{\"@type\":\"SearchAction\",\"target\":{\"@type\":\"EntryPoint\",\"urlTemplate\":\"https:\/\/corporacionpba.org\/nuevo\/?s={search_term_string}\"},\"query-input\":{\"@type\":\"PropertyValueSpecification\",\"valueRequired\":true,\"valueName\":\"search_term_string\"}}],\"inLanguage\":\"es\"},{\"@type\":\"Person\",\"@id\":\"https:\/\/corporacionpba.org\/nuevo\/#\/schema\/person\/54fa2e5ef13523f0259b1707b99c11b8\",\"name\":\"Corporacion PBA\",\"image\":{\"@type\":\"ImageObject\",\"inLanguage\":\"es\",\"@id\":\"https:\/\/secure.gravatar.com\/avatar\/2063c349439df46203f11a73c15ec3288b8d551168ba8c1a8410ff02770aa39b?s=96&d=mm&r=g\",\"url\":\"https:\/\/secure.gravatar.com\/avatar\/2063c349439df46203f11a73c15ec3288b8d551168ba8c1a8410ff02770aa39b?s=96&d=mm&r=g\",\"contentUrl\":\"https:\/\/secure.gravatar.com\/avatar\/2063c349439df46203f11a73c15ec3288b8d551168ba8c1a8410ff02770aa39b?s=96&d=mm&r=g\",\"caption\":\"Corporacion PBA\"},\"url\":\"https:\/\/corporacionpba.org\/nuevo\/author\/corpba\/\"}]}<\/script>\n<!-- \/ Yoast SEO plugin. -->","yoast_head_json":{"title":"Con nueva alianza, la Corporaci\u00f3n PBA sigue abriendo caminos - Corporacion PBA","robots":{"index":"index","follow":"follow","max-snippet":"max-snippet:-1","max-image-preview":"max-image-preview:large","max-video-preview":"max-video-preview:-1"},"canonical":"https:\/\/corporacionpba.org\/nuevo\/con-nueva-alianza-la-corporacion-pba-sigue-abriendo-caminos\/","og_locale":"es_ES","og_type":"article","og_title":"Con nueva alianza, la Corporaci\u00f3n PBA sigue abriendo caminos - Corporacion PBA","og_description":"Con el proyecto \u201cManos al Campo\u201d se dio inicio al fortalecimiento t\u00e9cnico, socio-organizacional y empresarial de familias productoras rurales de los departamentos de Sucre y La Guajira, buscando el mejoramiento de sus ingresos y de su seguridad alimentaria. Gracias a una alianza entre la Fundaci\u00f3n Promigas y la Corporaci\u00f3n PBA, se empezaron las jornadas de [&hellip;]","og_url":"https:\/\/corporacionpba.org\/nuevo\/con-nueva-alianza-la-corporacion-pba-sigue-abriendo-caminos\/","og_site_name":"Corporacion PBA","article_published_time":"2021-11-11T19:37:33+00:00","og_image":[{"width":600,"height":600,"url":"https:\/\/corporacionpba.org\/nuevo\/wp-content\/uploads\/2021\/11\/IMG_20211110_093842001_HDR-2-2.jpg","type":"image\/jpeg"}],"author":"Corporacion PBA","twitter_card":"summary_large_image","twitter_misc":{"Escrito por":"Corporacion PBA","Tiempo de lectura":"1 minuto"},"schema":{"@context":"https:\/\/schema.org","@graph":[{"@type":"Article","@id":"https:\/\/corporacionpba.org\/nuevo\/con-nueva-alianza-la-corporacion-pba-sigue-abriendo-caminos\/#article","isPartOf":{"@id":"https:\/\/corporacionpba.org\/nuevo\/con-nueva-alianza-la-corporacion-pba-sigue-abriendo-caminos\/"},"author":{"name":"Corporacion PBA","@id":"https:\/\/corporacionpba.org\/nuevo\/#\/schema\/person\/54fa2e5ef13523f0259b1707b99c11b8"},"headline":"Con nueva alianza, la Corporaci\u00f3n PBA sigue abriendo caminos","datePublished":"2021-11-11T19:37:33+00:00","mainEntityOfPage":{"@id":"https:\/\/corporacionpba.org\/nuevo\/con-nueva-alianza-la-corporacion-pba-sigue-abriendo-caminos\/"},"wordCount":215,"commentCount":0,"image":{"@id":"https:\/\/corporacionpba.org\/nuevo\/con-nueva-alianza-la-corporacion-pba-sigue-abriendo-caminos\/#primaryimage"},"thumbnailUrl":"https:\/\/corporacionpba.org\/nuevo\/wp-content\/uploads\/2021\/11\/IMG_20211110_093842001_HDR-2-2.jpg","articleSection":["Art\u00edculo","SliderINICIO"],"inLanguage":"es","potentialAction":[{"@type":"CommentAction","name":"Comment","target":["https:\/\/corporacionpba.org\/nuevo\/con-nueva-alianza-la-corporacion-pba-sigue-abriendo-caminos\/#respond"]}]},{"@type":"WebPage","@id":"https:\/\/corporacionpba.org\/nuevo\/con-nueva-alianza-la-corporacion-pba-sigue-abriendo-caminos\/","url":"https:\/\/corporacionpba.org\/nuevo\/con-nueva-alianza-la-corporacion-pba-sigue-abriendo-caminos\/","name":"Con nueva alianza, la Corporaci\u00f3n PBA sigue abriendo caminos - Corporacion PBA","isPartOf":{"@id":"https:\/\/corporacionpba.org\/nuevo\/#website"},"primaryImageOfPage":{"@id":"https:\/\/corporacionpba.org\/nuevo\/con-nueva-alianza-la-corporacion-pba-sigue-abriendo-caminos\/#primaryimage"},"image":{"@id":"https:\/\/corporacionpba.org\/nuevo\/con-nueva-alianza-la-corporacion-pba-sigue-abriendo-caminos\/#primaryimage"},"thumbnailUrl":"https:\/\/corporacionpba.org\/nuevo\/wp-content\/uploads\/2021\/11\/IMG_20211110_093842001_HDR-2-2.jpg","datePublished":"2021-11-11T19:37:33+00:00","author":{"@id":"https:\/\/corporacionpba.org\/nuevo\/#\/schema\/person\/54fa2e5ef13523f0259b1707b99c11b8"},"breadcrumb":{"@id":"https:\/\/corporacionpba.org\/nuevo\/con-nueva-alianza-la-corporacion-pba-sigue-abriendo-caminos\/#breadcrumb"},"inLanguage":"es","potentialAction":[{"@type":"ReadAction","target":["https:\/\/corporacionpba.org\/nuevo\/con-nueva-alianza-la-corporacion-pba-sigue-abriendo-caminos\/"]}]},{"@type":"ImageObject","inLanguage":"es","@id":"https:\/\/corporacionpba.org\/nuevo\/con-nueva-alianza-la-corporacion-pba-sigue-abriendo-caminos\/#primaryimage","url":"https:\/\/corporacionpba.org\/nuevo\/wp-content\/uploads\/2021\/11\/IMG_20211110_093842001_HDR-2-2.jpg","contentUrl":"https:\/\/corporacionpba.org\/nuevo\/wp-content\/uploads\/2021\/11\/IMG_20211110_093842001_HDR-2-2.jpg","width":600,"height":600},{"@type":"BreadcrumbList","@id":"https:\/\/corporacionpba.org\/nuevo\/con-nueva-alianza-la-corporacion-pba-sigue-abriendo-caminos\/#breadcrumb","itemListElement":[{"@type":"ListItem","position":1,"name":"Portada","item":"https:\/\/corporacionpba.org\/nuevo\/"},{"@type":"ListItem","position":2,"name":"Con nueva alianza, la Corporaci\u00f3n PBA sigue abriendo caminos"}]},{"@type":"WebSite","@id":"https:\/\/corporacionpba.org\/nuevo\/#website","url":"https:\/\/corporacionpba.org\/nuevo\/","name":"Corporacion PBA","description":"Innovaci&oacute;n Rural para el Desarrollo","potentialAction":[{"@type":"SearchAction","target":{"@type":"EntryPoint","urlTemplate":"https:\/\/corporacionpba.org\/nuevo\/?s={search_term_string}"},"query-input":{"@type":"PropertyValueSpecification","valueRequired":true,"valueName":"search_term_string"}}],"inLanguage":"es"},{"@type":"Person","@id":"https:\/\/corporacionpba.org\/nuevo\/#\/schema\/person\/54fa2e5ef13523f0259b1707b99c11b8","name":"Corporacion PBA","image":{"@type":"ImageObject","inLanguage":"es","@id":"https:\/\/secure.gravatar.com\/avatar\/2063c349439df46203f11a73c15ec3288b8d551168ba8c1a8410ff02770aa39b?s=96&d=mm&r=g","url":"https:\/\/secure.gravatar.com\/avatar\/2063c349439df46203f11a73c15ec3288b8d551168ba8c1a8410ff02770aa39b?s=96&d=mm&r=g","contentUrl":"https:\/\/secure.gravatar.com\/avatar\/2063c349439df46203f11a73c15ec3288b8d551168ba8c1a8410ff02770aa39b?s=96&d=mm&r=g","caption":"Corporacion PBA"},"url":"https:\/\/corporacionpba.org\/nuevo\/author\/corpba\/"}]}},"_links":{"self":[{"href":"https:\/\/corporacionpba.org\/nuevo\/wp-json\/wp\/v2\/posts\/1316","targetHints":{"allow":["GET"]}}],"collection":[{"href":"https:\/\/corporacionpba.org\/nuevo\/wp-json\/wp\/v2\/posts"}],"about":[{"href":"https:\/\/corporacionpba.org\/nuevo\/wp-json\/wp\/v2\/types\/post"}],"author":[{"embeddable":true,"href":"https:\/\/corporacionpba.org\/nuevo\/wp-json\/wp\/v2\/users\/2"}],"replies":[{"embeddable":true,"href":"https:\/\/corporacionpba.org\/nuevo\/wp-json\/wp\/v2\/comments?post=1316"}],"version-history":[{"count":1,"href":"https:\/\/corporacionpba.org\/nuevo\/wp-json\/wp\/v2\/posts\/1316\/revisions"}],"predecessor-version":[{"id":1318,"href":"https:\/\/corporacionpba.org\/nuevo\/wp-json\/wp\/v2\/posts\/1316\/revisions\/1318"}],"wp:featuredmedia":[{"embeddable":true,"href":"https:\/\/corporacionpba.org\/nuevo\/wp-json\/wp\/v2\/media\/1317"}],"wp:attachment":[{"href":"https:\/\/corporacionpba.org\/nuevo\/wp-json\/wp\/v2\/media?parent=1316"}],"wp:term":[{"taxonomy":"category","embeddable":true,"href":"https:\/\/corporacionpba.org\/nuevo\/wp-json\/wp\/v2\/categories?post=1316"},{"taxonomy":"post_tag","embeddable":true,"href":"https:\/\/corporacionpba.org\/nuevo\/wp-json\/wp\/v2\/tags?post=1316"}],"curies":[{"name":"wp","href":"https:\/\/api.w.org\/{rel}","templated":true}]}}