{"id":1334,"date":"2022-03-03T15:30:26","date_gmt":"2022-03-03T15:30:26","guid":{"rendered":"https:\/\/corporacionpba.org\/nuevo\/?p=1334"},"modified":"2022-03-03T15:31:32","modified_gmt":"2022-03-03T15:31:32","slug":"asi-avanza-el-proyecto-manos-al-campo","status":"publish","type":"post","link":"https:\/\/corporacionpba.org\/nuevo\/asi-avanza-el-proyecto-manos-al-campo\/","title":{"rendered":"As\u00ed avanza el proyecto \u00abManos al Campo\u00bb"},"content":{"rendered":"<p><img loading=\"lazy\" decoding=\"async\" class=\"size-medium wp-image-1336 aligncenter\" src=\"https:\/\/corporacionpba.org\/nuevo\/wp-content\/uploads\/2022\/03\/WhatsApp-Image-2022-02-18-at-6.59.02-AM-1-2-2-300x300.jpeg\" alt=\"\" width=\"300\" height=\"300\" srcset=\"https:\/\/corporacionpba.org\/nuevo\/wp-content\/uploads\/2022\/03\/WhatsApp-Image-2022-02-18-at-6.59.02-AM-1-2-2-300x300.jpeg 300w, https:\/\/corporacionpba.org\/nuevo\/wp-content\/uploads\/2022\/03\/WhatsApp-Image-2022-02-18-at-6.59.02-AM-1-2-2-150x150.jpeg 150w, https:\/\/corporacionpba.org\/nuevo\/wp-content\/uploads\/2022\/03\/WhatsApp-Image-2022-02-18-at-6.59.02-AM-1-2-2.jpeg 600w\" sizes=\"auto, (max-width: 300px) 100vw, 300px\" \/><\/p>\n<p>Con el objetivo de impulsar la producci\u00f3n agr\u00edcola y la generaci\u00f3n de ingresos de peque\u00f1os productores rurales, a partir de la comercializaci\u00f3n de sus productos, la Fundaci\u00f3n Promigas y la Corporaci\u00f3n PBA han unido esfuerzos para la puesta en marcha del proyecto \u00abManos al Campo\u00bb en los municipios de Dibulla, La Guajira, y Sincelejo, Sucre.<\/p>\n<p>Mediante la estrategia de Innovaci\u00f3n Rural Participativa (IRP) de la Corporaci\u00f3n PBA, el proyecto busca fortalecer a familias productoras rurales a nivel t\u00e9cnico, socio-organizacional y empresarial, buscando el mejoramiento de sus ingresos y su seguridad alimentaria.<\/p>\n<p>Las actividades que se est\u00e1n implementando con las comunidades buscan fortalecer el tejido social y organizativo, el empoderamiento de las familias y el incremento de su producci\u00f3n, a trav\u00e9s de la innovaci\u00f3n en pr\u00e1cticas tecnol\u00f3gicas ambientalmente sostenibles y el desarrollo de capacidades socio-empresariales de los peque\u00f1os productores rurales.<\/p>\n<p><iframe loading=\"lazy\" title=\"Proyecto Manos al Campo\" width=\"1080\" height=\"608\" src=\"https:\/\/www.youtube.com\/embed\/GA9Cl-8AtLc?feature=oembed\" frameborder=\"0\" allow=\"accelerometer; autoplay; clipboard-write; encrypted-media; gyroscope; picture-in-picture\" allowfullscreen><\/iframe><\/p>\n<p>&nbsp;<\/p>\n<p>Por: Vladimir Blanco<\/p>\n<p>Comunicador Rural<\/p>\n","protected":false},"excerpt":{"rendered":"<p>Con el objetivo de impulsar la producci\u00f3n agr\u00edcola y la generaci\u00f3n de ingresos de peque\u00f1os productores rurales, a partir de la comercializaci\u00f3n de sus productos, la Fundaci\u00f3n Promigas y la Corporaci\u00f3n PBA han unido esfuerzos para la puesta en marcha del proyecto \u00abManos al Campo\u00bb en los municipios de Dibulla, La Guajira, y Sincelejo, Sucre. [&hellip;]<\/p>\n","protected":false},"author":2,"featured_media":1336,"comment_status":"open","ping_status":"open","sticky":false,"template":"","format":"standard","meta":{"_et_pb_use_builder":"","_et_pb_old_content":"","footnotes":""},"categories":[11,13],"tags":[],"class_list":["post-1334","post","type-post","status-publish","format-standard","has-post-thumbnail","hentry","category-articulo","category-sliderinicio"],"yoast_head":"<!-- This site is optimized with the Yoast SEO plugin v27.2 - https:\/\/yoast.com\/product\/yoast-seo-wordpress\/ -->\n<title>As\u00ed avanza el proyecto &quot;Manos al Campo&quot; - Corporacion PBA<\/title>\n<meta name=\"robots\" content=\"index, follow, max-snippet:-1, max-image-preview:large, max-video-preview:-1\" \/>\n<link rel=\"canonical\" href=\"https:\/\/corporacionpba.org\/nuevo\/asi-avanza-el-proyecto-manos-al-campo\/\" \/>\n<meta property=\"og:locale\" content=\"es_ES\" \/>\n<meta property=\"og:type\" content=\"article\" \/>\n<meta property=\"og:title\" content=\"As\u00ed avanza el proyecto &quot;Manos al Campo&quot; - Corporacion PBA\" \/>\n<meta property=\"og:description\" content=\"Con el objetivo de impulsar la producci\u00f3n agr\u00edcola y la generaci\u00f3n de ingresos de peque\u00f1os productores rurales, a partir de la comercializaci\u00f3n de sus productos, la Fundaci\u00f3n Promigas y la Corporaci\u00f3n PBA han unido esfuerzos para la puesta en marcha del proyecto \u00abManos al Campo\u00bb en los municipios de Dibulla, La Guajira, y Sincelejo, Sucre. [&hellip;]\" \/>\n<meta property=\"og:url\" content=\"https:\/\/corporacionpba.org\/nuevo\/asi-avanza-el-proyecto-manos-al-campo\/\" \/>\n<meta property=\"og:site_name\" content=\"Corporacion PBA\" \/>\n<meta property=\"article:published_time\" content=\"2022-03-03T15:30:26+00:00\" \/>\n<meta property=\"article:modified_time\" content=\"2022-03-03T15:31:32+00:00\" \/>\n<meta property=\"og:image\" content=\"https:\/\/corporacionpba.org\/nuevo\/wp-content\/uploads\/2022\/03\/WhatsApp-Image-2022-02-18-at-6.59.02-AM-1-2-2.jpeg\" \/>\n\t<meta property=\"og:image:width\" content=\"600\" \/>\n\t<meta property=\"og:image:height\" content=\"600\" \/>\n\t<meta property=\"og:image:type\" content=\"image\/jpeg\" \/>\n<meta name=\"author\" content=\"Corporacion PBA\" \/>\n<meta name=\"twitter:card\" content=\"summary_large_image\" \/>\n<meta name=\"twitter:label1\" content=\"Escrito por\" \/>\n\t<meta name=\"twitter:data1\" content=\"Corporacion PBA\" \/>\n\t<meta name=\"twitter:label2\" content=\"Tiempo de lectura\" \/>\n\t<meta name=\"twitter:data2\" content=\"1 minuto\" \/>\n<script type=\"application\/ld+json\" class=\"yoast-schema-graph\">{\"@context\":\"https:\/\/schema.org\",\"@graph\":[{\"@type\":\"Article\",\"@id\":\"https:\/\/corporacionpba.org\/nuevo\/asi-avanza-el-proyecto-manos-al-campo\/#article\",\"isPartOf\":{\"@id\":\"https:\/\/corporacionpba.org\/nuevo\/asi-avanza-el-proyecto-manos-al-campo\/\"},\"author\":{\"name\":\"Corporacion PBA\",\"@id\":\"https:\/\/corporacionpba.org\/nuevo\/#\/schema\/person\/54fa2e5ef13523f0259b1707b99c11b8\"},\"headline\":\"As\u00ed avanza el proyecto \u00abManos al Campo\u00bb\",\"datePublished\":\"2022-03-03T15:30:26+00:00\",\"dateModified\":\"2022-03-03T15:31:32+00:00\",\"mainEntityOfPage\":{\"@id\":\"https:\/\/corporacionpba.org\/nuevo\/asi-avanza-el-proyecto-manos-al-campo\/\"},\"wordCount\":175,\"commentCount\":0,\"image\":{\"@id\":\"https:\/\/corporacionpba.org\/nuevo\/asi-avanza-el-proyecto-manos-al-campo\/#primaryimage\"},\"thumbnailUrl\":\"https:\/\/corporacionpba.org\/nuevo\/wp-content\/uploads\/2022\/03\/WhatsApp-Image-2022-02-18-at-6.59.02-AM-1-2-2.jpeg\",\"articleSection\":[\"Art\u00edculo\",\"SliderINICIO\"],\"inLanguage\":\"es\",\"potentialAction\":[{\"@type\":\"CommentAction\",\"name\":\"Comment\",\"target\":[\"https:\/\/corporacionpba.org\/nuevo\/asi-avanza-el-proyecto-manos-al-campo\/#respond\"]}]},{\"@type\":\"WebPage\",\"@id\":\"https:\/\/corporacionpba.org\/nuevo\/asi-avanza-el-proyecto-manos-al-campo\/\",\"url\":\"https:\/\/corporacionpba.org\/nuevo\/asi-avanza-el-proyecto-manos-al-campo\/\",\"name\":\"As\u00ed avanza el proyecto \\\"Manos al Campo\\\" - Corporacion PBA\",\"isPartOf\":{\"@id\":\"https:\/\/corporacionpba.org\/nuevo\/#website\"},\"primaryImageOfPage\":{\"@id\":\"https:\/\/corporacionpba.org\/nuevo\/asi-avanza-el-proyecto-manos-al-campo\/#primaryimage\"},\"image\":{\"@id\":\"https:\/\/corporacionpba.org\/nuevo\/asi-avanza-el-proyecto-manos-al-campo\/#primaryimage\"},\"thumbnailUrl\":\"https:\/\/corporacionpba.org\/nuevo\/wp-content\/uploads\/2022\/03\/WhatsApp-Image-2022-02-18-at-6.59.02-AM-1-2-2.jpeg\",\"datePublished\":\"2022-03-03T15:30:26+00:00\",\"dateModified\":\"2022-03-03T15:31:32+00:00\",\"author\":{\"@id\":\"https:\/\/corporacionpba.org\/nuevo\/#\/schema\/person\/54fa2e5ef13523f0259b1707b99c11b8\"},\"breadcrumb\":{\"@id\":\"https:\/\/corporacionpba.org\/nuevo\/asi-avanza-el-proyecto-manos-al-campo\/#breadcrumb\"},\"inLanguage\":\"es\",\"potentialAction\":[{\"@type\":\"ReadAction\",\"target\":[\"https:\/\/corporacionpba.org\/nuevo\/asi-avanza-el-proyecto-manos-al-campo\/\"]}]},{\"@type\":\"ImageObject\",\"inLanguage\":\"es\",\"@id\":\"https:\/\/corporacionpba.org\/nuevo\/asi-avanza-el-proyecto-manos-al-campo\/#primaryimage\",\"url\":\"https:\/\/corporacionpba.org\/nuevo\/wp-content\/uploads\/2022\/03\/WhatsApp-Image-2022-02-18-at-6.59.02-AM-1-2-2.jpeg\",\"contentUrl\":\"https:\/\/corporacionpba.org\/nuevo\/wp-content\/uploads\/2022\/03\/WhatsApp-Image-2022-02-18-at-6.59.02-AM-1-2-2.jpeg\",\"width\":600,\"height\":600},{\"@type\":\"BreadcrumbList\",\"@id\":\"https:\/\/corporacionpba.org\/nuevo\/asi-avanza-el-proyecto-manos-al-campo\/#breadcrumb\",\"itemListElement\":[{\"@type\":\"ListItem\",\"position\":1,\"name\":\"Portada\",\"item\":\"https:\/\/corporacionpba.org\/nuevo\/\"},{\"@type\":\"ListItem\",\"position\":2,\"name\":\"As\u00ed avanza el proyecto \u00abManos al Campo\u00bb\"}]},{\"@type\":\"WebSite\",\"@id\":\"https:\/\/corporacionpba.org\/nuevo\/#website\",\"url\":\"https:\/\/corporacionpba.org\/nuevo\/\",\"name\":\"Corporacion PBA\",\"description\":\"Innovaci&oacute;n Rural para el Desarrollo\",\"potentialAction\":[{\"@type\":\"SearchAction\",\"target\":{\"@type\":\"EntryPoint\",\"urlTemplate\":\"https:\/\/corporacionpba.org\/nuevo\/?s={search_term_string}\"},\"query-input\":{\"@type\":\"PropertyValueSpecification\",\"valueRequired\":true,\"valueName\":\"search_term_string\"}}],\"inLanguage\":\"es\"},{\"@type\":\"Person\",\"@id\":\"https:\/\/corporacionpba.org\/nuevo\/#\/schema\/person\/54fa2e5ef13523f0259b1707b99c11b8\",\"name\":\"Corporacion PBA\",\"image\":{\"@type\":\"ImageObject\",\"inLanguage\":\"es\",\"@id\":\"https:\/\/secure.gravatar.com\/avatar\/2063c349439df46203f11a73c15ec3288b8d551168ba8c1a8410ff02770aa39b?s=96&d=mm&r=g\",\"url\":\"https:\/\/secure.gravatar.com\/avatar\/2063c349439df46203f11a73c15ec3288b8d551168ba8c1a8410ff02770aa39b?s=96&d=mm&r=g\",\"contentUrl\":\"https:\/\/secure.gravatar.com\/avatar\/2063c349439df46203f11a73c15ec3288b8d551168ba8c1a8410ff02770aa39b?s=96&d=mm&r=g\",\"caption\":\"Corporacion PBA\"},\"url\":\"https:\/\/corporacionpba.org\/nuevo\/author\/corpba\/\"}]}<\/script>\n<!-- \/ Yoast SEO plugin. -->","yoast_head_json":{"title":"As\u00ed avanza el proyecto \"Manos al Campo\" - Corporacion PBA","robots":{"index":"index","follow":"follow","max-snippet":"max-snippet:-1","max-image-preview":"max-image-preview:large","max-video-preview":"max-video-preview:-1"},"canonical":"https:\/\/corporacionpba.org\/nuevo\/asi-avanza-el-proyecto-manos-al-campo\/","og_locale":"es_ES","og_type":"article","og_title":"As\u00ed avanza el proyecto \"Manos al Campo\" - Corporacion PBA","og_description":"Con el objetivo de impulsar la producci\u00f3n agr\u00edcola y la generaci\u00f3n de ingresos de peque\u00f1os productores rurales, a partir de la comercializaci\u00f3n de sus productos, la Fundaci\u00f3n Promigas y la Corporaci\u00f3n PBA han unido esfuerzos para la puesta en marcha del proyecto \u00abManos al Campo\u00bb en los municipios de Dibulla, La Guajira, y Sincelejo, Sucre. [&hellip;]","og_url":"https:\/\/corporacionpba.org\/nuevo\/asi-avanza-el-proyecto-manos-al-campo\/","og_site_name":"Corporacion PBA","article_published_time":"2022-03-03T15:30:26+00:00","article_modified_time":"2022-03-03T15:31:32+00:00","og_image":[{"width":600,"height":600,"url":"https:\/\/corporacionpba.org\/nuevo\/wp-content\/uploads\/2022\/03\/WhatsApp-Image-2022-02-18-at-6.59.02-AM-1-2-2.jpeg","type":"image\/jpeg"}],"author":"Corporacion PBA","twitter_card":"summary_large_image","twitter_misc":{"Escrito por":"Corporacion PBA","Tiempo de lectura":"1 minuto"},"schema":{"@context":"https:\/\/schema.org","@graph":[{"@type":"Article","@id":"https:\/\/corporacionpba.org\/nuevo\/asi-avanza-el-proyecto-manos-al-campo\/#article","isPartOf":{"@id":"https:\/\/corporacionpba.org\/nuevo\/asi-avanza-el-proyecto-manos-al-campo\/"},"author":{"name":"Corporacion PBA","@id":"https:\/\/corporacionpba.org\/nuevo\/#\/schema\/person\/54fa2e5ef13523f0259b1707b99c11b8"},"headline":"As\u00ed avanza el proyecto \u00abManos al Campo\u00bb","datePublished":"2022-03-03T15:30:26+00:00","dateModified":"2022-03-03T15:31:32+00:00","mainEntityOfPage":{"@id":"https:\/\/corporacionpba.org\/nuevo\/asi-avanza-el-proyecto-manos-al-campo\/"},"wordCount":175,"commentCount":0,"image":{"@id":"https:\/\/corporacionpba.org\/nuevo\/asi-avanza-el-proyecto-manos-al-campo\/#primaryimage"},"thumbnailUrl":"https:\/\/corporacionpba.org\/nuevo\/wp-content\/uploads\/2022\/03\/WhatsApp-Image-2022-02-18-at-6.59.02-AM-1-2-2.jpeg","articleSection":["Art\u00edculo","SliderINICIO"],"inLanguage":"es","potentialAction":[{"@type":"CommentAction","name":"Comment","target":["https:\/\/corporacionpba.org\/nuevo\/asi-avanza-el-proyecto-manos-al-campo\/#respond"]}]},{"@type":"WebPage","@id":"https:\/\/corporacionpba.org\/nuevo\/asi-avanza-el-proyecto-manos-al-campo\/","url":"https:\/\/corporacionpba.org\/nuevo\/asi-avanza-el-proyecto-manos-al-campo\/","name":"As\u00ed avanza el proyecto \"Manos al Campo\" - Corporacion PBA","isPartOf":{"@id":"https:\/\/corporacionpba.org\/nuevo\/#website"},"primaryImageOfPage":{"@id":"https:\/\/corporacionpba.org\/nuevo\/asi-avanza-el-proyecto-manos-al-campo\/#primaryimage"},"image":{"@id":"https:\/\/corporacionpba.org\/nuevo\/asi-avanza-el-proyecto-manos-al-campo\/#primaryimage"},"thumbnailUrl":"https:\/\/corporacionpba.org\/nuevo\/wp-content\/uploads\/2022\/03\/WhatsApp-Image-2022-02-18-at-6.59.02-AM-1-2-2.jpeg","datePublished":"2022-03-03T15:30:26+00:00","dateModified":"2022-03-03T15:31:32+00:00","author":{"@id":"https:\/\/corporacionpba.org\/nuevo\/#\/schema\/person\/54fa2e5ef13523f0259b1707b99c11b8"},"breadcrumb":{"@id":"https:\/\/corporacionpba.org\/nuevo\/asi-avanza-el-proyecto-manos-al-campo\/#breadcrumb"},"inLanguage":"es","potentialAction":[{"@type":"ReadAction","target":["https:\/\/corporacionpba.org\/nuevo\/asi-avanza-el-proyecto-manos-al-campo\/"]}]},{"@type":"ImageObject","inLanguage":"es","@id":"https:\/\/corporacionpba.org\/nuevo\/asi-avanza-el-proyecto-manos-al-campo\/#primaryimage","url":"https:\/\/corporacionpba.org\/nuevo\/wp-content\/uploads\/2022\/03\/WhatsApp-Image-2022-02-18-at-6.59.02-AM-1-2-2.jpeg","contentUrl":"https:\/\/corporacionpba.org\/nuevo\/wp-content\/uploads\/2022\/03\/WhatsApp-Image-2022-02-18-at-6.59.02-AM-1-2-2.jpeg","width":600,"height":600},{"@type":"BreadcrumbList","@id":"https:\/\/corporacionpba.org\/nuevo\/asi-avanza-el-proyecto-manos-al-campo\/#breadcrumb","itemListElement":[{"@type":"ListItem","position":1,"name":"Portada","item":"https:\/\/corporacionpba.org\/nuevo\/"},{"@type":"ListItem","position":2,"name":"As\u00ed avanza el proyecto \u00abManos al Campo\u00bb"}]},{"@type":"WebSite","@id":"https:\/\/corporacionpba.org\/nuevo\/#website","url":"https:\/\/corporacionpba.org\/nuevo\/","name":"Corporacion PBA","description":"Innovaci&oacute;n Rural para el Desarrollo","potentialAction":[{"@type":"SearchAction","target":{"@type":"EntryPoint","urlTemplate":"https:\/\/corporacionpba.org\/nuevo\/?s={search_term_string}"},"query-input":{"@type":"PropertyValueSpecification","valueRequired":true,"valueName":"search_term_string"}}],"inLanguage":"es"},{"@type":"Person","@id":"https:\/\/corporacionpba.org\/nuevo\/#\/schema\/person\/54fa2e5ef13523f0259b1707b99c11b8","name":"Corporacion PBA","image":{"@type":"ImageObject","inLanguage":"es","@id":"https:\/\/secure.gravatar.com\/avatar\/2063c349439df46203f11a73c15ec3288b8d551168ba8c1a8410ff02770aa39b?s=96&d=mm&r=g","url":"https:\/\/secure.gravatar.com\/avatar\/2063c349439df46203f11a73c15ec3288b8d551168ba8c1a8410ff02770aa39b?s=96&d=mm&r=g","contentUrl":"https:\/\/secure.gravatar.com\/avatar\/2063c349439df46203f11a73c15ec3288b8d551168ba8c1a8410ff02770aa39b?s=96&d=mm&r=g","caption":"Corporacion PBA"},"url":"https:\/\/corporacionpba.org\/nuevo\/author\/corpba\/"}]}},"_links":{"self":[{"href":"https:\/\/corporacionpba.org\/nuevo\/wp-json\/wp\/v2\/posts\/1334","targetHints":{"allow":["GET"]}}],"collection":[{"href":"https:\/\/corporacionpba.org\/nuevo\/wp-json\/wp\/v2\/posts"}],"about":[{"href":"https:\/\/corporacionpba.org\/nuevo\/wp-json\/wp\/v2\/types\/post"}],"author":[{"embeddable":true,"href":"https:\/\/corporacionpba.org\/nuevo\/wp-json\/wp\/v2\/users\/2"}],"replies":[{"embeddable":true,"href":"https:\/\/corporacionpba.org\/nuevo\/wp-json\/wp\/v2\/comments?post=1334"}],"version-history":[{"count":2,"href":"https:\/\/corporacionpba.org\/nuevo\/wp-json\/wp\/v2\/posts\/1334\/revisions"}],"predecessor-version":[{"id":1338,"href":"https:\/\/corporacionpba.org\/nuevo\/wp-json\/wp\/v2\/posts\/1334\/revisions\/1338"}],"wp:featuredmedia":[{"embeddable":true,"href":"https:\/\/corporacionpba.org\/nuevo\/wp-json\/wp\/v2\/media\/1336"}],"wp:attachment":[{"href":"https:\/\/corporacionpba.org\/nuevo\/wp-json\/wp\/v2\/media?parent=1334"}],"wp:term":[{"taxonomy":"category","embeddable":true,"href":"https:\/\/corporacionpba.org\/nuevo\/wp-json\/wp\/v2\/categories?post=1334"},{"taxonomy":"post_tag","embeddable":true,"href":"https:\/\/corporacionpba.org\/nuevo\/wp-json\/wp\/v2\/tags?post=1334"}],"curies":[{"name":"wp","href":"https:\/\/api.w.org\/{rel}","templated":true}]}}