{"id":1353,"date":"2022-04-19T17:23:54","date_gmt":"2022-04-19T17:23:54","guid":{"rendered":"https:\/\/corporacionpba.org\/nuevo\/?p=1353"},"modified":"2022-04-19T19:01:03","modified_gmt":"2022-04-19T19:01:03","slug":"trabajo-en-comunidad-con-limoncillo","status":"publish","type":"post","link":"https:\/\/corporacionpba.org\/nuevo\/trabajo-en-comunidad-con-limoncillo\/","title":{"rendered":"Trabajo en comunidad con limoncillo"},"content":{"rendered":"<p><img loading=\"lazy\" decoding=\"async\" class=\"size-medium wp-image-1354 aligncenter\" src=\"https:\/\/corporacionpba.org\/nuevo\/wp-content\/uploads\/2022\/04\/IMG-20220418-WA0011-2-2-300x300.jpg\" alt=\"\" width=\"300\" height=\"300\" srcset=\"https:\/\/corporacionpba.org\/nuevo\/wp-content\/uploads\/2022\/04\/IMG-20220418-WA0011-2-2-300x300.jpg 300w, https:\/\/corporacionpba.org\/nuevo\/wp-content\/uploads\/2022\/04\/IMG-20220418-WA0011-2-2-150x150.jpg 150w, https:\/\/corporacionpba.org\/nuevo\/wp-content\/uploads\/2022\/04\/IMG-20220418-WA0011-2-2.jpg 600w\" sizes=\"auto, (max-width: 300px) 100vw, 300px\" \/><\/p>\n<p>\u201cHan pasado 20 a\u00f1os\u201d, dice Benjam\u00edn Casta\u00f1eda, que fue uno de los primeros agricultores que tom\u00f3 la iniciativa de sembrar la planta arom\u00e1tica conocida como limoncillo. A partir de ese momento, la comunidad se motiv\u00f3, el producto se convirti\u00f3 en el sustento para las familias y, as\u00ed, comenz\u00f3 el progreso en la vereda Cruce de los Guayabos, del municipio de Alvarado, Tolima.<\/p>\n<p>Los habitantes de la vereda comenzaron poco a poco sembrar; cuando hubo producci\u00f3n llegaron unos compradores que adquirieron las primeras arrobas de limoncillo por un valor de 4.000 pesos, iniciando el proceso de sustento y progreso en la comunidad. Pero tambi\u00e9n hubo tiempos dif\u00edciles, en que los intermediarios no compraban el limoncillo, o lo adquir\u00edan pero se demoraban en pagar. Fueron momentos en que los habitantes se desmotivaron, sin embargo, no desfallecieron, siguieron ah\u00ed en la lucha.<\/p>\n<p>Los productores de limoncillo de la vereda se fueron dando a conocer ante la alcald\u00eda del municipio y, en el 2015, decidieron crear una asociaci\u00f3n, APROLIMONARIA, que cuenta con una directiva y sus respectivos socios. Por un amigo de la comunidad, llamado Fernando Torres, que trabajaba en ese tiempo como subdirector de Cortolima, se tuvo la primera ayuda para comprar una m\u00e1quina procesadora, con la que comenzaron a secar y luego moler el limoncillo para venderlo para arom\u00e1ticas en la ciudad de Bogot\u00e1.\u00a0\u00a0\u00a0\u00a0\u00a0\u00a0<span class=\"Apple-converted-space\">\u00a0<\/span><\/p>\n<p>Al socio Herman Mora le ha parecido que \u201ces la mejor opci\u00f3n vender el limoncillo ya procesado, ya que tiene un mejor precio, y la idea es poderlo vender a las empresas directamente\u201d.<\/p>\n<p>El sue\u00f1o de la comunidad con este producto es comercializarlo en diferentes formas, como arom\u00e1ticas y para medicinas, aceites esenciales y alimentaci\u00f3n, siguiendo el ejemplo de otros pa\u00edses que lo utilizan en su consumo diario.<\/p>\n<p>Efr\u00e9n Reyes, que fue el primer representante legal de la asociaci\u00f3n APROLIMONARIA, cuenta que \u201cha sido muy dif\u00edcil poder organizarse bien y tomar decisiones, ya que trabajar con comunidad es complicado, pero hemos venido avanzando con la ayuda de la Fundaci\u00f3n Grupo BIOS y la Corporaci\u00f3n PBA, que han fortalecido la organizaci\u00f3n en documentaci\u00f3n y capacitaci\u00f3n\u201d.<\/p>\n<p>Con mucho esfuerzo han salido a flote 13 socios de la organizaci\u00f3n, con la idea de progresar como comerciantes y avanzar cada d\u00eda m\u00e1s y, un d\u00eda no muy lejano, tener su propia empresa, con trabajo y dedicaci\u00f3n.<span class=\"Apple-converted-space\">\u00a0<\/span><\/p>\n<p>&nbsp;<\/p>\n<p>Por: Jasm\u00edn Casta\u00f1eda<\/p>\n<p>Comunicadora Rural<span class=\"Apple-converted-space\">\u00a0<\/span><\/p>\n","protected":false},"excerpt":{"rendered":"<p>\u201cHan pasado 20 a\u00f1os\u201d, dice Benjam\u00edn Casta\u00f1eda, que fue uno de los primeros agricultores que tom\u00f3 la iniciativa de sembrar la planta arom\u00e1tica conocida como limoncillo. A partir de ese momento, la comunidad se motiv\u00f3, el producto se convirti\u00f3 en el sustento para las familias y, as\u00ed, comenz\u00f3 el progreso en la vereda Cruce de [&hellip;]<\/p>\n","protected":false},"author":2,"featured_media":1354,"comment_status":"open","ping_status":"open","sticky":false,"template":"","format":"standard","meta":{"_et_pb_use_builder":"","_et_pb_old_content":"","footnotes":""},"categories":[11,13],"tags":[],"class_list":["post-1353","post","type-post","status-publish","format-standard","has-post-thumbnail","hentry","category-articulo","category-sliderinicio"],"yoast_head":"<!-- This site is optimized with the Yoast SEO plugin v27.2 - https:\/\/yoast.com\/product\/yoast-seo-wordpress\/ -->\n<title>Trabajo en comunidad con limoncillo - Corporacion PBA<\/title>\n<meta name=\"robots\" content=\"index, follow, max-snippet:-1, max-image-preview:large, max-video-preview:-1\" \/>\n<link rel=\"canonical\" href=\"https:\/\/corporacionpba.org\/nuevo\/trabajo-en-comunidad-con-limoncillo\/\" \/>\n<meta property=\"og:locale\" content=\"es_ES\" \/>\n<meta property=\"og:type\" content=\"article\" \/>\n<meta property=\"og:title\" content=\"Trabajo en comunidad con limoncillo - Corporacion PBA\" \/>\n<meta property=\"og:description\" content=\"\u201cHan pasado 20 a\u00f1os\u201d, dice Benjam\u00edn Casta\u00f1eda, que fue uno de los primeros agricultores que tom\u00f3 la iniciativa de sembrar la planta arom\u00e1tica conocida como limoncillo. A partir de ese momento, la comunidad se motiv\u00f3, el producto se convirti\u00f3 en el sustento para las familias y, as\u00ed, comenz\u00f3 el progreso en la vereda Cruce de [&hellip;]\" \/>\n<meta property=\"og:url\" content=\"https:\/\/corporacionpba.org\/nuevo\/trabajo-en-comunidad-con-limoncillo\/\" \/>\n<meta property=\"og:site_name\" content=\"Corporacion PBA\" \/>\n<meta property=\"article:published_time\" content=\"2022-04-19T17:23:54+00:00\" \/>\n<meta property=\"article:modified_time\" content=\"2022-04-19T19:01:03+00:00\" \/>\n<meta property=\"og:image\" content=\"https:\/\/corporacionpba.org\/nuevo\/wp-content\/uploads\/2022\/04\/IMG-20220418-WA0011-2-2.jpg\" \/>\n\t<meta property=\"og:image:width\" content=\"600\" \/>\n\t<meta property=\"og:image:height\" content=\"600\" \/>\n\t<meta property=\"og:image:type\" content=\"image\/jpeg\" \/>\n<meta name=\"author\" content=\"Corporacion PBA\" \/>\n<meta name=\"twitter:card\" content=\"summary_large_image\" \/>\n<meta name=\"twitter:label1\" content=\"Escrito por\" \/>\n\t<meta name=\"twitter:data1\" content=\"Corporacion PBA\" \/>\n\t<meta name=\"twitter:label2\" content=\"Tiempo de lectura\" \/>\n\t<meta name=\"twitter:data2\" content=\"2 minutos\" \/>\n<script type=\"application\/ld+json\" class=\"yoast-schema-graph\">{\"@context\":\"https:\/\/schema.org\",\"@graph\":[{\"@type\":\"Article\",\"@id\":\"https:\/\/corporacionpba.org\/nuevo\/trabajo-en-comunidad-con-limoncillo\/#article\",\"isPartOf\":{\"@id\":\"https:\/\/corporacionpba.org\/nuevo\/trabajo-en-comunidad-con-limoncillo\/\"},\"author\":{\"name\":\"Corporacion PBA\",\"@id\":\"https:\/\/corporacionpba.org\/nuevo\/#\/schema\/person\/54fa2e5ef13523f0259b1707b99c11b8\"},\"headline\":\"Trabajo en comunidad con limoncillo\",\"datePublished\":\"2022-04-19T17:23:54+00:00\",\"dateModified\":\"2022-04-19T19:01:03+00:00\",\"mainEntityOfPage\":{\"@id\":\"https:\/\/corporacionpba.org\/nuevo\/trabajo-en-comunidad-con-limoncillo\/\"},\"wordCount\":423,\"commentCount\":0,\"image\":{\"@id\":\"https:\/\/corporacionpba.org\/nuevo\/trabajo-en-comunidad-con-limoncillo\/#primaryimage\"},\"thumbnailUrl\":\"https:\/\/corporacionpba.org\/nuevo\/wp-content\/uploads\/2022\/04\/IMG-20220418-WA0011-2-2.jpg\",\"articleSection\":[\"Art\u00edculo\",\"SliderINICIO\"],\"inLanguage\":\"es\",\"potentialAction\":[{\"@type\":\"CommentAction\",\"name\":\"Comment\",\"target\":[\"https:\/\/corporacionpba.org\/nuevo\/trabajo-en-comunidad-con-limoncillo\/#respond\"]}]},{\"@type\":\"WebPage\",\"@id\":\"https:\/\/corporacionpba.org\/nuevo\/trabajo-en-comunidad-con-limoncillo\/\",\"url\":\"https:\/\/corporacionpba.org\/nuevo\/trabajo-en-comunidad-con-limoncillo\/\",\"name\":\"Trabajo en comunidad con limoncillo - Corporacion PBA\",\"isPartOf\":{\"@id\":\"https:\/\/corporacionpba.org\/nuevo\/#website\"},\"primaryImageOfPage\":{\"@id\":\"https:\/\/corporacionpba.org\/nuevo\/trabajo-en-comunidad-con-limoncillo\/#primaryimage\"},\"image\":{\"@id\":\"https:\/\/corporacionpba.org\/nuevo\/trabajo-en-comunidad-con-limoncillo\/#primaryimage\"},\"thumbnailUrl\":\"https:\/\/corporacionpba.org\/nuevo\/wp-content\/uploads\/2022\/04\/IMG-20220418-WA0011-2-2.jpg\",\"datePublished\":\"2022-04-19T17:23:54+00:00\",\"dateModified\":\"2022-04-19T19:01:03+00:00\",\"author\":{\"@id\":\"https:\/\/corporacionpba.org\/nuevo\/#\/schema\/person\/54fa2e5ef13523f0259b1707b99c11b8\"},\"breadcrumb\":{\"@id\":\"https:\/\/corporacionpba.org\/nuevo\/trabajo-en-comunidad-con-limoncillo\/#breadcrumb\"},\"inLanguage\":\"es\",\"potentialAction\":[{\"@type\":\"ReadAction\",\"target\":[\"https:\/\/corporacionpba.org\/nuevo\/trabajo-en-comunidad-con-limoncillo\/\"]}]},{\"@type\":\"ImageObject\",\"inLanguage\":\"es\",\"@id\":\"https:\/\/corporacionpba.org\/nuevo\/trabajo-en-comunidad-con-limoncillo\/#primaryimage\",\"url\":\"https:\/\/corporacionpba.org\/nuevo\/wp-content\/uploads\/2022\/04\/IMG-20220418-WA0011-2-2.jpg\",\"contentUrl\":\"https:\/\/corporacionpba.org\/nuevo\/wp-content\/uploads\/2022\/04\/IMG-20220418-WA0011-2-2.jpg\",\"width\":600,\"height\":600},{\"@type\":\"BreadcrumbList\",\"@id\":\"https:\/\/corporacionpba.org\/nuevo\/trabajo-en-comunidad-con-limoncillo\/#breadcrumb\",\"itemListElement\":[{\"@type\":\"ListItem\",\"position\":1,\"name\":\"Portada\",\"item\":\"https:\/\/corporacionpba.org\/nuevo\/\"},{\"@type\":\"ListItem\",\"position\":2,\"name\":\"Trabajo en comunidad con limoncillo\"}]},{\"@type\":\"WebSite\",\"@id\":\"https:\/\/corporacionpba.org\/nuevo\/#website\",\"url\":\"https:\/\/corporacionpba.org\/nuevo\/\",\"name\":\"Corporacion PBA\",\"description\":\"Innovaci&oacute;n Rural para el Desarrollo\",\"potentialAction\":[{\"@type\":\"SearchAction\",\"target\":{\"@type\":\"EntryPoint\",\"urlTemplate\":\"https:\/\/corporacionpba.org\/nuevo\/?s={search_term_string}\"},\"query-input\":{\"@type\":\"PropertyValueSpecification\",\"valueRequired\":true,\"valueName\":\"search_term_string\"}}],\"inLanguage\":\"es\"},{\"@type\":\"Person\",\"@id\":\"https:\/\/corporacionpba.org\/nuevo\/#\/schema\/person\/54fa2e5ef13523f0259b1707b99c11b8\",\"name\":\"Corporacion PBA\",\"image\":{\"@type\":\"ImageObject\",\"inLanguage\":\"es\",\"@id\":\"https:\/\/secure.gravatar.com\/avatar\/2063c349439df46203f11a73c15ec3288b8d551168ba8c1a8410ff02770aa39b?s=96&d=mm&r=g\",\"url\":\"https:\/\/secure.gravatar.com\/avatar\/2063c349439df46203f11a73c15ec3288b8d551168ba8c1a8410ff02770aa39b?s=96&d=mm&r=g\",\"contentUrl\":\"https:\/\/secure.gravatar.com\/avatar\/2063c349439df46203f11a73c15ec3288b8d551168ba8c1a8410ff02770aa39b?s=96&d=mm&r=g\",\"caption\":\"Corporacion PBA\"},\"url\":\"https:\/\/corporacionpba.org\/nuevo\/author\/corpba\/\"}]}<\/script>\n<!-- \/ Yoast SEO plugin. -->","yoast_head_json":{"title":"Trabajo en comunidad con limoncillo - Corporacion PBA","robots":{"index":"index","follow":"follow","max-snippet":"max-snippet:-1","max-image-preview":"max-image-preview:large","max-video-preview":"max-video-preview:-1"},"canonical":"https:\/\/corporacionpba.org\/nuevo\/trabajo-en-comunidad-con-limoncillo\/","og_locale":"es_ES","og_type":"article","og_title":"Trabajo en comunidad con limoncillo - Corporacion PBA","og_description":"\u201cHan pasado 20 a\u00f1os\u201d, dice Benjam\u00edn Casta\u00f1eda, que fue uno de los primeros agricultores que tom\u00f3 la iniciativa de sembrar la planta arom\u00e1tica conocida como limoncillo. A partir de ese momento, la comunidad se motiv\u00f3, el producto se convirti\u00f3 en el sustento para las familias y, as\u00ed, comenz\u00f3 el progreso en la vereda Cruce de [&hellip;]","og_url":"https:\/\/corporacionpba.org\/nuevo\/trabajo-en-comunidad-con-limoncillo\/","og_site_name":"Corporacion PBA","article_published_time":"2022-04-19T17:23:54+00:00","article_modified_time":"2022-04-19T19:01:03+00:00","og_image":[{"width":600,"height":600,"url":"https:\/\/corporacionpba.org\/nuevo\/wp-content\/uploads\/2022\/04\/IMG-20220418-WA0011-2-2.jpg","type":"image\/jpeg"}],"author":"Corporacion PBA","twitter_card":"summary_large_image","twitter_misc":{"Escrito por":"Corporacion PBA","Tiempo de lectura":"2 minutos"},"schema":{"@context":"https:\/\/schema.org","@graph":[{"@type":"Article","@id":"https:\/\/corporacionpba.org\/nuevo\/trabajo-en-comunidad-con-limoncillo\/#article","isPartOf":{"@id":"https:\/\/corporacionpba.org\/nuevo\/trabajo-en-comunidad-con-limoncillo\/"},"author":{"name":"Corporacion PBA","@id":"https:\/\/corporacionpba.org\/nuevo\/#\/schema\/person\/54fa2e5ef13523f0259b1707b99c11b8"},"headline":"Trabajo en comunidad con limoncillo","datePublished":"2022-04-19T17:23:54+00:00","dateModified":"2022-04-19T19:01:03+00:00","mainEntityOfPage":{"@id":"https:\/\/corporacionpba.org\/nuevo\/trabajo-en-comunidad-con-limoncillo\/"},"wordCount":423,"commentCount":0,"image":{"@id":"https:\/\/corporacionpba.org\/nuevo\/trabajo-en-comunidad-con-limoncillo\/#primaryimage"},"thumbnailUrl":"https:\/\/corporacionpba.org\/nuevo\/wp-content\/uploads\/2022\/04\/IMG-20220418-WA0011-2-2.jpg","articleSection":["Art\u00edculo","SliderINICIO"],"inLanguage":"es","potentialAction":[{"@type":"CommentAction","name":"Comment","target":["https:\/\/corporacionpba.org\/nuevo\/trabajo-en-comunidad-con-limoncillo\/#respond"]}]},{"@type":"WebPage","@id":"https:\/\/corporacionpba.org\/nuevo\/trabajo-en-comunidad-con-limoncillo\/","url":"https:\/\/corporacionpba.org\/nuevo\/trabajo-en-comunidad-con-limoncillo\/","name":"Trabajo en comunidad con limoncillo - Corporacion PBA","isPartOf":{"@id":"https:\/\/corporacionpba.org\/nuevo\/#website"},"primaryImageOfPage":{"@id":"https:\/\/corporacionpba.org\/nuevo\/trabajo-en-comunidad-con-limoncillo\/#primaryimage"},"image":{"@id":"https:\/\/corporacionpba.org\/nuevo\/trabajo-en-comunidad-con-limoncillo\/#primaryimage"},"thumbnailUrl":"https:\/\/corporacionpba.org\/nuevo\/wp-content\/uploads\/2022\/04\/IMG-20220418-WA0011-2-2.jpg","datePublished":"2022-04-19T17:23:54+00:00","dateModified":"2022-04-19T19:01:03+00:00","author":{"@id":"https:\/\/corporacionpba.org\/nuevo\/#\/schema\/person\/54fa2e5ef13523f0259b1707b99c11b8"},"breadcrumb":{"@id":"https:\/\/corporacionpba.org\/nuevo\/trabajo-en-comunidad-con-limoncillo\/#breadcrumb"},"inLanguage":"es","potentialAction":[{"@type":"ReadAction","target":["https:\/\/corporacionpba.org\/nuevo\/trabajo-en-comunidad-con-limoncillo\/"]}]},{"@type":"ImageObject","inLanguage":"es","@id":"https:\/\/corporacionpba.org\/nuevo\/trabajo-en-comunidad-con-limoncillo\/#primaryimage","url":"https:\/\/corporacionpba.org\/nuevo\/wp-content\/uploads\/2022\/04\/IMG-20220418-WA0011-2-2.jpg","contentUrl":"https:\/\/corporacionpba.org\/nuevo\/wp-content\/uploads\/2022\/04\/IMG-20220418-WA0011-2-2.jpg","width":600,"height":600},{"@type":"BreadcrumbList","@id":"https:\/\/corporacionpba.org\/nuevo\/trabajo-en-comunidad-con-limoncillo\/#breadcrumb","itemListElement":[{"@type":"ListItem","position":1,"name":"Portada","item":"https:\/\/corporacionpba.org\/nuevo\/"},{"@type":"ListItem","position":2,"name":"Trabajo en comunidad con limoncillo"}]},{"@type":"WebSite","@id":"https:\/\/corporacionpba.org\/nuevo\/#website","url":"https:\/\/corporacionpba.org\/nuevo\/","name":"Corporacion PBA","description":"Innovaci&oacute;n Rural para el Desarrollo","potentialAction":[{"@type":"SearchAction","target":{"@type":"EntryPoint","urlTemplate":"https:\/\/corporacionpba.org\/nuevo\/?s={search_term_string}"},"query-input":{"@type":"PropertyValueSpecification","valueRequired":true,"valueName":"search_term_string"}}],"inLanguage":"es"},{"@type":"Person","@id":"https:\/\/corporacionpba.org\/nuevo\/#\/schema\/person\/54fa2e5ef13523f0259b1707b99c11b8","name":"Corporacion PBA","image":{"@type":"ImageObject","inLanguage":"es","@id":"https:\/\/secure.gravatar.com\/avatar\/2063c349439df46203f11a73c15ec3288b8d551168ba8c1a8410ff02770aa39b?s=96&d=mm&r=g","url":"https:\/\/secure.gravatar.com\/avatar\/2063c349439df46203f11a73c15ec3288b8d551168ba8c1a8410ff02770aa39b?s=96&d=mm&r=g","contentUrl":"https:\/\/secure.gravatar.com\/avatar\/2063c349439df46203f11a73c15ec3288b8d551168ba8c1a8410ff02770aa39b?s=96&d=mm&r=g","caption":"Corporacion PBA"},"url":"https:\/\/corporacionpba.org\/nuevo\/author\/corpba\/"}]}},"_links":{"self":[{"href":"https:\/\/corporacionpba.org\/nuevo\/wp-json\/wp\/v2\/posts\/1353","targetHints":{"allow":["GET"]}}],"collection":[{"href":"https:\/\/corporacionpba.org\/nuevo\/wp-json\/wp\/v2\/posts"}],"about":[{"href":"https:\/\/corporacionpba.org\/nuevo\/wp-json\/wp\/v2\/types\/post"}],"author":[{"embeddable":true,"href":"https:\/\/corporacionpba.org\/nuevo\/wp-json\/wp\/v2\/users\/2"}],"replies":[{"embeddable":true,"href":"https:\/\/corporacionpba.org\/nuevo\/wp-json\/wp\/v2\/comments?post=1353"}],"version-history":[{"count":2,"href":"https:\/\/corporacionpba.org\/nuevo\/wp-json\/wp\/v2\/posts\/1353\/revisions"}],"predecessor-version":[{"id":1356,"href":"https:\/\/corporacionpba.org\/nuevo\/wp-json\/wp\/v2\/posts\/1353\/revisions\/1356"}],"wp:featuredmedia":[{"embeddable":true,"href":"https:\/\/corporacionpba.org\/nuevo\/wp-json\/wp\/v2\/media\/1354"}],"wp:attachment":[{"href":"https:\/\/corporacionpba.org\/nuevo\/wp-json\/wp\/v2\/media?parent=1353"}],"wp:term":[{"taxonomy":"category","embeddable":true,"href":"https:\/\/corporacionpba.org\/nuevo\/wp-json\/wp\/v2\/categories?post=1353"},{"taxonomy":"post_tag","embeddable":true,"href":"https:\/\/corporacionpba.org\/nuevo\/wp-json\/wp\/v2\/tags?post=1353"}],"curies":[{"name":"wp","href":"https:\/\/api.w.org\/{rel}","templated":true}]}}