{"id":1360,"date":"2022-07-05T22:36:33","date_gmt":"2022-07-05T22:36:33","guid":{"rendered":"https:\/\/corporacionpba.org\/nuevo\/?p=1360"},"modified":"2022-07-05T22:37:30","modified_gmt":"2022-07-05T22:37:30","slug":"se-fortalece-alianza-entre-la-fundacion-bavaria-y-la-corporacion-pba","status":"publish","type":"post","link":"https:\/\/corporacionpba.org\/nuevo\/se-fortalece-alianza-entre-la-fundacion-bavaria-y-la-corporacion-pba\/","title":{"rendered":"Se fortalece alianza entre la Fundaci\u00f3n Bavaria y la Corporaci\u00f3n PBA"},"content":{"rendered":"<p><img loading=\"lazy\" decoding=\"async\" class=\"size-medium wp-image-1361 aligncenter\" src=\"https:\/\/corporacionpba.org\/nuevo\/wp-content\/uploads\/2022\/07\/Imagen-3-2-2-300x300.jpeg\" alt=\"\" width=\"300\" height=\"300\" srcset=\"https:\/\/corporacionpba.org\/nuevo\/wp-content\/uploads\/2022\/07\/Imagen-3-2-2-300x300.jpeg 300w, https:\/\/corporacionpba.org\/nuevo\/wp-content\/uploads\/2022\/07\/Imagen-3-2-2-150x150.jpeg 150w, https:\/\/corporacionpba.org\/nuevo\/wp-content\/uploads\/2022\/07\/Imagen-3-2-2.jpeg 600w\" sizes=\"auto, (max-width: 300px) 100vw, 300px\" \/><\/p>\n<p>&nbsp;<\/p>\n<p>Comprometidos con el bienestar de las comunidades de la costa Caribe colombiana y con el fortalecimiento de la cadena de yuca industrial, 170 familias de productores rurales de siete municipios de la regi\u00f3n (La Uni\u00f3n y San Onofre, en el departamento de Sucre, Chin\u00fa, Sahag\u00fan y Ci\u00e9naga de Oro, en el departamento de C\u00f3rdoba, y El Carmen y San Jacinto, en el departamento de Bol\u00edvar) establecer\u00e1n asociativamente 618 hect\u00e1reas de yuca industrial en 3 a\u00f1os, cuyas cosechas servir\u00e1n como materia prima para la fabricaci\u00f3n de la nueva cerveza Nativa. Lo anterior, como alternativa de generaci\u00f3n de ingresos, desarrollo comercial y fortalecimiento de los procesos asociativos, como herramienta principal para el mejoramiento de la calidad de vida de las comunidades rurales.<\/p>\n<p>En el marco de este programa llamado Siembra, la Fundaci\u00f3n Bavaria prioriza la inversi\u00f3n social de dichas comunidades a trav\u00e9s de la ejecuci\u00f3n de proyectos que promueven la generaci\u00f3n de capacidades en los productores, para que ellos lideren sus propios procesos de desarrollo econ\u00f3mico y social con el acompa\u00f1amiento de la Corporaci\u00f3n PBA, en la implementaci\u00f3n de su estrategia propia llamada Innovaci\u00f3n Rural Participativa (IRP).<\/p>\n<p>Una de las m\u00e1s recientes actividades desarrolladas en el proceso de acompa\u00f1amiento fue el reconocimiento de las organizaciones de productores por parte de funcionarios de la Fundaci\u00f3n Bavaria, con el fin de reiterar el compromiso de apoyo a los procesos productivos y de comercializaci\u00f3n, con miras al fortalecimiento de una alianza duradera.<\/p>\n<p>&nbsp;<\/p>\n<p>Por: Rosa Quiroz<\/p>\n<p>Comunicadora Rural<\/p>\n","protected":false},"excerpt":{"rendered":"<p>&nbsp; Comprometidos con el bienestar de las comunidades de la costa Caribe colombiana y con el fortalecimiento de la cadena de yuca industrial, 170 familias de productores rurales de siete municipios de la regi\u00f3n (La Uni\u00f3n y San Onofre, en el departamento de Sucre, Chin\u00fa, Sahag\u00fan y Ci\u00e9naga de Oro, en el departamento de C\u00f3rdoba, [&hellip;]<\/p>\n","protected":false},"author":2,"featured_media":1361,"comment_status":"open","ping_status":"open","sticky":false,"template":"","format":"standard","meta":{"_et_pb_use_builder":"","_et_pb_old_content":"","footnotes":""},"categories":[11,13],"tags":[],"class_list":["post-1360","post","type-post","status-publish","format-standard","has-post-thumbnail","hentry","category-articulo","category-sliderinicio"],"yoast_head":"<!-- This site is optimized with the Yoast SEO plugin v27.2 - https:\/\/yoast.com\/product\/yoast-seo-wordpress\/ -->\n<title>Se fortalece alianza entre la Fundaci\u00f3n Bavaria y la Corporaci\u00f3n PBA - Corporacion PBA<\/title>\n<meta name=\"robots\" content=\"index, follow, max-snippet:-1, max-image-preview:large, max-video-preview:-1\" \/>\n<link rel=\"canonical\" href=\"https:\/\/corporacionpba.org\/nuevo\/se-fortalece-alianza-entre-la-fundacion-bavaria-y-la-corporacion-pba\/\" \/>\n<meta property=\"og:locale\" content=\"es_ES\" \/>\n<meta property=\"og:type\" content=\"article\" \/>\n<meta property=\"og:title\" content=\"Se fortalece alianza entre la Fundaci\u00f3n Bavaria y la Corporaci\u00f3n PBA - Corporacion PBA\" \/>\n<meta property=\"og:description\" content=\"&nbsp; Comprometidos con el bienestar de las comunidades de la costa Caribe colombiana y con el fortalecimiento de la cadena de yuca industrial, 170 familias de productores rurales de siete municipios de la regi\u00f3n (La Uni\u00f3n y San Onofre, en el departamento de Sucre, Chin\u00fa, Sahag\u00fan y Ci\u00e9naga de Oro, en el departamento de C\u00f3rdoba, [&hellip;]\" \/>\n<meta property=\"og:url\" content=\"https:\/\/corporacionpba.org\/nuevo\/se-fortalece-alianza-entre-la-fundacion-bavaria-y-la-corporacion-pba\/\" \/>\n<meta property=\"og:site_name\" content=\"Corporacion PBA\" \/>\n<meta property=\"article:published_time\" content=\"2022-07-05T22:36:33+00:00\" \/>\n<meta property=\"article:modified_time\" content=\"2022-07-05T22:37:30+00:00\" \/>\n<meta property=\"og:image\" content=\"https:\/\/corporacionpba.org\/nuevo\/wp-content\/uploads\/2022\/07\/Imagen-3-2-2.jpeg\" \/>\n\t<meta property=\"og:image:width\" content=\"600\" \/>\n\t<meta property=\"og:image:height\" content=\"600\" \/>\n\t<meta property=\"og:image:type\" content=\"image\/jpeg\" \/>\n<meta name=\"author\" content=\"Corporacion PBA\" \/>\n<meta name=\"twitter:card\" content=\"summary_large_image\" \/>\n<meta name=\"twitter:label1\" content=\"Escrito por\" \/>\n\t<meta name=\"twitter:data1\" content=\"Corporacion PBA\" \/>\n\t<meta name=\"twitter:label2\" content=\"Tiempo de lectura\" \/>\n\t<meta name=\"twitter:data2\" content=\"1 minuto\" \/>\n<script type=\"application\/ld+json\" class=\"yoast-schema-graph\">{\"@context\":\"https:\/\/schema.org\",\"@graph\":[{\"@type\":\"Article\",\"@id\":\"https:\/\/corporacionpba.org\/nuevo\/se-fortalece-alianza-entre-la-fundacion-bavaria-y-la-corporacion-pba\/#article\",\"isPartOf\":{\"@id\":\"https:\/\/corporacionpba.org\/nuevo\/se-fortalece-alianza-entre-la-fundacion-bavaria-y-la-corporacion-pba\/\"},\"author\":{\"name\":\"Corporacion PBA\",\"@id\":\"https:\/\/corporacionpba.org\/nuevo\/#\/schema\/person\/54fa2e5ef13523f0259b1707b99c11b8\"},\"headline\":\"Se fortalece alianza entre la Fundaci\u00f3n Bavaria y la Corporaci\u00f3n PBA\",\"datePublished\":\"2022-07-05T22:36:33+00:00\",\"dateModified\":\"2022-07-05T22:37:30+00:00\",\"mainEntityOfPage\":{\"@id\":\"https:\/\/corporacionpba.org\/nuevo\/se-fortalece-alianza-entre-la-fundacion-bavaria-y-la-corporacion-pba\/\"},\"wordCount\":280,\"commentCount\":0,\"image\":{\"@id\":\"https:\/\/corporacionpba.org\/nuevo\/se-fortalece-alianza-entre-la-fundacion-bavaria-y-la-corporacion-pba\/#primaryimage\"},\"thumbnailUrl\":\"https:\/\/corporacionpba.org\/nuevo\/wp-content\/uploads\/2022\/07\/Imagen-3-2-2.jpeg\",\"articleSection\":[\"Art\u00edculo\",\"SliderINICIO\"],\"inLanguage\":\"es\",\"potentialAction\":[{\"@type\":\"CommentAction\",\"name\":\"Comment\",\"target\":[\"https:\/\/corporacionpba.org\/nuevo\/se-fortalece-alianza-entre-la-fundacion-bavaria-y-la-corporacion-pba\/#respond\"]}]},{\"@type\":\"WebPage\",\"@id\":\"https:\/\/corporacionpba.org\/nuevo\/se-fortalece-alianza-entre-la-fundacion-bavaria-y-la-corporacion-pba\/\",\"url\":\"https:\/\/corporacionpba.org\/nuevo\/se-fortalece-alianza-entre-la-fundacion-bavaria-y-la-corporacion-pba\/\",\"name\":\"Se fortalece alianza entre la Fundaci\u00f3n Bavaria y la Corporaci\u00f3n PBA - Corporacion PBA\",\"isPartOf\":{\"@id\":\"https:\/\/corporacionpba.org\/nuevo\/#website\"},\"primaryImageOfPage\":{\"@id\":\"https:\/\/corporacionpba.org\/nuevo\/se-fortalece-alianza-entre-la-fundacion-bavaria-y-la-corporacion-pba\/#primaryimage\"},\"image\":{\"@id\":\"https:\/\/corporacionpba.org\/nuevo\/se-fortalece-alianza-entre-la-fundacion-bavaria-y-la-corporacion-pba\/#primaryimage\"},\"thumbnailUrl\":\"https:\/\/corporacionpba.org\/nuevo\/wp-content\/uploads\/2022\/07\/Imagen-3-2-2.jpeg\",\"datePublished\":\"2022-07-05T22:36:33+00:00\",\"dateModified\":\"2022-07-05T22:37:30+00:00\",\"author\":{\"@id\":\"https:\/\/corporacionpba.org\/nuevo\/#\/schema\/person\/54fa2e5ef13523f0259b1707b99c11b8\"},\"breadcrumb\":{\"@id\":\"https:\/\/corporacionpba.org\/nuevo\/se-fortalece-alianza-entre-la-fundacion-bavaria-y-la-corporacion-pba\/#breadcrumb\"},\"inLanguage\":\"es\",\"potentialAction\":[{\"@type\":\"ReadAction\",\"target\":[\"https:\/\/corporacionpba.org\/nuevo\/se-fortalece-alianza-entre-la-fundacion-bavaria-y-la-corporacion-pba\/\"]}]},{\"@type\":\"ImageObject\",\"inLanguage\":\"es\",\"@id\":\"https:\/\/corporacionpba.org\/nuevo\/se-fortalece-alianza-entre-la-fundacion-bavaria-y-la-corporacion-pba\/#primaryimage\",\"url\":\"https:\/\/corporacionpba.org\/nuevo\/wp-content\/uploads\/2022\/07\/Imagen-3-2-2.jpeg\",\"contentUrl\":\"https:\/\/corporacionpba.org\/nuevo\/wp-content\/uploads\/2022\/07\/Imagen-3-2-2.jpeg\",\"width\":600,\"height\":600},{\"@type\":\"BreadcrumbList\",\"@id\":\"https:\/\/corporacionpba.org\/nuevo\/se-fortalece-alianza-entre-la-fundacion-bavaria-y-la-corporacion-pba\/#breadcrumb\",\"itemListElement\":[{\"@type\":\"ListItem\",\"position\":1,\"name\":\"Portada\",\"item\":\"https:\/\/corporacionpba.org\/nuevo\/\"},{\"@type\":\"ListItem\",\"position\":2,\"name\":\"Se fortalece alianza entre la Fundaci\u00f3n Bavaria y la Corporaci\u00f3n PBA\"}]},{\"@type\":\"WebSite\",\"@id\":\"https:\/\/corporacionpba.org\/nuevo\/#website\",\"url\":\"https:\/\/corporacionpba.org\/nuevo\/\",\"name\":\"Corporacion PBA\",\"description\":\"Innovaci&oacute;n Rural para el Desarrollo\",\"potentialAction\":[{\"@type\":\"SearchAction\",\"target\":{\"@type\":\"EntryPoint\",\"urlTemplate\":\"https:\/\/corporacionpba.org\/nuevo\/?s={search_term_string}\"},\"query-input\":{\"@type\":\"PropertyValueSpecification\",\"valueRequired\":true,\"valueName\":\"search_term_string\"}}],\"inLanguage\":\"es\"},{\"@type\":\"Person\",\"@id\":\"https:\/\/corporacionpba.org\/nuevo\/#\/schema\/person\/54fa2e5ef13523f0259b1707b99c11b8\",\"name\":\"Corporacion PBA\",\"image\":{\"@type\":\"ImageObject\",\"inLanguage\":\"es\",\"@id\":\"https:\/\/secure.gravatar.com\/avatar\/2063c349439df46203f11a73c15ec3288b8d551168ba8c1a8410ff02770aa39b?s=96&d=mm&r=g\",\"url\":\"https:\/\/secure.gravatar.com\/avatar\/2063c349439df46203f11a73c15ec3288b8d551168ba8c1a8410ff02770aa39b?s=96&d=mm&r=g\",\"contentUrl\":\"https:\/\/secure.gravatar.com\/avatar\/2063c349439df46203f11a73c15ec3288b8d551168ba8c1a8410ff02770aa39b?s=96&d=mm&r=g\",\"caption\":\"Corporacion PBA\"},\"url\":\"https:\/\/corporacionpba.org\/nuevo\/author\/corpba\/\"}]}<\/script>\n<!-- \/ Yoast SEO plugin. -->","yoast_head_json":{"title":"Se fortalece alianza entre la Fundaci\u00f3n Bavaria y la Corporaci\u00f3n PBA - Corporacion PBA","robots":{"index":"index","follow":"follow","max-snippet":"max-snippet:-1","max-image-preview":"max-image-preview:large","max-video-preview":"max-video-preview:-1"},"canonical":"https:\/\/corporacionpba.org\/nuevo\/se-fortalece-alianza-entre-la-fundacion-bavaria-y-la-corporacion-pba\/","og_locale":"es_ES","og_type":"article","og_title":"Se fortalece alianza entre la Fundaci\u00f3n Bavaria y la Corporaci\u00f3n PBA - Corporacion PBA","og_description":"&nbsp; Comprometidos con el bienestar de las comunidades de la costa Caribe colombiana y con el fortalecimiento de la cadena de yuca industrial, 170 familias de productores rurales de siete municipios de la regi\u00f3n (La Uni\u00f3n y San Onofre, en el departamento de Sucre, Chin\u00fa, Sahag\u00fan y Ci\u00e9naga de Oro, en el departamento de C\u00f3rdoba, [&hellip;]","og_url":"https:\/\/corporacionpba.org\/nuevo\/se-fortalece-alianza-entre-la-fundacion-bavaria-y-la-corporacion-pba\/","og_site_name":"Corporacion PBA","article_published_time":"2022-07-05T22:36:33+00:00","article_modified_time":"2022-07-05T22:37:30+00:00","og_image":[{"width":600,"height":600,"url":"https:\/\/corporacionpba.org\/nuevo\/wp-content\/uploads\/2022\/07\/Imagen-3-2-2.jpeg","type":"image\/jpeg"}],"author":"Corporacion PBA","twitter_card":"summary_large_image","twitter_misc":{"Escrito por":"Corporacion PBA","Tiempo de lectura":"1 minuto"},"schema":{"@context":"https:\/\/schema.org","@graph":[{"@type":"Article","@id":"https:\/\/corporacionpba.org\/nuevo\/se-fortalece-alianza-entre-la-fundacion-bavaria-y-la-corporacion-pba\/#article","isPartOf":{"@id":"https:\/\/corporacionpba.org\/nuevo\/se-fortalece-alianza-entre-la-fundacion-bavaria-y-la-corporacion-pba\/"},"author":{"name":"Corporacion PBA","@id":"https:\/\/corporacionpba.org\/nuevo\/#\/schema\/person\/54fa2e5ef13523f0259b1707b99c11b8"},"headline":"Se fortalece alianza entre la Fundaci\u00f3n Bavaria y la Corporaci\u00f3n PBA","datePublished":"2022-07-05T22:36:33+00:00","dateModified":"2022-07-05T22:37:30+00:00","mainEntityOfPage":{"@id":"https:\/\/corporacionpba.org\/nuevo\/se-fortalece-alianza-entre-la-fundacion-bavaria-y-la-corporacion-pba\/"},"wordCount":280,"commentCount":0,"image":{"@id":"https:\/\/corporacionpba.org\/nuevo\/se-fortalece-alianza-entre-la-fundacion-bavaria-y-la-corporacion-pba\/#primaryimage"},"thumbnailUrl":"https:\/\/corporacionpba.org\/nuevo\/wp-content\/uploads\/2022\/07\/Imagen-3-2-2.jpeg","articleSection":["Art\u00edculo","SliderINICIO"],"inLanguage":"es","potentialAction":[{"@type":"CommentAction","name":"Comment","target":["https:\/\/corporacionpba.org\/nuevo\/se-fortalece-alianza-entre-la-fundacion-bavaria-y-la-corporacion-pba\/#respond"]}]},{"@type":"WebPage","@id":"https:\/\/corporacionpba.org\/nuevo\/se-fortalece-alianza-entre-la-fundacion-bavaria-y-la-corporacion-pba\/","url":"https:\/\/corporacionpba.org\/nuevo\/se-fortalece-alianza-entre-la-fundacion-bavaria-y-la-corporacion-pba\/","name":"Se fortalece alianza entre la Fundaci\u00f3n Bavaria y la Corporaci\u00f3n PBA - Corporacion PBA","isPartOf":{"@id":"https:\/\/corporacionpba.org\/nuevo\/#website"},"primaryImageOfPage":{"@id":"https:\/\/corporacionpba.org\/nuevo\/se-fortalece-alianza-entre-la-fundacion-bavaria-y-la-corporacion-pba\/#primaryimage"},"image":{"@id":"https:\/\/corporacionpba.org\/nuevo\/se-fortalece-alianza-entre-la-fundacion-bavaria-y-la-corporacion-pba\/#primaryimage"},"thumbnailUrl":"https:\/\/corporacionpba.org\/nuevo\/wp-content\/uploads\/2022\/07\/Imagen-3-2-2.jpeg","datePublished":"2022-07-05T22:36:33+00:00","dateModified":"2022-07-05T22:37:30+00:00","author":{"@id":"https:\/\/corporacionpba.org\/nuevo\/#\/schema\/person\/54fa2e5ef13523f0259b1707b99c11b8"},"breadcrumb":{"@id":"https:\/\/corporacionpba.org\/nuevo\/se-fortalece-alianza-entre-la-fundacion-bavaria-y-la-corporacion-pba\/#breadcrumb"},"inLanguage":"es","potentialAction":[{"@type":"ReadAction","target":["https:\/\/corporacionpba.org\/nuevo\/se-fortalece-alianza-entre-la-fundacion-bavaria-y-la-corporacion-pba\/"]}]},{"@type":"ImageObject","inLanguage":"es","@id":"https:\/\/corporacionpba.org\/nuevo\/se-fortalece-alianza-entre-la-fundacion-bavaria-y-la-corporacion-pba\/#primaryimage","url":"https:\/\/corporacionpba.org\/nuevo\/wp-content\/uploads\/2022\/07\/Imagen-3-2-2.jpeg","contentUrl":"https:\/\/corporacionpba.org\/nuevo\/wp-content\/uploads\/2022\/07\/Imagen-3-2-2.jpeg","width":600,"height":600},{"@type":"BreadcrumbList","@id":"https:\/\/corporacionpba.org\/nuevo\/se-fortalece-alianza-entre-la-fundacion-bavaria-y-la-corporacion-pba\/#breadcrumb","itemListElement":[{"@type":"ListItem","position":1,"name":"Portada","item":"https:\/\/corporacionpba.org\/nuevo\/"},{"@type":"ListItem","position":2,"name":"Se fortalece alianza entre la Fundaci\u00f3n Bavaria y la Corporaci\u00f3n PBA"}]},{"@type":"WebSite","@id":"https:\/\/corporacionpba.org\/nuevo\/#website","url":"https:\/\/corporacionpba.org\/nuevo\/","name":"Corporacion PBA","description":"Innovaci&oacute;n Rural para el Desarrollo","potentialAction":[{"@type":"SearchAction","target":{"@type":"EntryPoint","urlTemplate":"https:\/\/corporacionpba.org\/nuevo\/?s={search_term_string}"},"query-input":{"@type":"PropertyValueSpecification","valueRequired":true,"valueName":"search_term_string"}}],"inLanguage":"es"},{"@type":"Person","@id":"https:\/\/corporacionpba.org\/nuevo\/#\/schema\/person\/54fa2e5ef13523f0259b1707b99c11b8","name":"Corporacion PBA","image":{"@type":"ImageObject","inLanguage":"es","@id":"https:\/\/secure.gravatar.com\/avatar\/2063c349439df46203f11a73c15ec3288b8d551168ba8c1a8410ff02770aa39b?s=96&d=mm&r=g","url":"https:\/\/secure.gravatar.com\/avatar\/2063c349439df46203f11a73c15ec3288b8d551168ba8c1a8410ff02770aa39b?s=96&d=mm&r=g","contentUrl":"https:\/\/secure.gravatar.com\/avatar\/2063c349439df46203f11a73c15ec3288b8d551168ba8c1a8410ff02770aa39b?s=96&d=mm&r=g","caption":"Corporacion PBA"},"url":"https:\/\/corporacionpba.org\/nuevo\/author\/corpba\/"}]}},"_links":{"self":[{"href":"https:\/\/corporacionpba.org\/nuevo\/wp-json\/wp\/v2\/posts\/1360","targetHints":{"allow":["GET"]}}],"collection":[{"href":"https:\/\/corporacionpba.org\/nuevo\/wp-json\/wp\/v2\/posts"}],"about":[{"href":"https:\/\/corporacionpba.org\/nuevo\/wp-json\/wp\/v2\/types\/post"}],"author":[{"embeddable":true,"href":"https:\/\/corporacionpba.org\/nuevo\/wp-json\/wp\/v2\/users\/2"}],"replies":[{"embeddable":true,"href":"https:\/\/corporacionpba.org\/nuevo\/wp-json\/wp\/v2\/comments?post=1360"}],"version-history":[{"count":3,"href":"https:\/\/corporacionpba.org\/nuevo\/wp-json\/wp\/v2\/posts\/1360\/revisions"}],"predecessor-version":[{"id":1364,"href":"https:\/\/corporacionpba.org\/nuevo\/wp-json\/wp\/v2\/posts\/1360\/revisions\/1364"}],"wp:featuredmedia":[{"embeddable":true,"href":"https:\/\/corporacionpba.org\/nuevo\/wp-json\/wp\/v2\/media\/1361"}],"wp:attachment":[{"href":"https:\/\/corporacionpba.org\/nuevo\/wp-json\/wp\/v2\/media?parent=1360"}],"wp:term":[{"taxonomy":"category","embeddable":true,"href":"https:\/\/corporacionpba.org\/nuevo\/wp-json\/wp\/v2\/categories?post=1360"},{"taxonomy":"post_tag","embeddable":true,"href":"https:\/\/corporacionpba.org\/nuevo\/wp-json\/wp\/v2\/tags?post=1360"}],"curies":[{"name":"wp","href":"https:\/\/api.w.org\/{rel}","templated":true}]}}