{"id":1379,"date":"2023-02-15T19:05:34","date_gmt":"2023-02-15T19:05:34","guid":{"rendered":"https:\/\/corporacionpba.org\/nuevo\/?p=1379"},"modified":"2023-02-15T19:05:34","modified_gmt":"2023-02-15T19:05:34","slug":"inicia-la-segunda-fase-del-proyecto-manos-al-campo-en-el-municipio-de-dibulla","status":"publish","type":"post","link":"https:\/\/corporacionpba.org\/nuevo\/inicia-la-segunda-fase-del-proyecto-manos-al-campo-en-el-municipio-de-dibulla\/","title":{"rendered":"Inicia la segunda fase del proyecto Manos al Campo en el municipio de Dibulla"},"content":{"rendered":"<p><img loading=\"lazy\" decoding=\"async\" class=\"size-medium wp-image-1380 aligncenter\" src=\"https:\/\/corporacionpba.org\/nuevo\/wp-content\/uploads\/2023\/02\/WhatsApp-Image-2023-02-09-at-5.14.59-PM-2-2-300x300.jpeg\" alt=\"\" width=\"300\" height=\"300\" srcset=\"https:\/\/corporacionpba.org\/nuevo\/wp-content\/uploads\/2023\/02\/WhatsApp-Image-2023-02-09-at-5.14.59-PM-2-2-300x300.jpeg 300w, https:\/\/corporacionpba.org\/nuevo\/wp-content\/uploads\/2023\/02\/WhatsApp-Image-2023-02-09-at-5.14.59-PM-2-2-150x150.jpeg 150w, https:\/\/corporacionpba.org\/nuevo\/wp-content\/uploads\/2023\/02\/WhatsApp-Image-2023-02-09-at-5.14.59-PM-2-2.jpeg 600w\" sizes=\"auto, (max-width: 300px) 100vw, 300px\" \/><\/p>\n<p>Teniendo en cuenta los resultados positivos obtenidos en la primera fase del proyecto Manos al Campo, del programa Comunidades m\u00e1s Productivas, se llev\u00f3 a cabo un evento de lanzamiento de la segunda fase en el municipio de Dibulla, La Guajira, organizado por la Fundaci\u00f3n Promigas con el apoyo de la Corporaci\u00f3n PBA. Este encuentro cont\u00f3 con la participaci\u00f3n de Puerto Brisa, quien se vincula al proyecto en calidad de cofinanciador, de productores rurales representantes de las cuatro organizaciones beneficiarias, la Secretar\u00eda de Desarrollo Econ\u00f3mico del municipio, propietarios de hostales y establecimientos comerciales, entre otros. Esto \u00a0permiti\u00f3 un intercambio institucional y comercial para seguir fortaleciendo los procesos que se adelantan en el marco de este proyecto.<span class=\"Apple-converted-space\">\u00a0<\/span><\/p>\n<p>Esta segunda fase apunta principalmente a mejorar el proceso de comercializaci\u00f3n de las organizaciones, d\u00e1ndole continuidad al fortalecimiento organizacional, empresarial, social y productivo de los cuatro grupos de agricultores vinculados al proyecto, adem\u00e1s de promover el\u00a0 incremento de la producci\u00f3n sostenible de los cultivos y la seguridad alimentaria de las familias.<span class=\"Apple-converted-space\">\u00a0<\/span><\/p>\n<p>En el evento se ofrecieron a los asistentes platos elaborados con los productos que cultivan los agricultores -tales como frutas, pl\u00e1tano, yuca y hortalizas- y se les obsequi\u00f3 una muestra de la miel que producen en una de las organizaciones. Los l\u00edderes de cada una de ellas contaron los avances obtenidos en sus cultivos, en sus procesos de fabricaci\u00f3n de panela y de chocolate de mesa y en sus asociaciones.<span class=\"Apple-converted-space\">\u00a0<\/span><\/p>\n","protected":false},"excerpt":{"rendered":"<p>Teniendo en cuenta los resultados positivos obtenidos en la primera fase del proyecto Manos al Campo, del programa Comunidades m\u00e1s Productivas, se llev\u00f3 a cabo un evento de lanzamiento de la segunda fase en el municipio de Dibulla, La Guajira, organizado por la Fundaci\u00f3n Promigas con el apoyo de la Corporaci\u00f3n PBA. Este encuentro cont\u00f3 [&hellip;]<\/p>\n","protected":false},"author":2,"featured_media":1380,"comment_status":"open","ping_status":"open","sticky":false,"template":"","format":"standard","meta":{"_et_pb_use_builder":"","_et_pb_old_content":"","footnotes":""},"categories":[11,13],"tags":[],"class_list":["post-1379","post","type-post","status-publish","format-standard","has-post-thumbnail","hentry","category-articulo","category-sliderinicio"],"yoast_head":"<!-- This site is optimized with the Yoast SEO plugin v27.2 - https:\/\/yoast.com\/product\/yoast-seo-wordpress\/ -->\n<title>Inicia la segunda fase del proyecto Manos al Campo en el municipio de Dibulla - Corporacion PBA<\/title>\n<meta name=\"robots\" content=\"index, follow, max-snippet:-1, max-image-preview:large, max-video-preview:-1\" \/>\n<link rel=\"canonical\" href=\"https:\/\/corporacionpba.org\/nuevo\/inicia-la-segunda-fase-del-proyecto-manos-al-campo-en-el-municipio-de-dibulla\/\" \/>\n<meta property=\"og:locale\" content=\"es_ES\" \/>\n<meta property=\"og:type\" content=\"article\" \/>\n<meta property=\"og:title\" content=\"Inicia la segunda fase del proyecto Manos al Campo en el municipio de Dibulla - Corporacion PBA\" \/>\n<meta property=\"og:description\" content=\"Teniendo en cuenta los resultados positivos obtenidos en la primera fase del proyecto Manos al Campo, del programa Comunidades m\u00e1s Productivas, se llev\u00f3 a cabo un evento de lanzamiento de la segunda fase en el municipio de Dibulla, La Guajira, organizado por la Fundaci\u00f3n Promigas con el apoyo de la Corporaci\u00f3n PBA. Este encuentro cont\u00f3 [&hellip;]\" \/>\n<meta property=\"og:url\" content=\"https:\/\/corporacionpba.org\/nuevo\/inicia-la-segunda-fase-del-proyecto-manos-al-campo-en-el-municipio-de-dibulla\/\" \/>\n<meta property=\"og:site_name\" content=\"Corporacion PBA\" \/>\n<meta property=\"article:published_time\" content=\"2023-02-15T19:05:34+00:00\" \/>\n<meta property=\"og:image\" content=\"https:\/\/corporacionpba.org\/nuevo\/wp-content\/uploads\/2023\/02\/WhatsApp-Image-2023-02-09-at-5.14.59-PM-2-2.jpeg\" \/>\n\t<meta property=\"og:image:width\" content=\"600\" \/>\n\t<meta property=\"og:image:height\" content=\"600\" \/>\n\t<meta property=\"og:image:type\" content=\"image\/jpeg\" \/>\n<meta name=\"author\" content=\"Corporacion PBA\" \/>\n<meta name=\"twitter:card\" content=\"summary_large_image\" \/>\n<meta name=\"twitter:label1\" content=\"Escrito por\" \/>\n\t<meta name=\"twitter:data1\" content=\"Corporacion PBA\" \/>\n\t<meta name=\"twitter:label2\" content=\"Tiempo de lectura\" \/>\n\t<meta name=\"twitter:data2\" content=\"1 minuto\" \/>\n<script type=\"application\/ld+json\" class=\"yoast-schema-graph\">{\"@context\":\"https:\/\/schema.org\",\"@graph\":[{\"@type\":\"Article\",\"@id\":\"https:\/\/corporacionpba.org\/nuevo\/inicia-la-segunda-fase-del-proyecto-manos-al-campo-en-el-municipio-de-dibulla\/#article\",\"isPartOf\":{\"@id\":\"https:\/\/corporacionpba.org\/nuevo\/inicia-la-segunda-fase-del-proyecto-manos-al-campo-en-el-municipio-de-dibulla\/\"},\"author\":{\"name\":\"Corporacion PBA\",\"@id\":\"https:\/\/corporacionpba.org\/nuevo\/#\/schema\/person\/54fa2e5ef13523f0259b1707b99c11b8\"},\"headline\":\"Inicia la segunda fase del proyecto Manos al Campo en el municipio de Dibulla\",\"datePublished\":\"2023-02-15T19:05:34+00:00\",\"mainEntityOfPage\":{\"@id\":\"https:\/\/corporacionpba.org\/nuevo\/inicia-la-segunda-fase-del-proyecto-manos-al-campo-en-el-municipio-de-dibulla\/\"},\"wordCount\":263,\"commentCount\":0,\"image\":{\"@id\":\"https:\/\/corporacionpba.org\/nuevo\/inicia-la-segunda-fase-del-proyecto-manos-al-campo-en-el-municipio-de-dibulla\/#primaryimage\"},\"thumbnailUrl\":\"https:\/\/corporacionpba.org\/nuevo\/wp-content\/uploads\/2023\/02\/WhatsApp-Image-2023-02-09-at-5.14.59-PM-2-2.jpeg\",\"articleSection\":[\"Art\u00edculo\",\"SliderINICIO\"],\"inLanguage\":\"es\",\"potentialAction\":[{\"@type\":\"CommentAction\",\"name\":\"Comment\",\"target\":[\"https:\/\/corporacionpba.org\/nuevo\/inicia-la-segunda-fase-del-proyecto-manos-al-campo-en-el-municipio-de-dibulla\/#respond\"]}]},{\"@type\":\"WebPage\",\"@id\":\"https:\/\/corporacionpba.org\/nuevo\/inicia-la-segunda-fase-del-proyecto-manos-al-campo-en-el-municipio-de-dibulla\/\",\"url\":\"https:\/\/corporacionpba.org\/nuevo\/inicia-la-segunda-fase-del-proyecto-manos-al-campo-en-el-municipio-de-dibulla\/\",\"name\":\"Inicia la segunda fase del proyecto Manos al Campo en el municipio de Dibulla - Corporacion PBA\",\"isPartOf\":{\"@id\":\"https:\/\/corporacionpba.org\/nuevo\/#website\"},\"primaryImageOfPage\":{\"@id\":\"https:\/\/corporacionpba.org\/nuevo\/inicia-la-segunda-fase-del-proyecto-manos-al-campo-en-el-municipio-de-dibulla\/#primaryimage\"},\"image\":{\"@id\":\"https:\/\/corporacionpba.org\/nuevo\/inicia-la-segunda-fase-del-proyecto-manos-al-campo-en-el-municipio-de-dibulla\/#primaryimage\"},\"thumbnailUrl\":\"https:\/\/corporacionpba.org\/nuevo\/wp-content\/uploads\/2023\/02\/WhatsApp-Image-2023-02-09-at-5.14.59-PM-2-2.jpeg\",\"datePublished\":\"2023-02-15T19:05:34+00:00\",\"author\":{\"@id\":\"https:\/\/corporacionpba.org\/nuevo\/#\/schema\/person\/54fa2e5ef13523f0259b1707b99c11b8\"},\"breadcrumb\":{\"@id\":\"https:\/\/corporacionpba.org\/nuevo\/inicia-la-segunda-fase-del-proyecto-manos-al-campo-en-el-municipio-de-dibulla\/#breadcrumb\"},\"inLanguage\":\"es\",\"potentialAction\":[{\"@type\":\"ReadAction\",\"target\":[\"https:\/\/corporacionpba.org\/nuevo\/inicia-la-segunda-fase-del-proyecto-manos-al-campo-en-el-municipio-de-dibulla\/\"]}]},{\"@type\":\"ImageObject\",\"inLanguage\":\"es\",\"@id\":\"https:\/\/corporacionpba.org\/nuevo\/inicia-la-segunda-fase-del-proyecto-manos-al-campo-en-el-municipio-de-dibulla\/#primaryimage\",\"url\":\"https:\/\/corporacionpba.org\/nuevo\/wp-content\/uploads\/2023\/02\/WhatsApp-Image-2023-02-09-at-5.14.59-PM-2-2.jpeg\",\"contentUrl\":\"https:\/\/corporacionpba.org\/nuevo\/wp-content\/uploads\/2023\/02\/WhatsApp-Image-2023-02-09-at-5.14.59-PM-2-2.jpeg\",\"width\":600,\"height\":600},{\"@type\":\"BreadcrumbList\",\"@id\":\"https:\/\/corporacionpba.org\/nuevo\/inicia-la-segunda-fase-del-proyecto-manos-al-campo-en-el-municipio-de-dibulla\/#breadcrumb\",\"itemListElement\":[{\"@type\":\"ListItem\",\"position\":1,\"name\":\"Portada\",\"item\":\"https:\/\/corporacionpba.org\/nuevo\/\"},{\"@type\":\"ListItem\",\"position\":2,\"name\":\"Inicia la segunda fase del proyecto Manos al Campo en el municipio de Dibulla\"}]},{\"@type\":\"WebSite\",\"@id\":\"https:\/\/corporacionpba.org\/nuevo\/#website\",\"url\":\"https:\/\/corporacionpba.org\/nuevo\/\",\"name\":\"Corporacion PBA\",\"description\":\"Innovaci&oacute;n Rural para el Desarrollo\",\"potentialAction\":[{\"@type\":\"SearchAction\",\"target\":{\"@type\":\"EntryPoint\",\"urlTemplate\":\"https:\/\/corporacionpba.org\/nuevo\/?s={search_term_string}\"},\"query-input\":{\"@type\":\"PropertyValueSpecification\",\"valueRequired\":true,\"valueName\":\"search_term_string\"}}],\"inLanguage\":\"es\"},{\"@type\":\"Person\",\"@id\":\"https:\/\/corporacionpba.org\/nuevo\/#\/schema\/person\/54fa2e5ef13523f0259b1707b99c11b8\",\"name\":\"Corporacion PBA\",\"image\":{\"@type\":\"ImageObject\",\"inLanguage\":\"es\",\"@id\":\"https:\/\/secure.gravatar.com\/avatar\/2063c349439df46203f11a73c15ec3288b8d551168ba8c1a8410ff02770aa39b?s=96&d=mm&r=g\",\"url\":\"https:\/\/secure.gravatar.com\/avatar\/2063c349439df46203f11a73c15ec3288b8d551168ba8c1a8410ff02770aa39b?s=96&d=mm&r=g\",\"contentUrl\":\"https:\/\/secure.gravatar.com\/avatar\/2063c349439df46203f11a73c15ec3288b8d551168ba8c1a8410ff02770aa39b?s=96&d=mm&r=g\",\"caption\":\"Corporacion PBA\"},\"url\":\"https:\/\/corporacionpba.org\/nuevo\/author\/corpba\/\"}]}<\/script>\n<!-- \/ Yoast SEO plugin. -->","yoast_head_json":{"title":"Inicia la segunda fase del proyecto Manos al Campo en el municipio de Dibulla - Corporacion PBA","robots":{"index":"index","follow":"follow","max-snippet":"max-snippet:-1","max-image-preview":"max-image-preview:large","max-video-preview":"max-video-preview:-1"},"canonical":"https:\/\/corporacionpba.org\/nuevo\/inicia-la-segunda-fase-del-proyecto-manos-al-campo-en-el-municipio-de-dibulla\/","og_locale":"es_ES","og_type":"article","og_title":"Inicia la segunda fase del proyecto Manos al Campo en el municipio de Dibulla - Corporacion PBA","og_description":"Teniendo en cuenta los resultados positivos obtenidos en la primera fase del proyecto Manos al Campo, del programa Comunidades m\u00e1s Productivas, se llev\u00f3 a cabo un evento de lanzamiento de la segunda fase en el municipio de Dibulla, La Guajira, organizado por la Fundaci\u00f3n Promigas con el apoyo de la Corporaci\u00f3n PBA. Este encuentro cont\u00f3 [&hellip;]","og_url":"https:\/\/corporacionpba.org\/nuevo\/inicia-la-segunda-fase-del-proyecto-manos-al-campo-en-el-municipio-de-dibulla\/","og_site_name":"Corporacion PBA","article_published_time":"2023-02-15T19:05:34+00:00","og_image":[{"width":600,"height":600,"url":"https:\/\/corporacionpba.org\/nuevo\/wp-content\/uploads\/2023\/02\/WhatsApp-Image-2023-02-09-at-5.14.59-PM-2-2.jpeg","type":"image\/jpeg"}],"author":"Corporacion PBA","twitter_card":"summary_large_image","twitter_misc":{"Escrito por":"Corporacion PBA","Tiempo de lectura":"1 minuto"},"schema":{"@context":"https:\/\/schema.org","@graph":[{"@type":"Article","@id":"https:\/\/corporacionpba.org\/nuevo\/inicia-la-segunda-fase-del-proyecto-manos-al-campo-en-el-municipio-de-dibulla\/#article","isPartOf":{"@id":"https:\/\/corporacionpba.org\/nuevo\/inicia-la-segunda-fase-del-proyecto-manos-al-campo-en-el-municipio-de-dibulla\/"},"author":{"name":"Corporacion PBA","@id":"https:\/\/corporacionpba.org\/nuevo\/#\/schema\/person\/54fa2e5ef13523f0259b1707b99c11b8"},"headline":"Inicia la segunda fase del proyecto Manos al Campo en el municipio de Dibulla","datePublished":"2023-02-15T19:05:34+00:00","mainEntityOfPage":{"@id":"https:\/\/corporacionpba.org\/nuevo\/inicia-la-segunda-fase-del-proyecto-manos-al-campo-en-el-municipio-de-dibulla\/"},"wordCount":263,"commentCount":0,"image":{"@id":"https:\/\/corporacionpba.org\/nuevo\/inicia-la-segunda-fase-del-proyecto-manos-al-campo-en-el-municipio-de-dibulla\/#primaryimage"},"thumbnailUrl":"https:\/\/corporacionpba.org\/nuevo\/wp-content\/uploads\/2023\/02\/WhatsApp-Image-2023-02-09-at-5.14.59-PM-2-2.jpeg","articleSection":["Art\u00edculo","SliderINICIO"],"inLanguage":"es","potentialAction":[{"@type":"CommentAction","name":"Comment","target":["https:\/\/corporacionpba.org\/nuevo\/inicia-la-segunda-fase-del-proyecto-manos-al-campo-en-el-municipio-de-dibulla\/#respond"]}]},{"@type":"WebPage","@id":"https:\/\/corporacionpba.org\/nuevo\/inicia-la-segunda-fase-del-proyecto-manos-al-campo-en-el-municipio-de-dibulla\/","url":"https:\/\/corporacionpba.org\/nuevo\/inicia-la-segunda-fase-del-proyecto-manos-al-campo-en-el-municipio-de-dibulla\/","name":"Inicia la segunda fase del proyecto Manos al Campo en el municipio de Dibulla - Corporacion PBA","isPartOf":{"@id":"https:\/\/corporacionpba.org\/nuevo\/#website"},"primaryImageOfPage":{"@id":"https:\/\/corporacionpba.org\/nuevo\/inicia-la-segunda-fase-del-proyecto-manos-al-campo-en-el-municipio-de-dibulla\/#primaryimage"},"image":{"@id":"https:\/\/corporacionpba.org\/nuevo\/inicia-la-segunda-fase-del-proyecto-manos-al-campo-en-el-municipio-de-dibulla\/#primaryimage"},"thumbnailUrl":"https:\/\/corporacionpba.org\/nuevo\/wp-content\/uploads\/2023\/02\/WhatsApp-Image-2023-02-09-at-5.14.59-PM-2-2.jpeg","datePublished":"2023-02-15T19:05:34+00:00","author":{"@id":"https:\/\/corporacionpba.org\/nuevo\/#\/schema\/person\/54fa2e5ef13523f0259b1707b99c11b8"},"breadcrumb":{"@id":"https:\/\/corporacionpba.org\/nuevo\/inicia-la-segunda-fase-del-proyecto-manos-al-campo-en-el-municipio-de-dibulla\/#breadcrumb"},"inLanguage":"es","potentialAction":[{"@type":"ReadAction","target":["https:\/\/corporacionpba.org\/nuevo\/inicia-la-segunda-fase-del-proyecto-manos-al-campo-en-el-municipio-de-dibulla\/"]}]},{"@type":"ImageObject","inLanguage":"es","@id":"https:\/\/corporacionpba.org\/nuevo\/inicia-la-segunda-fase-del-proyecto-manos-al-campo-en-el-municipio-de-dibulla\/#primaryimage","url":"https:\/\/corporacionpba.org\/nuevo\/wp-content\/uploads\/2023\/02\/WhatsApp-Image-2023-02-09-at-5.14.59-PM-2-2.jpeg","contentUrl":"https:\/\/corporacionpba.org\/nuevo\/wp-content\/uploads\/2023\/02\/WhatsApp-Image-2023-02-09-at-5.14.59-PM-2-2.jpeg","width":600,"height":600},{"@type":"BreadcrumbList","@id":"https:\/\/corporacionpba.org\/nuevo\/inicia-la-segunda-fase-del-proyecto-manos-al-campo-en-el-municipio-de-dibulla\/#breadcrumb","itemListElement":[{"@type":"ListItem","position":1,"name":"Portada","item":"https:\/\/corporacionpba.org\/nuevo\/"},{"@type":"ListItem","position":2,"name":"Inicia la segunda fase del proyecto Manos al Campo en el municipio de Dibulla"}]},{"@type":"WebSite","@id":"https:\/\/corporacionpba.org\/nuevo\/#website","url":"https:\/\/corporacionpba.org\/nuevo\/","name":"Corporacion PBA","description":"Innovaci&oacute;n Rural para el Desarrollo","potentialAction":[{"@type":"SearchAction","target":{"@type":"EntryPoint","urlTemplate":"https:\/\/corporacionpba.org\/nuevo\/?s={search_term_string}"},"query-input":{"@type":"PropertyValueSpecification","valueRequired":true,"valueName":"search_term_string"}}],"inLanguage":"es"},{"@type":"Person","@id":"https:\/\/corporacionpba.org\/nuevo\/#\/schema\/person\/54fa2e5ef13523f0259b1707b99c11b8","name":"Corporacion PBA","image":{"@type":"ImageObject","inLanguage":"es","@id":"https:\/\/secure.gravatar.com\/avatar\/2063c349439df46203f11a73c15ec3288b8d551168ba8c1a8410ff02770aa39b?s=96&d=mm&r=g","url":"https:\/\/secure.gravatar.com\/avatar\/2063c349439df46203f11a73c15ec3288b8d551168ba8c1a8410ff02770aa39b?s=96&d=mm&r=g","contentUrl":"https:\/\/secure.gravatar.com\/avatar\/2063c349439df46203f11a73c15ec3288b8d551168ba8c1a8410ff02770aa39b?s=96&d=mm&r=g","caption":"Corporacion PBA"},"url":"https:\/\/corporacionpba.org\/nuevo\/author\/corpba\/"}]}},"_links":{"self":[{"href":"https:\/\/corporacionpba.org\/nuevo\/wp-json\/wp\/v2\/posts\/1379","targetHints":{"allow":["GET"]}}],"collection":[{"href":"https:\/\/corporacionpba.org\/nuevo\/wp-json\/wp\/v2\/posts"}],"about":[{"href":"https:\/\/corporacionpba.org\/nuevo\/wp-json\/wp\/v2\/types\/post"}],"author":[{"embeddable":true,"href":"https:\/\/corporacionpba.org\/nuevo\/wp-json\/wp\/v2\/users\/2"}],"replies":[{"embeddable":true,"href":"https:\/\/corporacionpba.org\/nuevo\/wp-json\/wp\/v2\/comments?post=1379"}],"version-history":[{"count":1,"href":"https:\/\/corporacionpba.org\/nuevo\/wp-json\/wp\/v2\/posts\/1379\/revisions"}],"predecessor-version":[{"id":1381,"href":"https:\/\/corporacionpba.org\/nuevo\/wp-json\/wp\/v2\/posts\/1379\/revisions\/1381"}],"wp:featuredmedia":[{"embeddable":true,"href":"https:\/\/corporacionpba.org\/nuevo\/wp-json\/wp\/v2\/media\/1380"}],"wp:attachment":[{"href":"https:\/\/corporacionpba.org\/nuevo\/wp-json\/wp\/v2\/media?parent=1379"}],"wp:term":[{"taxonomy":"category","embeddable":true,"href":"https:\/\/corporacionpba.org\/nuevo\/wp-json\/wp\/v2\/categories?post=1379"},{"taxonomy":"post_tag","embeddable":true,"href":"https:\/\/corporacionpba.org\/nuevo\/wp-json\/wp\/v2\/tags?post=1379"}],"curies":[{"name":"wp","href":"https:\/\/api.w.org\/{rel}","templated":true}]}}