{"id":1382,"date":"2023-03-08T17:13:57","date_gmt":"2023-03-08T17:13:57","guid":{"rendered":"https:\/\/corporacionpba.org\/nuevo\/?p=1382"},"modified":"2023-03-08T17:14:22","modified_gmt":"2023-03-08T17:14:22","slug":"periodismo-rural-en-cordoba","status":"publish","type":"post","link":"https:\/\/corporacionpba.org\/nuevo\/periodismo-rural-en-cordoba\/","title":{"rendered":"Periodismo rural en C\u00f3rdoba"},"content":{"rendered":"<p>[et_pb_section admin_label=\u00bbsection\u00bb]<br \/>\n\t\t[et_pb_row admin_label=\u00bbrow\u00bb]<br \/>\n\t\t\t[et_pb_column type=\u00bb4_4&#8243;][et_pb_text admin_label=\u00bbText\u00bb]<img loading=\"lazy\" decoding=\"async\" class=\"size-medium wp-image-1383 aligncenter\" src=\"https:\/\/corporacionpba.org\/nuevo\/wp-content\/uploads\/2023\/03\/thumbnail_IMG_2889-2-2-300x300.jpg\" alt=\"\" width=\"300\" height=\"300\" srcset=\"https:\/\/corporacionpba.org\/nuevo\/wp-content\/uploads\/2023\/03\/thumbnail_IMG_2889-2-2-300x300.jpg 300w, https:\/\/corporacionpba.org\/nuevo\/wp-content\/uploads\/2023\/03\/thumbnail_IMG_2889-2-2-150x150.jpg 150w, https:\/\/corporacionpba.org\/nuevo\/wp-content\/uploads\/2023\/03\/thumbnail_IMG_2889-2-2.jpg 600w\" sizes=\"auto, (max-width: 300px) 100vw, 300px\" \/><\/p>\n<p>Se realiz\u00f3 en la ciudad de Sincelejo, Sucre, un nuevo taller de formaci\u00f3n de Comunicadores Rurales, una herramienta fundamental que permite visibilizar los procesos exitosos de las organizaciones de productores que son intervenidas en los distintos proyectos. En esta ocasi\u00f3n, en el marco del convenio de financiaci\u00f3n de\u00a0 la Fundaci\u00f3n Grupo BIOS y con la coordinaci\u00f3n de la Corporaci\u00f3n PBA, participaron de la formaci\u00f3n 9 productores de 3 organizaciones del departamento de C\u00f3rdoba: ASOPROAGROB del municipio de Ci\u00e9naga de Oro, ASPROALGA del municipio de Chin\u00fa y ASOPROCH del municipio de Sahag\u00fan. Los participantes se formaron en esta importante \u00e1rea de las tecnolog\u00edas de la informaci\u00f3n y la comunicaci\u00f3n (TIC), que aplicar\u00e1n en sus organizaciones y comunidades.<\/p>\n<p>&nbsp;<\/p>\n<p>Por: Jorge Ale\u00e1n Mart\u00ednez<\/p>\n<p>Comunicador Rural[\/et_pb_text][\/et_pb_column]<br \/>\n\t\t[\/et_pb_row]<br \/>\n\t[\/et_pb_section]<\/p>\n","protected":false},"excerpt":{"rendered":"<p>[et_pb_section admin_label=\u00bbsection\u00bb] [et_pb_row admin_label=\u00bbrow\u00bb] [et_pb_column type=\u00bb4_4&#8243;][et_pb_text admin_label=\u00bbText\u00bb] Se realiz\u00f3 en la ciudad de Sincelejo, Sucre, un nuevo taller de formaci\u00f3n de Comunicadores Rurales, una herramienta fundamental que permite visibilizar los procesos exitosos de las organizaciones de productores que son intervenidas en los distintos proyectos. En esta ocasi\u00f3n, en el marco del convenio de financiaci\u00f3n de\u00a0 [&hellip;]<\/p>\n","protected":false},"author":2,"featured_media":1383,"comment_status":"open","ping_status":"open","sticky":false,"template":"","format":"standard","meta":{"_et_pb_use_builder":"on","_et_pb_old_content":"<img class=\"size-medium wp-image-1383 aligncenter\" src=\"https:\/\/corporacionpba.org\/nuevo\/wp-content\/uploads\/2023\/03\/thumbnail_IMG_2889-2-2-300x300.jpg\" alt=\"\" width=\"300\" height=\"300\" \/>\r\n\r\nSe realiz\u00f3 en la ciudad de Sincelejo, Sucre, un nuevo taller de formaci\u00f3n de Comunicadores Rurales, una herramienta fundamental que permite visibilizar los procesos exitosos de las organizaciones de productores que son intervenidas en los distintos proyectos. En esta ocasi\u00f3n, en el marco del convenio de financiaci\u00f3n de\u00a0 la Fundaci\u00f3n Grupo BIOS y con la coordinaci\u00f3n de la Corporaci\u00f3n PBA, participaron de la formaci\u00f3n 9 productores de 3 organizaciones del departamento de C\u00f3rdoba: ASOPROAGROB del municipio de Ci\u00e9naga de Oro, ASPROALGA del municipio de Chin\u00fa y ASOPROCH del municipio de Sahag\u00fan. Los participantes se formaron en esta importante \u00e1rea de las tecnolog\u00edas de la informaci\u00f3n y la comunicaci\u00f3n (TIC), que aplicar\u00e1n en sus organizaciones y comunidades.\r\n\r\n&nbsp;\r\n\r\nPor: Jorge Ale\u00e1n Mart\u00ednez\r\n\r\nComunicador Rural","footnotes":""},"categories":[11,13],"tags":[],"class_list":["post-1382","post","type-post","status-publish","format-standard","has-post-thumbnail","hentry","category-articulo","category-sliderinicio"],"yoast_head":"<!-- This site is optimized with the Yoast SEO plugin v27.2 - https:\/\/yoast.com\/product\/yoast-seo-wordpress\/ -->\n<title>Periodismo rural en C\u00f3rdoba - Corporacion PBA<\/title>\n<meta name=\"robots\" content=\"index, follow, max-snippet:-1, max-image-preview:large, max-video-preview:-1\" \/>\n<link rel=\"canonical\" href=\"https:\/\/corporacionpba.org\/nuevo\/periodismo-rural-en-cordoba\/\" \/>\n<meta property=\"og:locale\" content=\"es_ES\" \/>\n<meta property=\"og:type\" content=\"article\" \/>\n<meta property=\"og:title\" content=\"Periodismo rural en C\u00f3rdoba - Corporacion PBA\" \/>\n<meta property=\"og:description\" content=\"[et_pb_section admin_label=\u00bbsection\u00bb] [et_pb_row admin_label=\u00bbrow\u00bb] [et_pb_column type=\u00bb4_4&#8243;][et_pb_text admin_label=\u00bbText\u00bb] Se realiz\u00f3 en la ciudad de Sincelejo, Sucre, un nuevo taller de formaci\u00f3n de Comunicadores Rurales, una herramienta fundamental que permite visibilizar los procesos exitosos de las organizaciones de productores que son intervenidas en los distintos proyectos. En esta ocasi\u00f3n, en el marco del convenio de financiaci\u00f3n de\u00a0 [&hellip;]\" \/>\n<meta property=\"og:url\" content=\"https:\/\/corporacionpba.org\/nuevo\/periodismo-rural-en-cordoba\/\" \/>\n<meta property=\"og:site_name\" content=\"Corporacion PBA\" \/>\n<meta property=\"article:published_time\" content=\"2023-03-08T17:13:57+00:00\" \/>\n<meta property=\"article:modified_time\" content=\"2023-03-08T17:14:22+00:00\" \/>\n<meta property=\"og:image\" content=\"https:\/\/corporacionpba.org\/nuevo\/wp-content\/uploads\/2023\/03\/thumbnail_IMG_2889-2-2.jpg\" \/>\n\t<meta property=\"og:image:width\" content=\"600\" \/>\n\t<meta property=\"og:image:height\" content=\"600\" \/>\n\t<meta property=\"og:image:type\" content=\"image\/jpeg\" \/>\n<meta name=\"author\" content=\"Corporacion PBA\" \/>\n<meta name=\"twitter:card\" content=\"summary_large_image\" \/>\n<meta name=\"twitter:label1\" content=\"Escrito por\" \/>\n\t<meta name=\"twitter:data1\" content=\"Corporacion PBA\" \/>\n\t<meta name=\"twitter:label2\" content=\"Tiempo de lectura\" \/>\n\t<meta name=\"twitter:data2\" content=\"1 minuto\" \/>\n<script type=\"application\/ld+json\" class=\"yoast-schema-graph\">{\"@context\":\"https:\/\/schema.org\",\"@graph\":[{\"@type\":\"Article\",\"@id\":\"https:\/\/corporacionpba.org\/nuevo\/periodismo-rural-en-cordoba\/#article\",\"isPartOf\":{\"@id\":\"https:\/\/corporacionpba.org\/nuevo\/periodismo-rural-en-cordoba\/\"},\"author\":{\"name\":\"Corporacion PBA\",\"@id\":\"https:\/\/corporacionpba.org\/nuevo\/#\/schema\/person\/54fa2e5ef13523f0259b1707b99c11b8\"},\"headline\":\"Periodismo rural en C\u00f3rdoba\",\"datePublished\":\"2023-03-08T17:13:57+00:00\",\"dateModified\":\"2023-03-08T17:14:22+00:00\",\"mainEntityOfPage\":{\"@id\":\"https:\/\/corporacionpba.org\/nuevo\/periodismo-rural-en-cordoba\/\"},\"wordCount\":176,\"commentCount\":0,\"image\":{\"@id\":\"https:\/\/corporacionpba.org\/nuevo\/periodismo-rural-en-cordoba\/#primaryimage\"},\"thumbnailUrl\":\"https:\/\/corporacionpba.org\/nuevo\/wp-content\/uploads\/2023\/03\/thumbnail_IMG_2889-2-2.jpg\",\"articleSection\":[\"Art\u00edculo\",\"SliderINICIO\"],\"inLanguage\":\"es\",\"potentialAction\":[{\"@type\":\"CommentAction\",\"name\":\"Comment\",\"target\":[\"https:\/\/corporacionpba.org\/nuevo\/periodismo-rural-en-cordoba\/#respond\"]}]},{\"@type\":\"WebPage\",\"@id\":\"https:\/\/corporacionpba.org\/nuevo\/periodismo-rural-en-cordoba\/\",\"url\":\"https:\/\/corporacionpba.org\/nuevo\/periodismo-rural-en-cordoba\/\",\"name\":\"Periodismo rural en C\u00f3rdoba - Corporacion PBA\",\"isPartOf\":{\"@id\":\"https:\/\/corporacionpba.org\/nuevo\/#website\"},\"primaryImageOfPage\":{\"@id\":\"https:\/\/corporacionpba.org\/nuevo\/periodismo-rural-en-cordoba\/#primaryimage\"},\"image\":{\"@id\":\"https:\/\/corporacionpba.org\/nuevo\/periodismo-rural-en-cordoba\/#primaryimage\"},\"thumbnailUrl\":\"https:\/\/corporacionpba.org\/nuevo\/wp-content\/uploads\/2023\/03\/thumbnail_IMG_2889-2-2.jpg\",\"datePublished\":\"2023-03-08T17:13:57+00:00\",\"dateModified\":\"2023-03-08T17:14:22+00:00\",\"author\":{\"@id\":\"https:\/\/corporacionpba.org\/nuevo\/#\/schema\/person\/54fa2e5ef13523f0259b1707b99c11b8\"},\"breadcrumb\":{\"@id\":\"https:\/\/corporacionpba.org\/nuevo\/periodismo-rural-en-cordoba\/#breadcrumb\"},\"inLanguage\":\"es\",\"potentialAction\":[{\"@type\":\"ReadAction\",\"target\":[\"https:\/\/corporacionpba.org\/nuevo\/periodismo-rural-en-cordoba\/\"]}]},{\"@type\":\"ImageObject\",\"inLanguage\":\"es\",\"@id\":\"https:\/\/corporacionpba.org\/nuevo\/periodismo-rural-en-cordoba\/#primaryimage\",\"url\":\"https:\/\/corporacionpba.org\/nuevo\/wp-content\/uploads\/2023\/03\/thumbnail_IMG_2889-2-2.jpg\",\"contentUrl\":\"https:\/\/corporacionpba.org\/nuevo\/wp-content\/uploads\/2023\/03\/thumbnail_IMG_2889-2-2.jpg\",\"width\":600,\"height\":600},{\"@type\":\"BreadcrumbList\",\"@id\":\"https:\/\/corporacionpba.org\/nuevo\/periodismo-rural-en-cordoba\/#breadcrumb\",\"itemListElement\":[{\"@type\":\"ListItem\",\"position\":1,\"name\":\"Portada\",\"item\":\"https:\/\/corporacionpba.org\/nuevo\/\"},{\"@type\":\"ListItem\",\"position\":2,\"name\":\"Periodismo rural en C\u00f3rdoba\"}]},{\"@type\":\"WebSite\",\"@id\":\"https:\/\/corporacionpba.org\/nuevo\/#website\",\"url\":\"https:\/\/corporacionpba.org\/nuevo\/\",\"name\":\"Corporacion PBA\",\"description\":\"Innovaci&oacute;n Rural para el Desarrollo\",\"potentialAction\":[{\"@type\":\"SearchAction\",\"target\":{\"@type\":\"EntryPoint\",\"urlTemplate\":\"https:\/\/corporacionpba.org\/nuevo\/?s={search_term_string}\"},\"query-input\":{\"@type\":\"PropertyValueSpecification\",\"valueRequired\":true,\"valueName\":\"search_term_string\"}}],\"inLanguage\":\"es\"},{\"@type\":\"Person\",\"@id\":\"https:\/\/corporacionpba.org\/nuevo\/#\/schema\/person\/54fa2e5ef13523f0259b1707b99c11b8\",\"name\":\"Corporacion PBA\",\"image\":{\"@type\":\"ImageObject\",\"inLanguage\":\"es\",\"@id\":\"https:\/\/secure.gravatar.com\/avatar\/2063c349439df46203f11a73c15ec3288b8d551168ba8c1a8410ff02770aa39b?s=96&d=mm&r=g\",\"url\":\"https:\/\/secure.gravatar.com\/avatar\/2063c349439df46203f11a73c15ec3288b8d551168ba8c1a8410ff02770aa39b?s=96&d=mm&r=g\",\"contentUrl\":\"https:\/\/secure.gravatar.com\/avatar\/2063c349439df46203f11a73c15ec3288b8d551168ba8c1a8410ff02770aa39b?s=96&d=mm&r=g\",\"caption\":\"Corporacion PBA\"},\"url\":\"https:\/\/corporacionpba.org\/nuevo\/author\/corpba\/\"}]}<\/script>\n<!-- \/ Yoast SEO plugin. -->","yoast_head_json":{"title":"Periodismo rural en C\u00f3rdoba - Corporacion PBA","robots":{"index":"index","follow":"follow","max-snippet":"max-snippet:-1","max-image-preview":"max-image-preview:large","max-video-preview":"max-video-preview:-1"},"canonical":"https:\/\/corporacionpba.org\/nuevo\/periodismo-rural-en-cordoba\/","og_locale":"es_ES","og_type":"article","og_title":"Periodismo rural en C\u00f3rdoba - Corporacion PBA","og_description":"[et_pb_section admin_label=\u00bbsection\u00bb] [et_pb_row admin_label=\u00bbrow\u00bb] [et_pb_column type=\u00bb4_4&#8243;][et_pb_text admin_label=\u00bbText\u00bb] Se realiz\u00f3 en la ciudad de Sincelejo, Sucre, un nuevo taller de formaci\u00f3n de Comunicadores Rurales, una herramienta fundamental que permite visibilizar los procesos exitosos de las organizaciones de productores que son intervenidas en los distintos proyectos. En esta ocasi\u00f3n, en el marco del convenio de financiaci\u00f3n de\u00a0 [&hellip;]","og_url":"https:\/\/corporacionpba.org\/nuevo\/periodismo-rural-en-cordoba\/","og_site_name":"Corporacion PBA","article_published_time":"2023-03-08T17:13:57+00:00","article_modified_time":"2023-03-08T17:14:22+00:00","og_image":[{"width":600,"height":600,"url":"https:\/\/corporacionpba.org\/nuevo\/wp-content\/uploads\/2023\/03\/thumbnail_IMG_2889-2-2.jpg","type":"image\/jpeg"}],"author":"Corporacion PBA","twitter_card":"summary_large_image","twitter_misc":{"Escrito por":"Corporacion PBA","Tiempo de lectura":"1 minuto"},"schema":{"@context":"https:\/\/schema.org","@graph":[{"@type":"Article","@id":"https:\/\/corporacionpba.org\/nuevo\/periodismo-rural-en-cordoba\/#article","isPartOf":{"@id":"https:\/\/corporacionpba.org\/nuevo\/periodismo-rural-en-cordoba\/"},"author":{"name":"Corporacion PBA","@id":"https:\/\/corporacionpba.org\/nuevo\/#\/schema\/person\/54fa2e5ef13523f0259b1707b99c11b8"},"headline":"Periodismo rural en C\u00f3rdoba","datePublished":"2023-03-08T17:13:57+00:00","dateModified":"2023-03-08T17:14:22+00:00","mainEntityOfPage":{"@id":"https:\/\/corporacionpba.org\/nuevo\/periodismo-rural-en-cordoba\/"},"wordCount":176,"commentCount":0,"image":{"@id":"https:\/\/corporacionpba.org\/nuevo\/periodismo-rural-en-cordoba\/#primaryimage"},"thumbnailUrl":"https:\/\/corporacionpba.org\/nuevo\/wp-content\/uploads\/2023\/03\/thumbnail_IMG_2889-2-2.jpg","articleSection":["Art\u00edculo","SliderINICIO"],"inLanguage":"es","potentialAction":[{"@type":"CommentAction","name":"Comment","target":["https:\/\/corporacionpba.org\/nuevo\/periodismo-rural-en-cordoba\/#respond"]}]},{"@type":"WebPage","@id":"https:\/\/corporacionpba.org\/nuevo\/periodismo-rural-en-cordoba\/","url":"https:\/\/corporacionpba.org\/nuevo\/periodismo-rural-en-cordoba\/","name":"Periodismo rural en C\u00f3rdoba - Corporacion PBA","isPartOf":{"@id":"https:\/\/corporacionpba.org\/nuevo\/#website"},"primaryImageOfPage":{"@id":"https:\/\/corporacionpba.org\/nuevo\/periodismo-rural-en-cordoba\/#primaryimage"},"image":{"@id":"https:\/\/corporacionpba.org\/nuevo\/periodismo-rural-en-cordoba\/#primaryimage"},"thumbnailUrl":"https:\/\/corporacionpba.org\/nuevo\/wp-content\/uploads\/2023\/03\/thumbnail_IMG_2889-2-2.jpg","datePublished":"2023-03-08T17:13:57+00:00","dateModified":"2023-03-08T17:14:22+00:00","author":{"@id":"https:\/\/corporacionpba.org\/nuevo\/#\/schema\/person\/54fa2e5ef13523f0259b1707b99c11b8"},"breadcrumb":{"@id":"https:\/\/corporacionpba.org\/nuevo\/periodismo-rural-en-cordoba\/#breadcrumb"},"inLanguage":"es","potentialAction":[{"@type":"ReadAction","target":["https:\/\/corporacionpba.org\/nuevo\/periodismo-rural-en-cordoba\/"]}]},{"@type":"ImageObject","inLanguage":"es","@id":"https:\/\/corporacionpba.org\/nuevo\/periodismo-rural-en-cordoba\/#primaryimage","url":"https:\/\/corporacionpba.org\/nuevo\/wp-content\/uploads\/2023\/03\/thumbnail_IMG_2889-2-2.jpg","contentUrl":"https:\/\/corporacionpba.org\/nuevo\/wp-content\/uploads\/2023\/03\/thumbnail_IMG_2889-2-2.jpg","width":600,"height":600},{"@type":"BreadcrumbList","@id":"https:\/\/corporacionpba.org\/nuevo\/periodismo-rural-en-cordoba\/#breadcrumb","itemListElement":[{"@type":"ListItem","position":1,"name":"Portada","item":"https:\/\/corporacionpba.org\/nuevo\/"},{"@type":"ListItem","position":2,"name":"Periodismo rural en C\u00f3rdoba"}]},{"@type":"WebSite","@id":"https:\/\/corporacionpba.org\/nuevo\/#website","url":"https:\/\/corporacionpba.org\/nuevo\/","name":"Corporacion PBA","description":"Innovaci&oacute;n Rural para el Desarrollo","potentialAction":[{"@type":"SearchAction","target":{"@type":"EntryPoint","urlTemplate":"https:\/\/corporacionpba.org\/nuevo\/?s={search_term_string}"},"query-input":{"@type":"PropertyValueSpecification","valueRequired":true,"valueName":"search_term_string"}}],"inLanguage":"es"},{"@type":"Person","@id":"https:\/\/corporacionpba.org\/nuevo\/#\/schema\/person\/54fa2e5ef13523f0259b1707b99c11b8","name":"Corporacion PBA","image":{"@type":"ImageObject","inLanguage":"es","@id":"https:\/\/secure.gravatar.com\/avatar\/2063c349439df46203f11a73c15ec3288b8d551168ba8c1a8410ff02770aa39b?s=96&d=mm&r=g","url":"https:\/\/secure.gravatar.com\/avatar\/2063c349439df46203f11a73c15ec3288b8d551168ba8c1a8410ff02770aa39b?s=96&d=mm&r=g","contentUrl":"https:\/\/secure.gravatar.com\/avatar\/2063c349439df46203f11a73c15ec3288b8d551168ba8c1a8410ff02770aa39b?s=96&d=mm&r=g","caption":"Corporacion PBA"},"url":"https:\/\/corporacionpba.org\/nuevo\/author\/corpba\/"}]}},"_links":{"self":[{"href":"https:\/\/corporacionpba.org\/nuevo\/wp-json\/wp\/v2\/posts\/1382","targetHints":{"allow":["GET"]}}],"collection":[{"href":"https:\/\/corporacionpba.org\/nuevo\/wp-json\/wp\/v2\/posts"}],"about":[{"href":"https:\/\/corporacionpba.org\/nuevo\/wp-json\/wp\/v2\/types\/post"}],"author":[{"embeddable":true,"href":"https:\/\/corporacionpba.org\/nuevo\/wp-json\/wp\/v2\/users\/2"}],"replies":[{"embeddable":true,"href":"https:\/\/corporacionpba.org\/nuevo\/wp-json\/wp\/v2\/comments?post=1382"}],"version-history":[{"count":2,"href":"https:\/\/corporacionpba.org\/nuevo\/wp-json\/wp\/v2\/posts\/1382\/revisions"}],"predecessor-version":[{"id":1385,"href":"https:\/\/corporacionpba.org\/nuevo\/wp-json\/wp\/v2\/posts\/1382\/revisions\/1385"}],"wp:featuredmedia":[{"embeddable":true,"href":"https:\/\/corporacionpba.org\/nuevo\/wp-json\/wp\/v2\/media\/1383"}],"wp:attachment":[{"href":"https:\/\/corporacionpba.org\/nuevo\/wp-json\/wp\/v2\/media?parent=1382"}],"wp:term":[{"taxonomy":"category","embeddable":true,"href":"https:\/\/corporacionpba.org\/nuevo\/wp-json\/wp\/v2\/categories?post=1382"},{"taxonomy":"post_tag","embeddable":true,"href":"https:\/\/corporacionpba.org\/nuevo\/wp-json\/wp\/v2\/tags?post=1382"}],"curies":[{"name":"wp","href":"https:\/\/api.w.org\/{rel}","templated":true}]}}