{"id":1391,"date":"2023-05-02T16:43:04","date_gmt":"2023-05-02T16:43:04","guid":{"rendered":"https:\/\/corporacionpba.org\/nuevo\/?p=1391"},"modified":"2023-05-02T16:43:04","modified_gmt":"2023-05-02T16:43:04","slug":"primer-mercado-campesino-del-proyecto-manos-al-campo-en-dibulla-la-guajira","status":"publish","type":"post","link":"https:\/\/corporacionpba.org\/nuevo\/primer-mercado-campesino-del-proyecto-manos-al-campo-en-dibulla-la-guajira\/","title":{"rendered":"Primer mercado campesino del proyecto Manos al Campo en Dibulla, La Guajira"},"content":{"rendered":"<p>La Asociaci\u00f3n de Productores Org\u00e1nicos del Municipio de Dibulla \u2013 APOMD, organiz\u00f3 el primer mercado campesino, en el marco del proyecto Manos al Campo, evento que cont\u00f3 con el patrocinio de la Fundaci\u00f3n Promigas, Puerto Brisa y la Corporaci\u00f3n PBA, as\u00ed como con el apoyo de la Alcald\u00eda de Dibulla.<\/p>\n<p>Los asociados de APOMD fueron los encargados de organizar el evento e invitar a los productores de las organizaciones de Asoreagro, Coogrupadi y la Red Ecoagro, que tambi\u00e9n hacen parte del proyecto.<\/p>\n<p>Estos espacios les permiten diversificar las estrategias de comercializaci\u00f3n que realizan los peque\u00f1os productores, adem\u00e1s de impulsar la b\u00fasqueda de la autonom\u00eda, soberan\u00eda y seguridad alimentaria del campo colombiano con sus proyectos productivos.<\/p>\n<p><iframe loading=\"lazy\" title=\"Mercado campesino en Dibulla, La Guajira\" width=\"1080\" height=\"810\" src=\"https:\/\/www.youtube.com\/embed\/KUktA5eboYA?feature=oembed\" frameborder=\"0\" allow=\"accelerometer; autoplay; clipboard-write; encrypted-media; gyroscope; picture-in-picture; web-share\" allowfullscreen><\/iframe><\/p>\n<p>&nbsp;<\/p>\n<p>Por: Vladimir Blanco<\/p>\n<p>Comunicador Rural<\/p>\n","protected":false},"excerpt":{"rendered":"<p>La Asociaci\u00f3n de Productores Org\u00e1nicos del Municipio de Dibulla \u2013 APOMD, organiz\u00f3 el primer mercado campesino, en el marco del proyecto Manos al Campo, evento que cont\u00f3 con el patrocinio de la Fundaci\u00f3n Promigas, Puerto Brisa y la Corporaci\u00f3n PBA, as\u00ed como con el apoyo de la Alcald\u00eda de Dibulla. Los asociados de APOMD fueron [&hellip;]<\/p>\n","protected":false},"author":2,"featured_media":1393,"comment_status":"open","ping_status":"open","sticky":false,"template":"","format":"standard","meta":{"_et_pb_use_builder":"","_et_pb_old_content":"","footnotes":""},"categories":[11,13],"tags":[],"class_list":["post-1391","post","type-post","status-publish","format-standard","has-post-thumbnail","hentry","category-articulo","category-sliderinicio"],"yoast_head":"<!-- This site is optimized with the Yoast SEO plugin v27.2 - https:\/\/yoast.com\/product\/yoast-seo-wordpress\/ -->\n<title>Primer mercado campesino del proyecto Manos al Campo en Dibulla, La Guajira - Corporacion PBA<\/title>\n<meta name=\"robots\" content=\"index, follow, max-snippet:-1, max-image-preview:large, max-video-preview:-1\" \/>\n<link rel=\"canonical\" href=\"https:\/\/corporacionpba.org\/nuevo\/primer-mercado-campesino-del-proyecto-manos-al-campo-en-dibulla-la-guajira\/\" \/>\n<meta property=\"og:locale\" content=\"es_ES\" \/>\n<meta property=\"og:type\" content=\"article\" \/>\n<meta property=\"og:title\" content=\"Primer mercado campesino del proyecto Manos al Campo en Dibulla, La Guajira - Corporacion PBA\" \/>\n<meta property=\"og:description\" content=\"La Asociaci\u00f3n de Productores Org\u00e1nicos del Municipio de Dibulla \u2013 APOMD, organiz\u00f3 el primer mercado campesino, en el marco del proyecto Manos al Campo, evento que cont\u00f3 con el patrocinio de la Fundaci\u00f3n Promigas, Puerto Brisa y la Corporaci\u00f3n PBA, as\u00ed como con el apoyo de la Alcald\u00eda de Dibulla. Los asociados de APOMD fueron [&hellip;]\" \/>\n<meta property=\"og:url\" content=\"https:\/\/corporacionpba.org\/nuevo\/primer-mercado-campesino-del-proyecto-manos-al-campo-en-dibulla-la-guajira\/\" \/>\n<meta property=\"og:site_name\" content=\"Corporacion PBA\" \/>\n<meta property=\"article:published_time\" content=\"2023-05-02T16:43:04+00:00\" \/>\n<meta property=\"og:image\" content=\"https:\/\/corporacionpba.org\/nuevo\/wp-content\/uploads\/2023\/05\/Imagen-de-WhatsApp-2023-04-15-a-las-08.17.30-2-2.jpg\" \/>\n\t<meta property=\"og:image:width\" content=\"600\" \/>\n\t<meta property=\"og:image:height\" content=\"600\" \/>\n\t<meta property=\"og:image:type\" content=\"image\/jpeg\" \/>\n<meta name=\"author\" content=\"Corporacion PBA\" \/>\n<meta name=\"twitter:card\" content=\"summary_large_image\" \/>\n<meta name=\"twitter:label1\" content=\"Escrito por\" \/>\n\t<meta name=\"twitter:data1\" content=\"Corporacion PBA\" \/>\n\t<meta name=\"twitter:label2\" content=\"Tiempo de lectura\" \/>\n\t<meta name=\"twitter:data2\" content=\"1 minuto\" \/>\n<script type=\"application\/ld+json\" class=\"yoast-schema-graph\">{\"@context\":\"https:\/\/schema.org\",\"@graph\":[{\"@type\":\"Article\",\"@id\":\"https:\/\/corporacionpba.org\/nuevo\/primer-mercado-campesino-del-proyecto-manos-al-campo-en-dibulla-la-guajira\/#article\",\"isPartOf\":{\"@id\":\"https:\/\/corporacionpba.org\/nuevo\/primer-mercado-campesino-del-proyecto-manos-al-campo-en-dibulla-la-guajira\/\"},\"author\":{\"name\":\"Corporacion PBA\",\"@id\":\"https:\/\/corporacionpba.org\/nuevo\/#\/schema\/person\/54fa2e5ef13523f0259b1707b99c11b8\"},\"headline\":\"Primer mercado campesino del proyecto Manos al Campo en Dibulla, La Guajira\",\"datePublished\":\"2023-05-02T16:43:04+00:00\",\"mainEntityOfPage\":{\"@id\":\"https:\/\/corporacionpba.org\/nuevo\/primer-mercado-campesino-del-proyecto-manos-al-campo-en-dibulla-la-guajira\/\"},\"wordCount\":149,\"commentCount\":0,\"image\":{\"@id\":\"https:\/\/corporacionpba.org\/nuevo\/primer-mercado-campesino-del-proyecto-manos-al-campo-en-dibulla-la-guajira\/#primaryimage\"},\"thumbnailUrl\":\"https:\/\/corporacionpba.org\/nuevo\/wp-content\/uploads\/2023\/05\/Imagen-de-WhatsApp-2023-04-15-a-las-08.17.30-2-2.jpg\",\"articleSection\":[\"Art\u00edculo\",\"SliderINICIO\"],\"inLanguage\":\"es\",\"potentialAction\":[{\"@type\":\"CommentAction\",\"name\":\"Comment\",\"target\":[\"https:\/\/corporacionpba.org\/nuevo\/primer-mercado-campesino-del-proyecto-manos-al-campo-en-dibulla-la-guajira\/#respond\"]}]},{\"@type\":\"WebPage\",\"@id\":\"https:\/\/corporacionpba.org\/nuevo\/primer-mercado-campesino-del-proyecto-manos-al-campo-en-dibulla-la-guajira\/\",\"url\":\"https:\/\/corporacionpba.org\/nuevo\/primer-mercado-campesino-del-proyecto-manos-al-campo-en-dibulla-la-guajira\/\",\"name\":\"Primer mercado campesino del proyecto Manos al Campo en Dibulla, La Guajira - Corporacion PBA\",\"isPartOf\":{\"@id\":\"https:\/\/corporacionpba.org\/nuevo\/#website\"},\"primaryImageOfPage\":{\"@id\":\"https:\/\/corporacionpba.org\/nuevo\/primer-mercado-campesino-del-proyecto-manos-al-campo-en-dibulla-la-guajira\/#primaryimage\"},\"image\":{\"@id\":\"https:\/\/corporacionpba.org\/nuevo\/primer-mercado-campesino-del-proyecto-manos-al-campo-en-dibulla-la-guajira\/#primaryimage\"},\"thumbnailUrl\":\"https:\/\/corporacionpba.org\/nuevo\/wp-content\/uploads\/2023\/05\/Imagen-de-WhatsApp-2023-04-15-a-las-08.17.30-2-2.jpg\",\"datePublished\":\"2023-05-02T16:43:04+00:00\",\"author\":{\"@id\":\"https:\/\/corporacionpba.org\/nuevo\/#\/schema\/person\/54fa2e5ef13523f0259b1707b99c11b8\"},\"breadcrumb\":{\"@id\":\"https:\/\/corporacionpba.org\/nuevo\/primer-mercado-campesino-del-proyecto-manos-al-campo-en-dibulla-la-guajira\/#breadcrumb\"},\"inLanguage\":\"es\",\"potentialAction\":[{\"@type\":\"ReadAction\",\"target\":[\"https:\/\/corporacionpba.org\/nuevo\/primer-mercado-campesino-del-proyecto-manos-al-campo-en-dibulla-la-guajira\/\"]}]},{\"@type\":\"ImageObject\",\"inLanguage\":\"es\",\"@id\":\"https:\/\/corporacionpba.org\/nuevo\/primer-mercado-campesino-del-proyecto-manos-al-campo-en-dibulla-la-guajira\/#primaryimage\",\"url\":\"https:\/\/corporacionpba.org\/nuevo\/wp-content\/uploads\/2023\/05\/Imagen-de-WhatsApp-2023-04-15-a-las-08.17.30-2-2.jpg\",\"contentUrl\":\"https:\/\/corporacionpba.org\/nuevo\/wp-content\/uploads\/2023\/05\/Imagen-de-WhatsApp-2023-04-15-a-las-08.17.30-2-2.jpg\",\"width\":600,\"height\":600},{\"@type\":\"BreadcrumbList\",\"@id\":\"https:\/\/corporacionpba.org\/nuevo\/primer-mercado-campesino-del-proyecto-manos-al-campo-en-dibulla-la-guajira\/#breadcrumb\",\"itemListElement\":[{\"@type\":\"ListItem\",\"position\":1,\"name\":\"Portada\",\"item\":\"https:\/\/corporacionpba.org\/nuevo\/\"},{\"@type\":\"ListItem\",\"position\":2,\"name\":\"Primer mercado campesino del proyecto Manos al Campo en Dibulla, La Guajira\"}]},{\"@type\":\"WebSite\",\"@id\":\"https:\/\/corporacionpba.org\/nuevo\/#website\",\"url\":\"https:\/\/corporacionpba.org\/nuevo\/\",\"name\":\"Corporacion PBA\",\"description\":\"Innovaci&oacute;n Rural para el Desarrollo\",\"potentialAction\":[{\"@type\":\"SearchAction\",\"target\":{\"@type\":\"EntryPoint\",\"urlTemplate\":\"https:\/\/corporacionpba.org\/nuevo\/?s={search_term_string}\"},\"query-input\":{\"@type\":\"PropertyValueSpecification\",\"valueRequired\":true,\"valueName\":\"search_term_string\"}}],\"inLanguage\":\"es\"},{\"@type\":\"Person\",\"@id\":\"https:\/\/corporacionpba.org\/nuevo\/#\/schema\/person\/54fa2e5ef13523f0259b1707b99c11b8\",\"name\":\"Corporacion PBA\",\"image\":{\"@type\":\"ImageObject\",\"inLanguage\":\"es\",\"@id\":\"https:\/\/secure.gravatar.com\/avatar\/2063c349439df46203f11a73c15ec3288b8d551168ba8c1a8410ff02770aa39b?s=96&d=mm&r=g\",\"url\":\"https:\/\/secure.gravatar.com\/avatar\/2063c349439df46203f11a73c15ec3288b8d551168ba8c1a8410ff02770aa39b?s=96&d=mm&r=g\",\"contentUrl\":\"https:\/\/secure.gravatar.com\/avatar\/2063c349439df46203f11a73c15ec3288b8d551168ba8c1a8410ff02770aa39b?s=96&d=mm&r=g\",\"caption\":\"Corporacion PBA\"},\"url\":\"https:\/\/corporacionpba.org\/nuevo\/author\/corpba\/\"}]}<\/script>\n<!-- \/ Yoast SEO plugin. -->","yoast_head_json":{"title":"Primer mercado campesino del proyecto Manos al Campo en Dibulla, La Guajira - Corporacion PBA","robots":{"index":"index","follow":"follow","max-snippet":"max-snippet:-1","max-image-preview":"max-image-preview:large","max-video-preview":"max-video-preview:-1"},"canonical":"https:\/\/corporacionpba.org\/nuevo\/primer-mercado-campesino-del-proyecto-manos-al-campo-en-dibulla-la-guajira\/","og_locale":"es_ES","og_type":"article","og_title":"Primer mercado campesino del proyecto Manos al Campo en Dibulla, La Guajira - Corporacion PBA","og_description":"La Asociaci\u00f3n de Productores Org\u00e1nicos del Municipio de Dibulla \u2013 APOMD, organiz\u00f3 el primer mercado campesino, en el marco del proyecto Manos al Campo, evento que cont\u00f3 con el patrocinio de la Fundaci\u00f3n Promigas, Puerto Brisa y la Corporaci\u00f3n PBA, as\u00ed como con el apoyo de la Alcald\u00eda de Dibulla. Los asociados de APOMD fueron [&hellip;]","og_url":"https:\/\/corporacionpba.org\/nuevo\/primer-mercado-campesino-del-proyecto-manos-al-campo-en-dibulla-la-guajira\/","og_site_name":"Corporacion PBA","article_published_time":"2023-05-02T16:43:04+00:00","og_image":[{"width":600,"height":600,"url":"https:\/\/corporacionpba.org\/nuevo\/wp-content\/uploads\/2023\/05\/Imagen-de-WhatsApp-2023-04-15-a-las-08.17.30-2-2.jpg","type":"image\/jpeg"}],"author":"Corporacion PBA","twitter_card":"summary_large_image","twitter_misc":{"Escrito por":"Corporacion PBA","Tiempo de lectura":"1 minuto"},"schema":{"@context":"https:\/\/schema.org","@graph":[{"@type":"Article","@id":"https:\/\/corporacionpba.org\/nuevo\/primer-mercado-campesino-del-proyecto-manos-al-campo-en-dibulla-la-guajira\/#article","isPartOf":{"@id":"https:\/\/corporacionpba.org\/nuevo\/primer-mercado-campesino-del-proyecto-manos-al-campo-en-dibulla-la-guajira\/"},"author":{"name":"Corporacion PBA","@id":"https:\/\/corporacionpba.org\/nuevo\/#\/schema\/person\/54fa2e5ef13523f0259b1707b99c11b8"},"headline":"Primer mercado campesino del proyecto Manos al Campo en Dibulla, La Guajira","datePublished":"2023-05-02T16:43:04+00:00","mainEntityOfPage":{"@id":"https:\/\/corporacionpba.org\/nuevo\/primer-mercado-campesino-del-proyecto-manos-al-campo-en-dibulla-la-guajira\/"},"wordCount":149,"commentCount":0,"image":{"@id":"https:\/\/corporacionpba.org\/nuevo\/primer-mercado-campesino-del-proyecto-manos-al-campo-en-dibulla-la-guajira\/#primaryimage"},"thumbnailUrl":"https:\/\/corporacionpba.org\/nuevo\/wp-content\/uploads\/2023\/05\/Imagen-de-WhatsApp-2023-04-15-a-las-08.17.30-2-2.jpg","articleSection":["Art\u00edculo","SliderINICIO"],"inLanguage":"es","potentialAction":[{"@type":"CommentAction","name":"Comment","target":["https:\/\/corporacionpba.org\/nuevo\/primer-mercado-campesino-del-proyecto-manos-al-campo-en-dibulla-la-guajira\/#respond"]}]},{"@type":"WebPage","@id":"https:\/\/corporacionpba.org\/nuevo\/primer-mercado-campesino-del-proyecto-manos-al-campo-en-dibulla-la-guajira\/","url":"https:\/\/corporacionpba.org\/nuevo\/primer-mercado-campesino-del-proyecto-manos-al-campo-en-dibulla-la-guajira\/","name":"Primer mercado campesino del proyecto Manos al Campo en Dibulla, La Guajira - Corporacion PBA","isPartOf":{"@id":"https:\/\/corporacionpba.org\/nuevo\/#website"},"primaryImageOfPage":{"@id":"https:\/\/corporacionpba.org\/nuevo\/primer-mercado-campesino-del-proyecto-manos-al-campo-en-dibulla-la-guajira\/#primaryimage"},"image":{"@id":"https:\/\/corporacionpba.org\/nuevo\/primer-mercado-campesino-del-proyecto-manos-al-campo-en-dibulla-la-guajira\/#primaryimage"},"thumbnailUrl":"https:\/\/corporacionpba.org\/nuevo\/wp-content\/uploads\/2023\/05\/Imagen-de-WhatsApp-2023-04-15-a-las-08.17.30-2-2.jpg","datePublished":"2023-05-02T16:43:04+00:00","author":{"@id":"https:\/\/corporacionpba.org\/nuevo\/#\/schema\/person\/54fa2e5ef13523f0259b1707b99c11b8"},"breadcrumb":{"@id":"https:\/\/corporacionpba.org\/nuevo\/primer-mercado-campesino-del-proyecto-manos-al-campo-en-dibulla-la-guajira\/#breadcrumb"},"inLanguage":"es","potentialAction":[{"@type":"ReadAction","target":["https:\/\/corporacionpba.org\/nuevo\/primer-mercado-campesino-del-proyecto-manos-al-campo-en-dibulla-la-guajira\/"]}]},{"@type":"ImageObject","inLanguage":"es","@id":"https:\/\/corporacionpba.org\/nuevo\/primer-mercado-campesino-del-proyecto-manos-al-campo-en-dibulla-la-guajira\/#primaryimage","url":"https:\/\/corporacionpba.org\/nuevo\/wp-content\/uploads\/2023\/05\/Imagen-de-WhatsApp-2023-04-15-a-las-08.17.30-2-2.jpg","contentUrl":"https:\/\/corporacionpba.org\/nuevo\/wp-content\/uploads\/2023\/05\/Imagen-de-WhatsApp-2023-04-15-a-las-08.17.30-2-2.jpg","width":600,"height":600},{"@type":"BreadcrumbList","@id":"https:\/\/corporacionpba.org\/nuevo\/primer-mercado-campesino-del-proyecto-manos-al-campo-en-dibulla-la-guajira\/#breadcrumb","itemListElement":[{"@type":"ListItem","position":1,"name":"Portada","item":"https:\/\/corporacionpba.org\/nuevo\/"},{"@type":"ListItem","position":2,"name":"Primer mercado campesino del proyecto Manos al Campo en Dibulla, La Guajira"}]},{"@type":"WebSite","@id":"https:\/\/corporacionpba.org\/nuevo\/#website","url":"https:\/\/corporacionpba.org\/nuevo\/","name":"Corporacion PBA","description":"Innovaci&oacute;n Rural para el Desarrollo","potentialAction":[{"@type":"SearchAction","target":{"@type":"EntryPoint","urlTemplate":"https:\/\/corporacionpba.org\/nuevo\/?s={search_term_string}"},"query-input":{"@type":"PropertyValueSpecification","valueRequired":true,"valueName":"search_term_string"}}],"inLanguage":"es"},{"@type":"Person","@id":"https:\/\/corporacionpba.org\/nuevo\/#\/schema\/person\/54fa2e5ef13523f0259b1707b99c11b8","name":"Corporacion PBA","image":{"@type":"ImageObject","inLanguage":"es","@id":"https:\/\/secure.gravatar.com\/avatar\/2063c349439df46203f11a73c15ec3288b8d551168ba8c1a8410ff02770aa39b?s=96&d=mm&r=g","url":"https:\/\/secure.gravatar.com\/avatar\/2063c349439df46203f11a73c15ec3288b8d551168ba8c1a8410ff02770aa39b?s=96&d=mm&r=g","contentUrl":"https:\/\/secure.gravatar.com\/avatar\/2063c349439df46203f11a73c15ec3288b8d551168ba8c1a8410ff02770aa39b?s=96&d=mm&r=g","caption":"Corporacion PBA"},"url":"https:\/\/corporacionpba.org\/nuevo\/author\/corpba\/"}]}},"_links":{"self":[{"href":"https:\/\/corporacionpba.org\/nuevo\/wp-json\/wp\/v2\/posts\/1391","targetHints":{"allow":["GET"]}}],"collection":[{"href":"https:\/\/corporacionpba.org\/nuevo\/wp-json\/wp\/v2\/posts"}],"about":[{"href":"https:\/\/corporacionpba.org\/nuevo\/wp-json\/wp\/v2\/types\/post"}],"author":[{"embeddable":true,"href":"https:\/\/corporacionpba.org\/nuevo\/wp-json\/wp\/v2\/users\/2"}],"replies":[{"embeddable":true,"href":"https:\/\/corporacionpba.org\/nuevo\/wp-json\/wp\/v2\/comments?post=1391"}],"version-history":[{"count":1,"href":"https:\/\/corporacionpba.org\/nuevo\/wp-json\/wp\/v2\/posts\/1391\/revisions"}],"predecessor-version":[{"id":1394,"href":"https:\/\/corporacionpba.org\/nuevo\/wp-json\/wp\/v2\/posts\/1391\/revisions\/1394"}],"wp:featuredmedia":[{"embeddable":true,"href":"https:\/\/corporacionpba.org\/nuevo\/wp-json\/wp\/v2\/media\/1393"}],"wp:attachment":[{"href":"https:\/\/corporacionpba.org\/nuevo\/wp-json\/wp\/v2\/media?parent=1391"}],"wp:term":[{"taxonomy":"category","embeddable":true,"href":"https:\/\/corporacionpba.org\/nuevo\/wp-json\/wp\/v2\/categories?post=1391"},{"taxonomy":"post_tag","embeddable":true,"href":"https:\/\/corporacionpba.org\/nuevo\/wp-json\/wp\/v2\/tags?post=1391"}],"curies":[{"name":"wp","href":"https:\/\/api.w.org\/{rel}","templated":true}]}}