{"id":1395,"date":"2023-06-22T16:37:32","date_gmt":"2023-06-22T16:37:32","guid":{"rendered":"https:\/\/corporacionpba.org\/nuevo\/?p=1395"},"modified":"2023-06-22T16:37:32","modified_gmt":"2023-06-22T16:37:32","slug":"formacion-de-lideres-multiplicadores-en-boyaca-y-cundinamarca","status":"publish","type":"post","link":"https:\/\/corporacionpba.org\/nuevo\/formacion-de-lideres-multiplicadores-en-boyaca-y-cundinamarca\/","title":{"rendered":"Formaci\u00f3n de l\u00edderes Multiplicadores en Boyac\u00e1 y Cundinamarca"},"content":{"rendered":"<p><img loading=\"lazy\" decoding=\"async\" class=\"size-medium wp-image-1396 aligncenter\" src=\"https:\/\/corporacionpba.org\/nuevo\/wp-content\/uploads\/2023\/06\/WhatsApp-Image-2023-06-19-at-8.44.33-PM-2-2-300x300.jpeg\" alt=\"\" width=\"300\" height=\"300\" srcset=\"https:\/\/corporacionpba.org\/nuevo\/wp-content\/uploads\/2023\/06\/WhatsApp-Image-2023-06-19-at-8.44.33-PM-2-2-300x300.jpeg 300w, https:\/\/corporacionpba.org\/nuevo\/wp-content\/uploads\/2023\/06\/WhatsApp-Image-2023-06-19-at-8.44.33-PM-2-2-150x150.jpeg 150w, https:\/\/corporacionpba.org\/nuevo\/wp-content\/uploads\/2023\/06\/WhatsApp-Image-2023-06-19-at-8.44.33-PM-2-2.jpeg 600w\" sizes=\"auto, (max-width: 300px) 100vw, 300px\" \/><\/p>\n<p>El pasado 13 de junio se realiz\u00f3 la graduaci\u00f3n como Multiplicadores campesinos de un nuevo grupo conformado por 12 productores l\u00edderes de diferentes organizaciones del departamento de Boyac\u00e1 y una organizaci\u00f3n de Cundinamarca, en el marco del convenio entre la Corporaci\u00f3n PBA y la Fundaci\u00f3n Bol\u00edvar Davivienda.<\/p>\n<p>Este grupo de l\u00edderes estuvo en un proceso de formaci\u00f3n durante varios meses, en los que conocieron y apropiaron la metodolog\u00eda de Innovaci\u00f3n Rural Participativa (IRP) a trav\u00e9s de la cual la Corporaci\u00f3n PBA contribuye al desarrollo de las capacidades sociales, productivas y empresariales de los productores rurales y sus familias. Esto busca la superaci\u00f3n de la pobreza, el mejoramiento de la calidad de vida de las comunidades y su crecimiento sostenible e integral.<span class=\"Apple-converted-space\">\u00a0<\/span><\/p>\n<p>El nuevo grupo de Multiplicadores cuenta con el empoderamiento y las habilidades necesarias para liderar procesos de innovaci\u00f3n, tanto a nivel personal como al interior de sus organizaciones, que contribuyan al fortalecimiento de las capacidades productivas, organizacionales, empresariales y sociales. De igual forma, los Multiplicadores tienen las capacidades y destrezas para interactuar con otras comunidades y multiplicar sus conocimientos mediante el trabajo en equipo y la implementaci\u00f3n de diferentes t\u00e9cnicas y herramientas adquiridas durante el proceso.<\/p>\n<p>&nbsp;<\/p>\n<p>Por: Edelmira Gonz\u00e1lez<\/p>\n<p>Multiplicadora Rural<\/p>\n","protected":false},"excerpt":{"rendered":"<p>El pasado 13 de junio se realiz\u00f3 la graduaci\u00f3n como Multiplicadores campesinos de un nuevo grupo conformado por 12 productores l\u00edderes de diferentes organizaciones del departamento de Boyac\u00e1 y una organizaci\u00f3n de Cundinamarca, en el marco del convenio entre la Corporaci\u00f3n PBA y la Fundaci\u00f3n Bol\u00edvar Davivienda. Este grupo de l\u00edderes estuvo en un proceso [&hellip;]<\/p>\n","protected":false},"author":2,"featured_media":1396,"comment_status":"open","ping_status":"open","sticky":false,"template":"","format":"standard","meta":{"_et_pb_use_builder":"","_et_pb_old_content":"","footnotes":""},"categories":[11,13],"tags":[],"class_list":["post-1395","post","type-post","status-publish","format-standard","has-post-thumbnail","hentry","category-articulo","category-sliderinicio"],"yoast_head":"<!-- This site is optimized with the Yoast SEO plugin v27.2 - https:\/\/yoast.com\/product\/yoast-seo-wordpress\/ -->\n<title>Formaci\u00f3n de l\u00edderes Multiplicadores en Boyac\u00e1 y Cundinamarca - Corporacion PBA<\/title>\n<meta name=\"robots\" content=\"index, follow, max-snippet:-1, max-image-preview:large, max-video-preview:-1\" \/>\n<link rel=\"canonical\" href=\"https:\/\/corporacionpba.org\/nuevo\/formacion-de-lideres-multiplicadores-en-boyaca-y-cundinamarca\/\" \/>\n<meta property=\"og:locale\" content=\"es_ES\" \/>\n<meta property=\"og:type\" content=\"article\" \/>\n<meta property=\"og:title\" content=\"Formaci\u00f3n de l\u00edderes Multiplicadores en Boyac\u00e1 y Cundinamarca - Corporacion PBA\" \/>\n<meta property=\"og:description\" content=\"El pasado 13 de junio se realiz\u00f3 la graduaci\u00f3n como Multiplicadores campesinos de un nuevo grupo conformado por 12 productores l\u00edderes de diferentes organizaciones del departamento de Boyac\u00e1 y una organizaci\u00f3n de Cundinamarca, en el marco del convenio entre la Corporaci\u00f3n PBA y la Fundaci\u00f3n Bol\u00edvar Davivienda. Este grupo de l\u00edderes estuvo en un proceso [&hellip;]\" \/>\n<meta property=\"og:url\" content=\"https:\/\/corporacionpba.org\/nuevo\/formacion-de-lideres-multiplicadores-en-boyaca-y-cundinamarca\/\" \/>\n<meta property=\"og:site_name\" content=\"Corporacion PBA\" \/>\n<meta property=\"article:published_time\" content=\"2023-06-22T16:37:32+00:00\" \/>\n<meta property=\"og:image\" content=\"https:\/\/corporacionpba.org\/nuevo\/wp-content\/uploads\/2023\/06\/WhatsApp-Image-2023-06-19-at-8.44.33-PM-2-2.jpeg\" \/>\n\t<meta property=\"og:image:width\" content=\"600\" \/>\n\t<meta property=\"og:image:height\" content=\"600\" \/>\n\t<meta property=\"og:image:type\" content=\"image\/jpeg\" \/>\n<meta name=\"author\" content=\"Corporacion PBA\" \/>\n<meta name=\"twitter:card\" content=\"summary_large_image\" \/>\n<meta name=\"twitter:label1\" content=\"Escrito por\" \/>\n\t<meta name=\"twitter:data1\" content=\"Corporacion PBA\" \/>\n\t<meta name=\"twitter:label2\" content=\"Tiempo de lectura\" \/>\n\t<meta name=\"twitter:data2\" content=\"1 minuto\" \/>\n<script type=\"application\/ld+json\" class=\"yoast-schema-graph\">{\"@context\":\"https:\/\/schema.org\",\"@graph\":[{\"@type\":\"Article\",\"@id\":\"https:\/\/corporacionpba.org\/nuevo\/formacion-de-lideres-multiplicadores-en-boyaca-y-cundinamarca\/#article\",\"isPartOf\":{\"@id\":\"https:\/\/corporacionpba.org\/nuevo\/formacion-de-lideres-multiplicadores-en-boyaca-y-cundinamarca\/\"},\"author\":{\"name\":\"Corporacion PBA\",\"@id\":\"https:\/\/corporacionpba.org\/nuevo\/#\/schema\/person\/54fa2e5ef13523f0259b1707b99c11b8\"},\"headline\":\"Formaci\u00f3n de l\u00edderes Multiplicadores en Boyac\u00e1 y Cundinamarca\",\"datePublished\":\"2023-06-22T16:37:32+00:00\",\"mainEntityOfPage\":{\"@id\":\"https:\/\/corporacionpba.org\/nuevo\/formacion-de-lideres-multiplicadores-en-boyaca-y-cundinamarca\/\"},\"wordCount\":228,\"commentCount\":0,\"image\":{\"@id\":\"https:\/\/corporacionpba.org\/nuevo\/formacion-de-lideres-multiplicadores-en-boyaca-y-cundinamarca\/#primaryimage\"},\"thumbnailUrl\":\"https:\/\/corporacionpba.org\/nuevo\/wp-content\/uploads\/2023\/06\/WhatsApp-Image-2023-06-19-at-8.44.33-PM-2-2.jpeg\",\"articleSection\":[\"Art\u00edculo\",\"SliderINICIO\"],\"inLanguage\":\"es\",\"potentialAction\":[{\"@type\":\"CommentAction\",\"name\":\"Comment\",\"target\":[\"https:\/\/corporacionpba.org\/nuevo\/formacion-de-lideres-multiplicadores-en-boyaca-y-cundinamarca\/#respond\"]}]},{\"@type\":\"WebPage\",\"@id\":\"https:\/\/corporacionpba.org\/nuevo\/formacion-de-lideres-multiplicadores-en-boyaca-y-cundinamarca\/\",\"url\":\"https:\/\/corporacionpba.org\/nuevo\/formacion-de-lideres-multiplicadores-en-boyaca-y-cundinamarca\/\",\"name\":\"Formaci\u00f3n de l\u00edderes Multiplicadores en Boyac\u00e1 y Cundinamarca - Corporacion PBA\",\"isPartOf\":{\"@id\":\"https:\/\/corporacionpba.org\/nuevo\/#website\"},\"primaryImageOfPage\":{\"@id\":\"https:\/\/corporacionpba.org\/nuevo\/formacion-de-lideres-multiplicadores-en-boyaca-y-cundinamarca\/#primaryimage\"},\"image\":{\"@id\":\"https:\/\/corporacionpba.org\/nuevo\/formacion-de-lideres-multiplicadores-en-boyaca-y-cundinamarca\/#primaryimage\"},\"thumbnailUrl\":\"https:\/\/corporacionpba.org\/nuevo\/wp-content\/uploads\/2023\/06\/WhatsApp-Image-2023-06-19-at-8.44.33-PM-2-2.jpeg\",\"datePublished\":\"2023-06-22T16:37:32+00:00\",\"author\":{\"@id\":\"https:\/\/corporacionpba.org\/nuevo\/#\/schema\/person\/54fa2e5ef13523f0259b1707b99c11b8\"},\"breadcrumb\":{\"@id\":\"https:\/\/corporacionpba.org\/nuevo\/formacion-de-lideres-multiplicadores-en-boyaca-y-cundinamarca\/#breadcrumb\"},\"inLanguage\":\"es\",\"potentialAction\":[{\"@type\":\"ReadAction\",\"target\":[\"https:\/\/corporacionpba.org\/nuevo\/formacion-de-lideres-multiplicadores-en-boyaca-y-cundinamarca\/\"]}]},{\"@type\":\"ImageObject\",\"inLanguage\":\"es\",\"@id\":\"https:\/\/corporacionpba.org\/nuevo\/formacion-de-lideres-multiplicadores-en-boyaca-y-cundinamarca\/#primaryimage\",\"url\":\"https:\/\/corporacionpba.org\/nuevo\/wp-content\/uploads\/2023\/06\/WhatsApp-Image-2023-06-19-at-8.44.33-PM-2-2.jpeg\",\"contentUrl\":\"https:\/\/corporacionpba.org\/nuevo\/wp-content\/uploads\/2023\/06\/WhatsApp-Image-2023-06-19-at-8.44.33-PM-2-2.jpeg\",\"width\":600,\"height\":600},{\"@type\":\"BreadcrumbList\",\"@id\":\"https:\/\/corporacionpba.org\/nuevo\/formacion-de-lideres-multiplicadores-en-boyaca-y-cundinamarca\/#breadcrumb\",\"itemListElement\":[{\"@type\":\"ListItem\",\"position\":1,\"name\":\"Portada\",\"item\":\"https:\/\/corporacionpba.org\/nuevo\/\"},{\"@type\":\"ListItem\",\"position\":2,\"name\":\"Formaci\u00f3n de l\u00edderes Multiplicadores en Boyac\u00e1 y Cundinamarca\"}]},{\"@type\":\"WebSite\",\"@id\":\"https:\/\/corporacionpba.org\/nuevo\/#website\",\"url\":\"https:\/\/corporacionpba.org\/nuevo\/\",\"name\":\"Corporacion PBA\",\"description\":\"Innovaci&oacute;n Rural para el Desarrollo\",\"potentialAction\":[{\"@type\":\"SearchAction\",\"target\":{\"@type\":\"EntryPoint\",\"urlTemplate\":\"https:\/\/corporacionpba.org\/nuevo\/?s={search_term_string}\"},\"query-input\":{\"@type\":\"PropertyValueSpecification\",\"valueRequired\":true,\"valueName\":\"search_term_string\"}}],\"inLanguage\":\"es\"},{\"@type\":\"Person\",\"@id\":\"https:\/\/corporacionpba.org\/nuevo\/#\/schema\/person\/54fa2e5ef13523f0259b1707b99c11b8\",\"name\":\"Corporacion PBA\",\"image\":{\"@type\":\"ImageObject\",\"inLanguage\":\"es\",\"@id\":\"https:\/\/secure.gravatar.com\/avatar\/2063c349439df46203f11a73c15ec3288b8d551168ba8c1a8410ff02770aa39b?s=96&d=mm&r=g\",\"url\":\"https:\/\/secure.gravatar.com\/avatar\/2063c349439df46203f11a73c15ec3288b8d551168ba8c1a8410ff02770aa39b?s=96&d=mm&r=g\",\"contentUrl\":\"https:\/\/secure.gravatar.com\/avatar\/2063c349439df46203f11a73c15ec3288b8d551168ba8c1a8410ff02770aa39b?s=96&d=mm&r=g\",\"caption\":\"Corporacion PBA\"},\"url\":\"https:\/\/corporacionpba.org\/nuevo\/author\/corpba\/\"}]}<\/script>\n<!-- \/ Yoast SEO plugin. -->","yoast_head_json":{"title":"Formaci\u00f3n de l\u00edderes Multiplicadores en Boyac\u00e1 y Cundinamarca - Corporacion PBA","robots":{"index":"index","follow":"follow","max-snippet":"max-snippet:-1","max-image-preview":"max-image-preview:large","max-video-preview":"max-video-preview:-1"},"canonical":"https:\/\/corporacionpba.org\/nuevo\/formacion-de-lideres-multiplicadores-en-boyaca-y-cundinamarca\/","og_locale":"es_ES","og_type":"article","og_title":"Formaci\u00f3n de l\u00edderes Multiplicadores en Boyac\u00e1 y Cundinamarca - Corporacion PBA","og_description":"El pasado 13 de junio se realiz\u00f3 la graduaci\u00f3n como Multiplicadores campesinos de un nuevo grupo conformado por 12 productores l\u00edderes de diferentes organizaciones del departamento de Boyac\u00e1 y una organizaci\u00f3n de Cundinamarca, en el marco del convenio entre la Corporaci\u00f3n PBA y la Fundaci\u00f3n Bol\u00edvar Davivienda. Este grupo de l\u00edderes estuvo en un proceso [&hellip;]","og_url":"https:\/\/corporacionpba.org\/nuevo\/formacion-de-lideres-multiplicadores-en-boyaca-y-cundinamarca\/","og_site_name":"Corporacion PBA","article_published_time":"2023-06-22T16:37:32+00:00","og_image":[{"width":600,"height":600,"url":"https:\/\/corporacionpba.org\/nuevo\/wp-content\/uploads\/2023\/06\/WhatsApp-Image-2023-06-19-at-8.44.33-PM-2-2.jpeg","type":"image\/jpeg"}],"author":"Corporacion PBA","twitter_card":"summary_large_image","twitter_misc":{"Escrito por":"Corporacion PBA","Tiempo de lectura":"1 minuto"},"schema":{"@context":"https:\/\/schema.org","@graph":[{"@type":"Article","@id":"https:\/\/corporacionpba.org\/nuevo\/formacion-de-lideres-multiplicadores-en-boyaca-y-cundinamarca\/#article","isPartOf":{"@id":"https:\/\/corporacionpba.org\/nuevo\/formacion-de-lideres-multiplicadores-en-boyaca-y-cundinamarca\/"},"author":{"name":"Corporacion PBA","@id":"https:\/\/corporacionpba.org\/nuevo\/#\/schema\/person\/54fa2e5ef13523f0259b1707b99c11b8"},"headline":"Formaci\u00f3n de l\u00edderes Multiplicadores en Boyac\u00e1 y Cundinamarca","datePublished":"2023-06-22T16:37:32+00:00","mainEntityOfPage":{"@id":"https:\/\/corporacionpba.org\/nuevo\/formacion-de-lideres-multiplicadores-en-boyaca-y-cundinamarca\/"},"wordCount":228,"commentCount":0,"image":{"@id":"https:\/\/corporacionpba.org\/nuevo\/formacion-de-lideres-multiplicadores-en-boyaca-y-cundinamarca\/#primaryimage"},"thumbnailUrl":"https:\/\/corporacionpba.org\/nuevo\/wp-content\/uploads\/2023\/06\/WhatsApp-Image-2023-06-19-at-8.44.33-PM-2-2.jpeg","articleSection":["Art\u00edculo","SliderINICIO"],"inLanguage":"es","potentialAction":[{"@type":"CommentAction","name":"Comment","target":["https:\/\/corporacionpba.org\/nuevo\/formacion-de-lideres-multiplicadores-en-boyaca-y-cundinamarca\/#respond"]}]},{"@type":"WebPage","@id":"https:\/\/corporacionpba.org\/nuevo\/formacion-de-lideres-multiplicadores-en-boyaca-y-cundinamarca\/","url":"https:\/\/corporacionpba.org\/nuevo\/formacion-de-lideres-multiplicadores-en-boyaca-y-cundinamarca\/","name":"Formaci\u00f3n de l\u00edderes Multiplicadores en Boyac\u00e1 y Cundinamarca - Corporacion PBA","isPartOf":{"@id":"https:\/\/corporacionpba.org\/nuevo\/#website"},"primaryImageOfPage":{"@id":"https:\/\/corporacionpba.org\/nuevo\/formacion-de-lideres-multiplicadores-en-boyaca-y-cundinamarca\/#primaryimage"},"image":{"@id":"https:\/\/corporacionpba.org\/nuevo\/formacion-de-lideres-multiplicadores-en-boyaca-y-cundinamarca\/#primaryimage"},"thumbnailUrl":"https:\/\/corporacionpba.org\/nuevo\/wp-content\/uploads\/2023\/06\/WhatsApp-Image-2023-06-19-at-8.44.33-PM-2-2.jpeg","datePublished":"2023-06-22T16:37:32+00:00","author":{"@id":"https:\/\/corporacionpba.org\/nuevo\/#\/schema\/person\/54fa2e5ef13523f0259b1707b99c11b8"},"breadcrumb":{"@id":"https:\/\/corporacionpba.org\/nuevo\/formacion-de-lideres-multiplicadores-en-boyaca-y-cundinamarca\/#breadcrumb"},"inLanguage":"es","potentialAction":[{"@type":"ReadAction","target":["https:\/\/corporacionpba.org\/nuevo\/formacion-de-lideres-multiplicadores-en-boyaca-y-cundinamarca\/"]}]},{"@type":"ImageObject","inLanguage":"es","@id":"https:\/\/corporacionpba.org\/nuevo\/formacion-de-lideres-multiplicadores-en-boyaca-y-cundinamarca\/#primaryimage","url":"https:\/\/corporacionpba.org\/nuevo\/wp-content\/uploads\/2023\/06\/WhatsApp-Image-2023-06-19-at-8.44.33-PM-2-2.jpeg","contentUrl":"https:\/\/corporacionpba.org\/nuevo\/wp-content\/uploads\/2023\/06\/WhatsApp-Image-2023-06-19-at-8.44.33-PM-2-2.jpeg","width":600,"height":600},{"@type":"BreadcrumbList","@id":"https:\/\/corporacionpba.org\/nuevo\/formacion-de-lideres-multiplicadores-en-boyaca-y-cundinamarca\/#breadcrumb","itemListElement":[{"@type":"ListItem","position":1,"name":"Portada","item":"https:\/\/corporacionpba.org\/nuevo\/"},{"@type":"ListItem","position":2,"name":"Formaci\u00f3n de l\u00edderes Multiplicadores en Boyac\u00e1 y Cundinamarca"}]},{"@type":"WebSite","@id":"https:\/\/corporacionpba.org\/nuevo\/#website","url":"https:\/\/corporacionpba.org\/nuevo\/","name":"Corporacion PBA","description":"Innovaci&oacute;n Rural para el Desarrollo","potentialAction":[{"@type":"SearchAction","target":{"@type":"EntryPoint","urlTemplate":"https:\/\/corporacionpba.org\/nuevo\/?s={search_term_string}"},"query-input":{"@type":"PropertyValueSpecification","valueRequired":true,"valueName":"search_term_string"}}],"inLanguage":"es"},{"@type":"Person","@id":"https:\/\/corporacionpba.org\/nuevo\/#\/schema\/person\/54fa2e5ef13523f0259b1707b99c11b8","name":"Corporacion PBA","image":{"@type":"ImageObject","inLanguage":"es","@id":"https:\/\/secure.gravatar.com\/avatar\/2063c349439df46203f11a73c15ec3288b8d551168ba8c1a8410ff02770aa39b?s=96&d=mm&r=g","url":"https:\/\/secure.gravatar.com\/avatar\/2063c349439df46203f11a73c15ec3288b8d551168ba8c1a8410ff02770aa39b?s=96&d=mm&r=g","contentUrl":"https:\/\/secure.gravatar.com\/avatar\/2063c349439df46203f11a73c15ec3288b8d551168ba8c1a8410ff02770aa39b?s=96&d=mm&r=g","caption":"Corporacion PBA"},"url":"https:\/\/corporacionpba.org\/nuevo\/author\/corpba\/"}]}},"_links":{"self":[{"href":"https:\/\/corporacionpba.org\/nuevo\/wp-json\/wp\/v2\/posts\/1395","targetHints":{"allow":["GET"]}}],"collection":[{"href":"https:\/\/corporacionpba.org\/nuevo\/wp-json\/wp\/v2\/posts"}],"about":[{"href":"https:\/\/corporacionpba.org\/nuevo\/wp-json\/wp\/v2\/types\/post"}],"author":[{"embeddable":true,"href":"https:\/\/corporacionpba.org\/nuevo\/wp-json\/wp\/v2\/users\/2"}],"replies":[{"embeddable":true,"href":"https:\/\/corporacionpba.org\/nuevo\/wp-json\/wp\/v2\/comments?post=1395"}],"version-history":[{"count":1,"href":"https:\/\/corporacionpba.org\/nuevo\/wp-json\/wp\/v2\/posts\/1395\/revisions"}],"predecessor-version":[{"id":1397,"href":"https:\/\/corporacionpba.org\/nuevo\/wp-json\/wp\/v2\/posts\/1395\/revisions\/1397"}],"wp:featuredmedia":[{"embeddable":true,"href":"https:\/\/corporacionpba.org\/nuevo\/wp-json\/wp\/v2\/media\/1396"}],"wp:attachment":[{"href":"https:\/\/corporacionpba.org\/nuevo\/wp-json\/wp\/v2\/media?parent=1395"}],"wp:term":[{"taxonomy":"category","embeddable":true,"href":"https:\/\/corporacionpba.org\/nuevo\/wp-json\/wp\/v2\/categories?post=1395"},{"taxonomy":"post_tag","embeddable":true,"href":"https:\/\/corporacionpba.org\/nuevo\/wp-json\/wp\/v2\/tags?post=1395"}],"curies":[{"name":"wp","href":"https:\/\/api.w.org\/{rel}","templated":true}]}}