{"id":600,"date":"2020-05-28T04:12:43","date_gmt":"2020-05-28T04:12:43","guid":{"rendered":"https:\/\/corporacionpba.org\/nuevo\/?p=600"},"modified":"2020-06-15T13:51:45","modified_gmt":"2020-06-15T13:51:45","slug":"nuestro-dia-a-dia-cambio","status":"publish","type":"post","link":"https:\/\/corporacionpba.org\/nuevo\/nuestro-dia-a-dia-cambio\/","title":{"rendered":"Nuestro d\u00eda a d\u00eda cambi\u00f3"},"content":{"rendered":"<p>[et_pb_section][et_pb_row][et_pb_column type=\u00bb4_4&#8243;][et_pb_text]<img loading=\"lazy\" decoding=\"async\" class=\"alignnone size-medium wp-image-650\" src=\"https:\/\/corporacionpba.org\/nuevo\/wp-content\/uploads\/2020\/05\/art-nuestro-dia-camb-300x300.jpg\" alt=\"\" width=\"300\" height=\"300\" srcset=\"https:\/\/corporacionpba.org\/nuevo\/wp-content\/uploads\/2020\/05\/art-nuestro-dia-camb-300x300.jpg 300w, https:\/\/corporacionpba.org\/nuevo\/wp-content\/uploads\/2020\/05\/art-nuestro-dia-camb-150x150.jpg 150w, https:\/\/corporacionpba.org\/nuevo\/wp-content\/uploads\/2020\/05\/art-nuestro-dia-camb.jpg 600w\" sizes=\"auto, (max-width: 300px) 100vw, 300px\" \/><\/p>\n<p><span class=\"chapo\">Una pandemia azota nuestra especie<\/span>. Coronavirus \u00abCovid-19\u00bb es el nombre de esta terrible ola que est\u00e1 arrasando con nuestra salud, tranquilidad, econom\u00eda y hasta estabilidad emocional.<\/p>\n<p>Al principio ve\u00edamos esta problem\u00e1tica muy lejana, pero tard\u00f3 m\u00e1s esta visi\u00f3n en generalizarse que la pandemia en llegar a nuestro territorio. Primero a la capital del pa\u00eds, luego a los dem\u00e1s departamentos, incluyendo el nuestro. Y como era de esperarse se sigue extendiendo a casi todos los municipios y probablemente a cada rinc\u00f3n. Con esto llegaron las medidas, impuestas por los entes gubernamentales como autoridades de prevenci\u00f3n y control. Es aqu\u00ed donde las cosas cambiaron. Calles vac\u00edas, parques solitarios, conciertos cancelados, eventos aplazados, las personas aisladas y encerradas como aves ex\u00f3ticas privadas de la libertad en sus jaulas. El contacto f\u00edsico, las caricias y besos son ahora sin\u00f3nimo de riesgo y hasta muerte. Muchos ahora nos conectamos entre s\u00ed a trav\u00e9s de pantallas, solo nos queda el contacto virtual, aunque eso no sea suficiente. Hay desespero. Las ciudades inhalan y exhalan intranquilidad y la ansiedad se convierte en la compa\u00f1era de muchos.<\/p>\n<p>Por suerte, algunos contamos con la fortuna de vivir en un para\u00edso terrenal: el campo. Aunque sea privilegio de pocos, los campesinos tenemos la dicha de vivir en un medio amplio y rico en biodiversidad, en donde tenemos claro que de hambre no nos vamos a morir.<\/p>\n<p>Es ahora cuando, como siempre, los h\u00e9roes de sombrero y manos curtidas se ponen la capa. Mientras muchos pasan sus d\u00edas en pijama, durmiendo o consumiendo pel\u00edculas, el campesino inicia sus labores desde muy temprano y, con el sudor de su frente, hace que el agro no paralice.<br \/>\nAhora he retomado mi antigua rutina, volv\u00ed a este lugar maravilloso en donde los amaneceres son m\u00e1s c\u00e1lidos y el tiempo corre m\u00e1s lento. Junto a mis padres hemos dedicado nuestro tiempo a sembrar alimentos como prioridad: ma\u00edz, fr\u00edjol, pl\u00e1tano, ca\u00f1a y algo m\u00e1s. Quise seguir su ejemplo y, con su ayuda, restauramos la huerta casera, recolectamos semillas y cada uno cultiv\u00f3 su propia era a su gusto. La m\u00eda es la m\u00e1s bonita. En ella sembr\u00e9 algunas hortalizas y plantas medicinales y arom\u00e1ticas. Mis semillas crecieron y pronto estar\u00e1n en mi mesa y en la de mis allegados, cuando les lleve. Por eso ahora es cuando m\u00e1s he aprendido a valorar la agricultura, y la verdad me gusta. Disfruto ver mis plantas crecer, saber que con mis manos las cultiv\u00e9 y que ser\u00e1n las que permitir\u00e1n que no me vaya a la cama con el est\u00f3mago vac\u00edo.<\/p>\n<p>En La Argentina muchos campesinos, al igual que nosotros, han tomado conciencia de que sembrar alimento y solidaridad es ahora una prioridad.<br \/>\nNuestra especie sufre, pero el planeta est\u00e1 tomando un respiro y un merecido descanso de este virus llamado \u201cel hombre\u201d. Y aunque no sabemos cu\u00e1ndo se acabar\u00e1 todo esto, ni en qu\u00e9 condiciones nos dejar\u00e1, solo nos queda aprender las lecciones que nuestra &#8216;pacha mama&#8217; nos est\u00e1 dando. Hay que valorar m\u00e1s al agricultor, y seguir trabajando.<\/p>\n<p>Vivo en la zona rural de La Argentina, un municipio al suroccidente del Huila. Aqu\u00ed no hay aburrimiento, hay trabajo. Aqu\u00ed no hay ansiedad, hay tierra por cultivar. Aqu\u00ed no hay desesperaci\u00f3n. Aqu\u00ed hay campesinos con un gran esp\u00edritu, ejemplo de superaci\u00f3n y amor por el campo.<\/p>\n<p>Por: Cristina Alb\u00e1n<\/p>\n<p>Comunicadora rural[\/et_pb_text][\/et_pb_column][\/et_pb_row][\/et_pb_section]<\/p>\n","protected":false},"excerpt":{"rendered":"<p>[et_pb_section][et_pb_row][et_pb_column type=\u00bb4_4&#8243;][et_pb_text] Una pandemia azota nuestra especie. Coronavirus \u00abCovid-19\u00bb es el nombre de esta terrible ola que est\u00e1 arrasando con nuestra salud, tranquilidad, econom\u00eda y hasta estabilidad emocional. Al principio ve\u00edamos esta problem\u00e1tica muy lejana, pero tard\u00f3 m\u00e1s esta visi\u00f3n en generalizarse que la pandemia en llegar a nuestro territorio. Primero a la capital del [&hellip;]<\/p>\n","protected":false},"author":1,"featured_media":650,"comment_status":"open","ping_status":"open","sticky":false,"template":"","format":"standard","meta":{"_et_pb_use_builder":"on","_et_pb_old_content":"<img class=\"alignnone size-medium wp-image-650\" src=\"https:\/\/corporacionpba.org\/nuevo\/wp-content\/uploads\/2020\/05\/art-nuestro-dia-camb-300x300.jpg\" alt=\"\" width=\"300\" height=\"300\" \/>\r\n\r\n<span class=\"chapo\">Una pandemia azota nuestra especie<\/span>. Coronavirus \"Covid-19\" es el nombre de esta terrible ola que est\u00e1 arrasando con nuestra salud, tranquilidad, econom\u00eda y hasta estabilidad emocional.\r\n\r\nAl principio ve\u00edamos esta problem\u00e1tica muy lejana, pero tard\u00f3 m\u00e1s esta visi\u00f3n en generalizarse que la pandemia en llegar a nuestro territorio. Primero a la capital del pa\u00eds, luego a los dem\u00e1s departamentos, incluyendo el nuestro. Y como era de esperarse se sigue extendiendo a casi todos los municipios y probablemente a cada rinc\u00f3n. Con esto llegaron las medidas, impuestas por los entes gubernamentales como autoridades de prevenci\u00f3n y control. Es aqu\u00ed donde las cosas cambiaron. Calles vac\u00edas, parques solitarios, conciertos cancelados, eventos aplazados, las personas aisladas y encerradas como aves ex\u00f3ticas privadas de la libertad en sus jaulas. El contacto f\u00edsico, las caricias y besos son ahora sin\u00f3nimo de riesgo y hasta muerte. Muchos ahora nos conectamos entre s\u00ed a trav\u00e9s de pantallas, solo nos queda el contacto virtual, aunque eso no sea suficiente. Hay desespero. Las ciudades inhalan y exhalan intranquilidad y la ansiedad se convierte en la compa\u00f1era de muchos.\r\n\r\nPor suerte, algunos contamos con la fortuna de vivir en un para\u00edso terrenal: el campo. Aunque sea privilegio de pocos, los campesinos tenemos la dicha de vivir en un medio amplio y rico en biodiversidad, en donde tenemos claro que de hambre no nos vamos a morir.\r\n\r\nEs ahora cuando, como siempre, los h\u00e9roes de sombrero y manos curtidas se ponen la capa. Mientras muchos pasan sus d\u00edas en pijama, durmiendo o consumiendo pel\u00edculas, el campesino inicia sus labores desde muy temprano y, con el sudor de su frente, hace que el agro no paralice.\r\nAhora he retomado mi antigua rutina, volv\u00ed a este lugar maravilloso en donde los amaneceres son m\u00e1s c\u00e1lidos y el tiempo corre m\u00e1s lento. Junto a mis padres hemos dedicado nuestro tiempo a sembrar alimentos como prioridad: ma\u00edz, fr\u00edjol, pl\u00e1tano, ca\u00f1a y algo m\u00e1s. Quise seguir su ejemplo y, con su ayuda, restauramos la huerta casera, recolectamos semillas y cada uno cultiv\u00f3 su propia era a su gusto. La m\u00eda es la m\u00e1s bonita. En ella sembr\u00e9 algunas hortalizas y plantas medicinales y arom\u00e1ticas. Mis semillas crecieron y pronto estar\u00e1n en mi mesa y en la de mis allegados, cuando les lleve. Por eso ahora es cuando m\u00e1s he aprendido a valorar la agricultura, y la verdad me gusta. Disfruto ver mis plantas crecer, saber que con mis manos las cultiv\u00e9 y que ser\u00e1n las que permitir\u00e1n que no me vaya a la cama con el est\u00f3mago vac\u00edo.\r\n\r\nEn La Argentina muchos campesinos, al igual que nosotros, han tomado conciencia de que sembrar alimento y solidaridad es ahora una prioridad.\r\nNuestra especie sufre, pero el planeta est\u00e1 tomando un respiro y un merecido descanso de este virus llamado \u201cel hombre\u201d. Y aunque no sabemos cu\u00e1ndo se acabar\u00e1 todo esto, ni en qu\u00e9 condiciones nos dejar\u00e1, solo nos queda aprender las lecciones que nuestra 'pacha mama' nos est\u00e1 dando. Hay que valorar m\u00e1s al agricultor, y seguir trabajando.\r\n\r\nVivo en la zona rural de La Argentina, un municipio al suroccidente del Huila. Aqu\u00ed no hay aburrimiento, hay trabajo. Aqu\u00ed no hay ansiedad, hay tierra por cultivar. Aqu\u00ed no hay desesperaci\u00f3n. Aqu\u00ed hay campesinos con un gran esp\u00edritu, ejemplo de superaci\u00f3n y amor por el campo.\r\n\r\nPor: Cristina Alb\u00e1n\r\n\r\nComunicadora rural","footnotes":""},"categories":[11,13],"tags":[],"class_list":["post-600","post","type-post","status-publish","format-standard","has-post-thumbnail","hentry","category-articulo","category-sliderinicio"],"yoast_head":"<!-- This site is optimized with the Yoast SEO plugin v27.2 - https:\/\/yoast.com\/product\/yoast-seo-wordpress\/ -->\n<title>Nuestro d\u00eda a d\u00eda cambi\u00f3 - Corporacion PBA<\/title>\n<meta name=\"robots\" content=\"index, follow, max-snippet:-1, max-image-preview:large, max-video-preview:-1\" \/>\n<link rel=\"canonical\" href=\"https:\/\/corporacionpba.org\/nuevo\/nuestro-dia-a-dia-cambio\/\" \/>\n<meta property=\"og:locale\" content=\"es_ES\" \/>\n<meta property=\"og:type\" content=\"article\" \/>\n<meta property=\"og:title\" content=\"Nuestro d\u00eda a d\u00eda cambi\u00f3 - Corporacion PBA\" \/>\n<meta property=\"og:description\" content=\"[et_pb_section][et_pb_row][et_pb_column type=\u00bb4_4&#8243;][et_pb_text] Una pandemia azota nuestra especie. Coronavirus \u00abCovid-19\u00bb es el nombre de esta terrible ola que est\u00e1 arrasando con nuestra salud, tranquilidad, econom\u00eda y hasta estabilidad emocional. Al principio ve\u00edamos esta problem\u00e1tica muy lejana, pero tard\u00f3 m\u00e1s esta visi\u00f3n en generalizarse que la pandemia en llegar a nuestro territorio. Primero a la capital del [&hellip;]\" \/>\n<meta property=\"og:url\" content=\"https:\/\/corporacionpba.org\/nuevo\/nuestro-dia-a-dia-cambio\/\" \/>\n<meta property=\"og:site_name\" content=\"Corporacion PBA\" \/>\n<meta property=\"article:published_time\" content=\"2020-05-28T04:12:43+00:00\" \/>\n<meta property=\"article:modified_time\" content=\"2020-06-15T13:51:45+00:00\" \/>\n<meta property=\"og:image\" content=\"https:\/\/corporacionpba.org\/nuevo\/wp-content\/uploads\/2020\/05\/art-nuestro-dia-camb.jpg\" \/>\n\t<meta property=\"og:image:width\" content=\"600\" \/>\n\t<meta property=\"og:image:height\" content=\"600\" \/>\n\t<meta property=\"og:image:type\" content=\"image\/jpeg\" \/>\n<meta name=\"author\" content=\"adminMAO\" \/>\n<meta name=\"twitter:card\" content=\"summary_large_image\" \/>\n<meta name=\"twitter:label1\" content=\"Escrito por\" \/>\n\t<meta name=\"twitter:data1\" content=\"adminMAO\" \/>\n\t<meta name=\"twitter:label2\" content=\"Tiempo de lectura\" \/>\n\t<meta name=\"twitter:data2\" content=\"3 minutos\" \/>\n<script type=\"application\/ld+json\" class=\"yoast-schema-graph\">{\"@context\":\"https:\/\/schema.org\",\"@graph\":[{\"@type\":\"Article\",\"@id\":\"https:\/\/corporacionpba.org\/nuevo\/nuestro-dia-a-dia-cambio\/#article\",\"isPartOf\":{\"@id\":\"https:\/\/corporacionpba.org\/nuevo\/nuestro-dia-a-dia-cambio\/\"},\"author\":{\"name\":\"adminMAO\",\"@id\":\"https:\/\/corporacionpba.org\/nuevo\/#\/schema\/person\/2afc3982f9e2f023fdf3b43d4ce4b3b7\"},\"headline\":\"Nuestro d\u00eda a d\u00eda cambi\u00f3\",\"datePublished\":\"2020-05-28T04:12:43+00:00\",\"dateModified\":\"2020-06-15T13:51:45+00:00\",\"mainEntityOfPage\":{\"@id\":\"https:\/\/corporacionpba.org\/nuevo\/nuestro-dia-a-dia-cambio\/\"},\"wordCount\":627,\"commentCount\":0,\"image\":{\"@id\":\"https:\/\/corporacionpba.org\/nuevo\/nuestro-dia-a-dia-cambio\/#primaryimage\"},\"thumbnailUrl\":\"https:\/\/corporacionpba.org\/nuevo\/wp-content\/uploads\/2020\/05\/art-nuestro-dia-camb.jpg\",\"articleSection\":[\"Art\u00edculo\",\"SliderINICIO\"],\"inLanguage\":\"es\",\"potentialAction\":[{\"@type\":\"CommentAction\",\"name\":\"Comment\",\"target\":[\"https:\/\/corporacionpba.org\/nuevo\/nuestro-dia-a-dia-cambio\/#respond\"]}]},{\"@type\":\"WebPage\",\"@id\":\"https:\/\/corporacionpba.org\/nuevo\/nuestro-dia-a-dia-cambio\/\",\"url\":\"https:\/\/corporacionpba.org\/nuevo\/nuestro-dia-a-dia-cambio\/\",\"name\":\"Nuestro d\u00eda a d\u00eda cambi\u00f3 - Corporacion PBA\",\"isPartOf\":{\"@id\":\"https:\/\/corporacionpba.org\/nuevo\/#website\"},\"primaryImageOfPage\":{\"@id\":\"https:\/\/corporacionpba.org\/nuevo\/nuestro-dia-a-dia-cambio\/#primaryimage\"},\"image\":{\"@id\":\"https:\/\/corporacionpba.org\/nuevo\/nuestro-dia-a-dia-cambio\/#primaryimage\"},\"thumbnailUrl\":\"https:\/\/corporacionpba.org\/nuevo\/wp-content\/uploads\/2020\/05\/art-nuestro-dia-camb.jpg\",\"datePublished\":\"2020-05-28T04:12:43+00:00\",\"dateModified\":\"2020-06-15T13:51:45+00:00\",\"author\":{\"@id\":\"https:\/\/corporacionpba.org\/nuevo\/#\/schema\/person\/2afc3982f9e2f023fdf3b43d4ce4b3b7\"},\"breadcrumb\":{\"@id\":\"https:\/\/corporacionpba.org\/nuevo\/nuestro-dia-a-dia-cambio\/#breadcrumb\"},\"inLanguage\":\"es\",\"potentialAction\":[{\"@type\":\"ReadAction\",\"target\":[\"https:\/\/corporacionpba.org\/nuevo\/nuestro-dia-a-dia-cambio\/\"]}]},{\"@type\":\"ImageObject\",\"inLanguage\":\"es\",\"@id\":\"https:\/\/corporacionpba.org\/nuevo\/nuestro-dia-a-dia-cambio\/#primaryimage\",\"url\":\"https:\/\/corporacionpba.org\/nuevo\/wp-content\/uploads\/2020\/05\/art-nuestro-dia-camb.jpg\",\"contentUrl\":\"https:\/\/corporacionpba.org\/nuevo\/wp-content\/uploads\/2020\/05\/art-nuestro-dia-camb.jpg\",\"width\":600,\"height\":600},{\"@type\":\"BreadcrumbList\",\"@id\":\"https:\/\/corporacionpba.org\/nuevo\/nuestro-dia-a-dia-cambio\/#breadcrumb\",\"itemListElement\":[{\"@type\":\"ListItem\",\"position\":1,\"name\":\"Portada\",\"item\":\"https:\/\/corporacionpba.org\/nuevo\/\"},{\"@type\":\"ListItem\",\"position\":2,\"name\":\"Nuestro d\u00eda a d\u00eda cambi\u00f3\"}]},{\"@type\":\"WebSite\",\"@id\":\"https:\/\/corporacionpba.org\/nuevo\/#website\",\"url\":\"https:\/\/corporacionpba.org\/nuevo\/\",\"name\":\"Corporacion PBA\",\"description\":\"Innovaci&oacute;n Rural para el Desarrollo\",\"potentialAction\":[{\"@type\":\"SearchAction\",\"target\":{\"@type\":\"EntryPoint\",\"urlTemplate\":\"https:\/\/corporacionpba.org\/nuevo\/?s={search_term_string}\"},\"query-input\":{\"@type\":\"PropertyValueSpecification\",\"valueRequired\":true,\"valueName\":\"search_term_string\"}}],\"inLanguage\":\"es\"},{\"@type\":\"Person\",\"@id\":\"https:\/\/corporacionpba.org\/nuevo\/#\/schema\/person\/2afc3982f9e2f023fdf3b43d4ce4b3b7\",\"name\":\"adminMAO\",\"image\":{\"@type\":\"ImageObject\",\"inLanguage\":\"es\",\"@id\":\"https:\/\/secure.gravatar.com\/avatar\/59aa8da0e6eecfa55967a19706053b4fba3b146cebb13c8d724ffc29cf8e73b5?s=96&d=mm&r=g\",\"url\":\"https:\/\/secure.gravatar.com\/avatar\/59aa8da0e6eecfa55967a19706053b4fba3b146cebb13c8d724ffc29cf8e73b5?s=96&d=mm&r=g\",\"contentUrl\":\"https:\/\/secure.gravatar.com\/avatar\/59aa8da0e6eecfa55967a19706053b4fba3b146cebb13c8d724ffc29cf8e73b5?s=96&d=mm&r=g\",\"caption\":\"adminMAO\"},\"sameAs\":[\"https:\/\/corporacionpba.org\/nuevo\"],\"url\":\"https:\/\/corporacionpba.org\/nuevo\/author\/adminMAO\/\"}]}<\/script>\n<!-- \/ Yoast SEO plugin. -->","yoast_head_json":{"title":"Nuestro d\u00eda a d\u00eda cambi\u00f3 - Corporacion PBA","robots":{"index":"index","follow":"follow","max-snippet":"max-snippet:-1","max-image-preview":"max-image-preview:large","max-video-preview":"max-video-preview:-1"},"canonical":"https:\/\/corporacionpba.org\/nuevo\/nuestro-dia-a-dia-cambio\/","og_locale":"es_ES","og_type":"article","og_title":"Nuestro d\u00eda a d\u00eda cambi\u00f3 - Corporacion PBA","og_description":"[et_pb_section][et_pb_row][et_pb_column type=\u00bb4_4&#8243;][et_pb_text] Una pandemia azota nuestra especie. Coronavirus \u00abCovid-19\u00bb es el nombre de esta terrible ola que est\u00e1 arrasando con nuestra salud, tranquilidad, econom\u00eda y hasta estabilidad emocional. Al principio ve\u00edamos esta problem\u00e1tica muy lejana, pero tard\u00f3 m\u00e1s esta visi\u00f3n en generalizarse que la pandemia en llegar a nuestro territorio. Primero a la capital del [&hellip;]","og_url":"https:\/\/corporacionpba.org\/nuevo\/nuestro-dia-a-dia-cambio\/","og_site_name":"Corporacion PBA","article_published_time":"2020-05-28T04:12:43+00:00","article_modified_time":"2020-06-15T13:51:45+00:00","og_image":[{"width":600,"height":600,"url":"https:\/\/corporacionpba.org\/nuevo\/wp-content\/uploads\/2020\/05\/art-nuestro-dia-camb.jpg","type":"image\/jpeg"}],"author":"adminMAO","twitter_card":"summary_large_image","twitter_misc":{"Escrito por":"adminMAO","Tiempo de lectura":"3 minutos"},"schema":{"@context":"https:\/\/schema.org","@graph":[{"@type":"Article","@id":"https:\/\/corporacionpba.org\/nuevo\/nuestro-dia-a-dia-cambio\/#article","isPartOf":{"@id":"https:\/\/corporacionpba.org\/nuevo\/nuestro-dia-a-dia-cambio\/"},"author":{"name":"adminMAO","@id":"https:\/\/corporacionpba.org\/nuevo\/#\/schema\/person\/2afc3982f9e2f023fdf3b43d4ce4b3b7"},"headline":"Nuestro d\u00eda a d\u00eda cambi\u00f3","datePublished":"2020-05-28T04:12:43+00:00","dateModified":"2020-06-15T13:51:45+00:00","mainEntityOfPage":{"@id":"https:\/\/corporacionpba.org\/nuevo\/nuestro-dia-a-dia-cambio\/"},"wordCount":627,"commentCount":0,"image":{"@id":"https:\/\/corporacionpba.org\/nuevo\/nuestro-dia-a-dia-cambio\/#primaryimage"},"thumbnailUrl":"https:\/\/corporacionpba.org\/nuevo\/wp-content\/uploads\/2020\/05\/art-nuestro-dia-camb.jpg","articleSection":["Art\u00edculo","SliderINICIO"],"inLanguage":"es","potentialAction":[{"@type":"CommentAction","name":"Comment","target":["https:\/\/corporacionpba.org\/nuevo\/nuestro-dia-a-dia-cambio\/#respond"]}]},{"@type":"WebPage","@id":"https:\/\/corporacionpba.org\/nuevo\/nuestro-dia-a-dia-cambio\/","url":"https:\/\/corporacionpba.org\/nuevo\/nuestro-dia-a-dia-cambio\/","name":"Nuestro d\u00eda a d\u00eda cambi\u00f3 - Corporacion PBA","isPartOf":{"@id":"https:\/\/corporacionpba.org\/nuevo\/#website"},"primaryImageOfPage":{"@id":"https:\/\/corporacionpba.org\/nuevo\/nuestro-dia-a-dia-cambio\/#primaryimage"},"image":{"@id":"https:\/\/corporacionpba.org\/nuevo\/nuestro-dia-a-dia-cambio\/#primaryimage"},"thumbnailUrl":"https:\/\/corporacionpba.org\/nuevo\/wp-content\/uploads\/2020\/05\/art-nuestro-dia-camb.jpg","datePublished":"2020-05-28T04:12:43+00:00","dateModified":"2020-06-15T13:51:45+00:00","author":{"@id":"https:\/\/corporacionpba.org\/nuevo\/#\/schema\/person\/2afc3982f9e2f023fdf3b43d4ce4b3b7"},"breadcrumb":{"@id":"https:\/\/corporacionpba.org\/nuevo\/nuestro-dia-a-dia-cambio\/#breadcrumb"},"inLanguage":"es","potentialAction":[{"@type":"ReadAction","target":["https:\/\/corporacionpba.org\/nuevo\/nuestro-dia-a-dia-cambio\/"]}]},{"@type":"ImageObject","inLanguage":"es","@id":"https:\/\/corporacionpba.org\/nuevo\/nuestro-dia-a-dia-cambio\/#primaryimage","url":"https:\/\/corporacionpba.org\/nuevo\/wp-content\/uploads\/2020\/05\/art-nuestro-dia-camb.jpg","contentUrl":"https:\/\/corporacionpba.org\/nuevo\/wp-content\/uploads\/2020\/05\/art-nuestro-dia-camb.jpg","width":600,"height":600},{"@type":"BreadcrumbList","@id":"https:\/\/corporacionpba.org\/nuevo\/nuestro-dia-a-dia-cambio\/#breadcrumb","itemListElement":[{"@type":"ListItem","position":1,"name":"Portada","item":"https:\/\/corporacionpba.org\/nuevo\/"},{"@type":"ListItem","position":2,"name":"Nuestro d\u00eda a d\u00eda cambi\u00f3"}]},{"@type":"WebSite","@id":"https:\/\/corporacionpba.org\/nuevo\/#website","url":"https:\/\/corporacionpba.org\/nuevo\/","name":"Corporacion PBA","description":"Innovaci&oacute;n Rural para el Desarrollo","potentialAction":[{"@type":"SearchAction","target":{"@type":"EntryPoint","urlTemplate":"https:\/\/corporacionpba.org\/nuevo\/?s={search_term_string}"},"query-input":{"@type":"PropertyValueSpecification","valueRequired":true,"valueName":"search_term_string"}}],"inLanguage":"es"},{"@type":"Person","@id":"https:\/\/corporacionpba.org\/nuevo\/#\/schema\/person\/2afc3982f9e2f023fdf3b43d4ce4b3b7","name":"adminMAO","image":{"@type":"ImageObject","inLanguage":"es","@id":"https:\/\/secure.gravatar.com\/avatar\/59aa8da0e6eecfa55967a19706053b4fba3b146cebb13c8d724ffc29cf8e73b5?s=96&d=mm&r=g","url":"https:\/\/secure.gravatar.com\/avatar\/59aa8da0e6eecfa55967a19706053b4fba3b146cebb13c8d724ffc29cf8e73b5?s=96&d=mm&r=g","contentUrl":"https:\/\/secure.gravatar.com\/avatar\/59aa8da0e6eecfa55967a19706053b4fba3b146cebb13c8d724ffc29cf8e73b5?s=96&d=mm&r=g","caption":"adminMAO"},"sameAs":["https:\/\/corporacionpba.org\/nuevo"],"url":"https:\/\/corporacionpba.org\/nuevo\/author\/adminMAO\/"}]}},"_links":{"self":[{"href":"https:\/\/corporacionpba.org\/nuevo\/wp-json\/wp\/v2\/posts\/600","targetHints":{"allow":["GET"]}}],"collection":[{"href":"https:\/\/corporacionpba.org\/nuevo\/wp-json\/wp\/v2\/posts"}],"about":[{"href":"https:\/\/corporacionpba.org\/nuevo\/wp-json\/wp\/v2\/types\/post"}],"author":[{"embeddable":true,"href":"https:\/\/corporacionpba.org\/nuevo\/wp-json\/wp\/v2\/users\/1"}],"replies":[{"embeddable":true,"href":"https:\/\/corporacionpba.org\/nuevo\/wp-json\/wp\/v2\/comments?post=600"}],"version-history":[{"count":3,"href":"https:\/\/corporacionpba.org\/nuevo\/wp-json\/wp\/v2\/posts\/600\/revisions"}],"predecessor-version":[{"id":813,"href":"https:\/\/corporacionpba.org\/nuevo\/wp-json\/wp\/v2\/posts\/600\/revisions\/813"}],"wp:featuredmedia":[{"embeddable":true,"href":"https:\/\/corporacionpba.org\/nuevo\/wp-json\/wp\/v2\/media\/650"}],"wp:attachment":[{"href":"https:\/\/corporacionpba.org\/nuevo\/wp-json\/wp\/v2\/media?parent=600"}],"wp:term":[{"taxonomy":"category","embeddable":true,"href":"https:\/\/corporacionpba.org\/nuevo\/wp-json\/wp\/v2\/categories?post=600"},{"taxonomy":"post_tag","embeddable":true,"href":"https:\/\/corporacionpba.org\/nuevo\/wp-json\/wp\/v2\/tags?post=600"}],"curies":[{"name":"wp","href":"https:\/\/api.w.org\/{rel}","templated":true}]}}