{"id":816,"date":"2020-06-15T14:15:33","date_gmt":"2020-06-15T14:15:33","guid":{"rendered":"https:\/\/corporacionpba.org\/nuevo\/?p=816"},"modified":"2020-06-22T13:46:05","modified_gmt":"2020-06-22T13:46:05","slug":"ayuda-alimentaria-a-familias-vulnerables","status":"publish","type":"post","link":"https:\/\/corporacionpba.org\/nuevo\/ayuda-alimentaria-a-familias-vulnerables\/","title":{"rendered":"Ayuda alimentaria a familias vulnerables"},"content":{"rendered":"<p>[et_pb_section][et_pb_row][et_pb_column type=\u00bb4_4&#8243;][et_pb_text]<\/p>\n<p><span class=\"chapo\">Como mencion\u00f3<\/span>\u00a0nuestro\u00a0Director Ejecutivo\u00a0en su blog,\u00a0las fundaciones Bol\u00edvar Davivienda y Grupos Bios y\u00a0la Corporaci\u00f3n PBA acordaron llevar ayuda alimentaria a las familias m\u00e1s vulnerables de las comunidades que acompa\u00f1amos y de algunas comunidades vecinas. El proceso se adelant\u00f3 con la colaboraci\u00f3n entusiasta de los miembros de las organizaciones y de los\u00a0Grupos Participativos Locales, como se puede ver en los videos que publicamos a continuaci\u00f3n.<\/p>\n<p>&nbsp;<\/p>\n<p><iframe loading=\"lazy\" title=\"Ayuda alimentaria en Isnos, Huila\" width=\"1080\" height=\"608\" src=\"https:\/\/www.youtube.com\/embed\/p3G75AepcvQ?feature=oembed\" frameborder=\"0\" allow=\"accelerometer; autoplay; encrypted-media; gyroscope; picture-in-picture\" allowfullscreen><\/iframe><\/p>\n<p><iframe loading=\"lazy\" title=\"Ayudas Humanitarias\/ Berastegui C\u00f3rdoba\" width=\"1080\" height=\"608\" src=\"https:\/\/www.youtube.com\/embed\/ysEsWLW97SE?feature=oembed\" frameborder=\"0\" allow=\"accelerometer; autoplay; encrypted-media; gyroscope; picture-in-picture\" allowfullscreen><\/iframe><\/p>\n<p><iframe loading=\"lazy\" title=\"Ayuda humanitaria\" width=\"1080\" height=\"608\" src=\"https:\/\/www.youtube.com\/embed\/6TLX3kadBKg?feature=oembed\" frameborder=\"0\" allow=\"accelerometer; autoplay; encrypted-media; gyroscope; picture-in-picture\" allowfullscreen><\/iframe><\/p>\n<p><iframe loading=\"lazy\" title=\"Ayuda alimentaria en La Argentina, Huila\" width=\"1080\" height=\"608\" src=\"https:\/\/www.youtube.com\/embed\/ikjNNrkqj3s?feature=oembed\" frameborder=\"0\" allow=\"accelerometer; autoplay; encrypted-media; gyroscope; picture-in-picture\" allowfullscreen><\/iframe><\/p>\n<p>[\/et_pb_text][\/et_pb_column][\/et_pb_row][\/et_pb_section]<\/p>\n","protected":false},"excerpt":{"rendered":"<p>[et_pb_section][et_pb_row][et_pb_column type=\u00bb4_4&#8243;][et_pb_text] Como mencion\u00f3\u00a0nuestro\u00a0Director Ejecutivo\u00a0en su blog,\u00a0las fundaciones Bol\u00edvar Davivienda y Grupos Bios y\u00a0la Corporaci\u00f3n PBA acordaron llevar ayuda alimentaria a las familias m\u00e1s vulnerables de las comunidades que acompa\u00f1amos y de algunas comunidades vecinas. El proceso se adelant\u00f3 con la colaboraci\u00f3n entusiasta de los miembros de las organizaciones y de los\u00a0Grupos Participativos Locales, como [&hellip;]<\/p>\n","protected":false},"author":1,"featured_media":845,"comment_status":"open","ping_status":"open","sticky":false,"template":"","format":"standard","meta":{"_et_pb_use_builder":"on","_et_pb_old_content":"<p><span class=\"chapo\">Como mencion\u00f3<\/span>\u00a0nuestro\u00a0Director Ejecutivo\u00a0en su blog,\u00a0las fundaciones Bol\u00edvar Davivienda y Grupos Bios y\u00a0la Corporaci\u00f3n PBA acordaron llevar ayuda alimentaria a las familias m\u00e1s vulnerables de las comunidades que acompa\u00f1amos y de algunas comunidades vecinas. El proceso se adelant\u00f3 con la colaboraci\u00f3n entusiasta de los miembros de las organizaciones y de los\u00a0Grupos Participativos Locales, como se puede ver en los videos que publicamos a continuaci\u00f3n.<\/p><p>\u00a0<\/p><p>https:\/\/youtu.be\/p3G75AepcvQ<\/p><p>https:\/\/youtu.be\/ysEsWLW97SE<\/p><p>https:\/\/youtu.be\/6TLX3kadBKg<\/p><p>https:\/\/youtu.be\/ikjNNrkqj3s<\/p>","footnotes":""},"categories":[11,13],"tags":[],"class_list":["post-816","post","type-post","status-publish","format-standard","has-post-thumbnail","hentry","category-articulo","category-sliderinicio"],"yoast_head":"<!-- This site is optimized with the Yoast SEO plugin v27.2 - https:\/\/yoast.com\/product\/yoast-seo-wordpress\/ -->\n<title>Ayuda alimentaria a familias vulnerables - Corporacion PBA<\/title>\n<meta name=\"robots\" content=\"index, follow, max-snippet:-1, max-image-preview:large, max-video-preview:-1\" \/>\n<link rel=\"canonical\" href=\"https:\/\/corporacionpba.org\/nuevo\/ayuda-alimentaria-a-familias-vulnerables\/\" \/>\n<meta property=\"og:locale\" content=\"es_ES\" \/>\n<meta property=\"og:type\" content=\"article\" \/>\n<meta property=\"og:title\" content=\"Ayuda alimentaria a familias vulnerables - Corporacion PBA\" \/>\n<meta property=\"og:description\" content=\"[et_pb_section][et_pb_row][et_pb_column type=\u00bb4_4&#8243;][et_pb_text] Como mencion\u00f3\u00a0nuestro\u00a0Director Ejecutivo\u00a0en su blog,\u00a0las fundaciones Bol\u00edvar Davivienda y Grupos Bios y\u00a0la Corporaci\u00f3n PBA acordaron llevar ayuda alimentaria a las familias m\u00e1s vulnerables de las comunidades que acompa\u00f1amos y de algunas comunidades vecinas. El proceso se adelant\u00f3 con la colaboraci\u00f3n entusiasta de los miembros de las organizaciones y de los\u00a0Grupos Participativos Locales, como [&hellip;]\" \/>\n<meta property=\"og:url\" content=\"https:\/\/corporacionpba.org\/nuevo\/ayuda-alimentaria-a-familias-vulnerables\/\" \/>\n<meta property=\"og:site_name\" content=\"Corporacion PBA\" \/>\n<meta property=\"article:published_time\" content=\"2020-06-15T14:15:33+00:00\" \/>\n<meta property=\"article:modified_time\" content=\"2020-06-22T13:46:05+00:00\" \/>\n<meta property=\"og:image\" content=\"https:\/\/corporacionpba.org\/nuevo\/wp-content\/uploads\/2020\/06\/art-09.jpg\" \/>\n\t<meta property=\"og:image:width\" content=\"600\" \/>\n\t<meta property=\"og:image:height\" content=\"600\" \/>\n\t<meta property=\"og:image:type\" content=\"image\/jpeg\" \/>\n<meta name=\"author\" content=\"adminMAO\" \/>\n<meta name=\"twitter:card\" content=\"summary_large_image\" \/>\n<meta name=\"twitter:label1\" content=\"Escrito por\" \/>\n\t<meta name=\"twitter:data1\" content=\"adminMAO\" \/>\n\t<meta name=\"twitter:label2\" content=\"Tiempo de lectura\" \/>\n\t<meta name=\"twitter:data2\" content=\"1 minuto\" \/>\n<script type=\"application\/ld+json\" class=\"yoast-schema-graph\">{\"@context\":\"https:\/\/schema.org\",\"@graph\":[{\"@type\":\"Article\",\"@id\":\"https:\/\/corporacionpba.org\/nuevo\/ayuda-alimentaria-a-familias-vulnerables\/#article\",\"isPartOf\":{\"@id\":\"https:\/\/corporacionpba.org\/nuevo\/ayuda-alimentaria-a-familias-vulnerables\/\"},\"author\":{\"name\":\"adminMAO\",\"@id\":\"https:\/\/corporacionpba.org\/nuevo\/#\/schema\/person\/2afc3982f9e2f023fdf3b43d4ce4b3b7\"},\"headline\":\"Ayuda alimentaria a familias vulnerables\",\"datePublished\":\"2020-06-15T14:15:33+00:00\",\"dateModified\":\"2020-06-22T13:46:05+00:00\",\"mainEntityOfPage\":{\"@id\":\"https:\/\/corporacionpba.org\/nuevo\/ayuda-alimentaria-a-familias-vulnerables\/\"},\"wordCount\":127,\"commentCount\":0,\"image\":{\"@id\":\"https:\/\/corporacionpba.org\/nuevo\/ayuda-alimentaria-a-familias-vulnerables\/#primaryimage\"},\"thumbnailUrl\":\"https:\/\/corporacionpba.org\/nuevo\/wp-content\/uploads\/2020\/06\/art-09.jpg\",\"articleSection\":[\"Art\u00edculo\",\"SliderINICIO\"],\"inLanguage\":\"es\",\"potentialAction\":[{\"@type\":\"CommentAction\",\"name\":\"Comment\",\"target\":[\"https:\/\/corporacionpba.org\/nuevo\/ayuda-alimentaria-a-familias-vulnerables\/#respond\"]}]},{\"@type\":\"WebPage\",\"@id\":\"https:\/\/corporacionpba.org\/nuevo\/ayuda-alimentaria-a-familias-vulnerables\/\",\"url\":\"https:\/\/corporacionpba.org\/nuevo\/ayuda-alimentaria-a-familias-vulnerables\/\",\"name\":\"Ayuda alimentaria a familias vulnerables - Corporacion PBA\",\"isPartOf\":{\"@id\":\"https:\/\/corporacionpba.org\/nuevo\/#website\"},\"primaryImageOfPage\":{\"@id\":\"https:\/\/corporacionpba.org\/nuevo\/ayuda-alimentaria-a-familias-vulnerables\/#primaryimage\"},\"image\":{\"@id\":\"https:\/\/corporacionpba.org\/nuevo\/ayuda-alimentaria-a-familias-vulnerables\/#primaryimage\"},\"thumbnailUrl\":\"https:\/\/corporacionpba.org\/nuevo\/wp-content\/uploads\/2020\/06\/art-09.jpg\",\"datePublished\":\"2020-06-15T14:15:33+00:00\",\"dateModified\":\"2020-06-22T13:46:05+00:00\",\"author\":{\"@id\":\"https:\/\/corporacionpba.org\/nuevo\/#\/schema\/person\/2afc3982f9e2f023fdf3b43d4ce4b3b7\"},\"breadcrumb\":{\"@id\":\"https:\/\/corporacionpba.org\/nuevo\/ayuda-alimentaria-a-familias-vulnerables\/#breadcrumb\"},\"inLanguage\":\"es\",\"potentialAction\":[{\"@type\":\"ReadAction\",\"target\":[\"https:\/\/corporacionpba.org\/nuevo\/ayuda-alimentaria-a-familias-vulnerables\/\"]}]},{\"@type\":\"ImageObject\",\"inLanguage\":\"es\",\"@id\":\"https:\/\/corporacionpba.org\/nuevo\/ayuda-alimentaria-a-familias-vulnerables\/#primaryimage\",\"url\":\"https:\/\/corporacionpba.org\/nuevo\/wp-content\/uploads\/2020\/06\/art-09.jpg\",\"contentUrl\":\"https:\/\/corporacionpba.org\/nuevo\/wp-content\/uploads\/2020\/06\/art-09.jpg\",\"width\":600,\"height\":600},{\"@type\":\"BreadcrumbList\",\"@id\":\"https:\/\/corporacionpba.org\/nuevo\/ayuda-alimentaria-a-familias-vulnerables\/#breadcrumb\",\"itemListElement\":[{\"@type\":\"ListItem\",\"position\":1,\"name\":\"Portada\",\"item\":\"https:\/\/corporacionpba.org\/nuevo\/\"},{\"@type\":\"ListItem\",\"position\":2,\"name\":\"Ayuda alimentaria a familias vulnerables\"}]},{\"@type\":\"WebSite\",\"@id\":\"https:\/\/corporacionpba.org\/nuevo\/#website\",\"url\":\"https:\/\/corporacionpba.org\/nuevo\/\",\"name\":\"Corporacion PBA\",\"description\":\"Innovaci&oacute;n Rural para el Desarrollo\",\"potentialAction\":[{\"@type\":\"SearchAction\",\"target\":{\"@type\":\"EntryPoint\",\"urlTemplate\":\"https:\/\/corporacionpba.org\/nuevo\/?s={search_term_string}\"},\"query-input\":{\"@type\":\"PropertyValueSpecification\",\"valueRequired\":true,\"valueName\":\"search_term_string\"}}],\"inLanguage\":\"es\"},{\"@type\":\"Person\",\"@id\":\"https:\/\/corporacionpba.org\/nuevo\/#\/schema\/person\/2afc3982f9e2f023fdf3b43d4ce4b3b7\",\"name\":\"adminMAO\",\"image\":{\"@type\":\"ImageObject\",\"inLanguage\":\"es\",\"@id\":\"https:\/\/secure.gravatar.com\/avatar\/59aa8da0e6eecfa55967a19706053b4fba3b146cebb13c8d724ffc29cf8e73b5?s=96&d=mm&r=g\",\"url\":\"https:\/\/secure.gravatar.com\/avatar\/59aa8da0e6eecfa55967a19706053b4fba3b146cebb13c8d724ffc29cf8e73b5?s=96&d=mm&r=g\",\"contentUrl\":\"https:\/\/secure.gravatar.com\/avatar\/59aa8da0e6eecfa55967a19706053b4fba3b146cebb13c8d724ffc29cf8e73b5?s=96&d=mm&r=g\",\"caption\":\"adminMAO\"},\"sameAs\":[\"https:\/\/corporacionpba.org\/nuevo\"],\"url\":\"https:\/\/corporacionpba.org\/nuevo\/author\/adminMAO\/\"}]}<\/script>\n<!-- \/ Yoast SEO plugin. -->","yoast_head_json":{"title":"Ayuda alimentaria a familias vulnerables - Corporacion PBA","robots":{"index":"index","follow":"follow","max-snippet":"max-snippet:-1","max-image-preview":"max-image-preview:large","max-video-preview":"max-video-preview:-1"},"canonical":"https:\/\/corporacionpba.org\/nuevo\/ayuda-alimentaria-a-familias-vulnerables\/","og_locale":"es_ES","og_type":"article","og_title":"Ayuda alimentaria a familias vulnerables - Corporacion PBA","og_description":"[et_pb_section][et_pb_row][et_pb_column type=\u00bb4_4&#8243;][et_pb_text] Como mencion\u00f3\u00a0nuestro\u00a0Director Ejecutivo\u00a0en su blog,\u00a0las fundaciones Bol\u00edvar Davivienda y Grupos Bios y\u00a0la Corporaci\u00f3n PBA acordaron llevar ayuda alimentaria a las familias m\u00e1s vulnerables de las comunidades que acompa\u00f1amos y de algunas comunidades vecinas. El proceso se adelant\u00f3 con la colaboraci\u00f3n entusiasta de los miembros de las organizaciones y de los\u00a0Grupos Participativos Locales, como [&hellip;]","og_url":"https:\/\/corporacionpba.org\/nuevo\/ayuda-alimentaria-a-familias-vulnerables\/","og_site_name":"Corporacion PBA","article_published_time":"2020-06-15T14:15:33+00:00","article_modified_time":"2020-06-22T13:46:05+00:00","og_image":[{"width":600,"height":600,"url":"https:\/\/corporacionpba.org\/nuevo\/wp-content\/uploads\/2020\/06\/art-09.jpg","type":"image\/jpeg"}],"author":"adminMAO","twitter_card":"summary_large_image","twitter_misc":{"Escrito por":"adminMAO","Tiempo de lectura":"1 minuto"},"schema":{"@context":"https:\/\/schema.org","@graph":[{"@type":"Article","@id":"https:\/\/corporacionpba.org\/nuevo\/ayuda-alimentaria-a-familias-vulnerables\/#article","isPartOf":{"@id":"https:\/\/corporacionpba.org\/nuevo\/ayuda-alimentaria-a-familias-vulnerables\/"},"author":{"name":"adminMAO","@id":"https:\/\/corporacionpba.org\/nuevo\/#\/schema\/person\/2afc3982f9e2f023fdf3b43d4ce4b3b7"},"headline":"Ayuda alimentaria a familias vulnerables","datePublished":"2020-06-15T14:15:33+00:00","dateModified":"2020-06-22T13:46:05+00:00","mainEntityOfPage":{"@id":"https:\/\/corporacionpba.org\/nuevo\/ayuda-alimentaria-a-familias-vulnerables\/"},"wordCount":127,"commentCount":0,"image":{"@id":"https:\/\/corporacionpba.org\/nuevo\/ayuda-alimentaria-a-familias-vulnerables\/#primaryimage"},"thumbnailUrl":"https:\/\/corporacionpba.org\/nuevo\/wp-content\/uploads\/2020\/06\/art-09.jpg","articleSection":["Art\u00edculo","SliderINICIO"],"inLanguage":"es","potentialAction":[{"@type":"CommentAction","name":"Comment","target":["https:\/\/corporacionpba.org\/nuevo\/ayuda-alimentaria-a-familias-vulnerables\/#respond"]}]},{"@type":"WebPage","@id":"https:\/\/corporacionpba.org\/nuevo\/ayuda-alimentaria-a-familias-vulnerables\/","url":"https:\/\/corporacionpba.org\/nuevo\/ayuda-alimentaria-a-familias-vulnerables\/","name":"Ayuda alimentaria a familias vulnerables - Corporacion PBA","isPartOf":{"@id":"https:\/\/corporacionpba.org\/nuevo\/#website"},"primaryImageOfPage":{"@id":"https:\/\/corporacionpba.org\/nuevo\/ayuda-alimentaria-a-familias-vulnerables\/#primaryimage"},"image":{"@id":"https:\/\/corporacionpba.org\/nuevo\/ayuda-alimentaria-a-familias-vulnerables\/#primaryimage"},"thumbnailUrl":"https:\/\/corporacionpba.org\/nuevo\/wp-content\/uploads\/2020\/06\/art-09.jpg","datePublished":"2020-06-15T14:15:33+00:00","dateModified":"2020-06-22T13:46:05+00:00","author":{"@id":"https:\/\/corporacionpba.org\/nuevo\/#\/schema\/person\/2afc3982f9e2f023fdf3b43d4ce4b3b7"},"breadcrumb":{"@id":"https:\/\/corporacionpba.org\/nuevo\/ayuda-alimentaria-a-familias-vulnerables\/#breadcrumb"},"inLanguage":"es","potentialAction":[{"@type":"ReadAction","target":["https:\/\/corporacionpba.org\/nuevo\/ayuda-alimentaria-a-familias-vulnerables\/"]}]},{"@type":"ImageObject","inLanguage":"es","@id":"https:\/\/corporacionpba.org\/nuevo\/ayuda-alimentaria-a-familias-vulnerables\/#primaryimage","url":"https:\/\/corporacionpba.org\/nuevo\/wp-content\/uploads\/2020\/06\/art-09.jpg","contentUrl":"https:\/\/corporacionpba.org\/nuevo\/wp-content\/uploads\/2020\/06\/art-09.jpg","width":600,"height":600},{"@type":"BreadcrumbList","@id":"https:\/\/corporacionpba.org\/nuevo\/ayuda-alimentaria-a-familias-vulnerables\/#breadcrumb","itemListElement":[{"@type":"ListItem","position":1,"name":"Portada","item":"https:\/\/corporacionpba.org\/nuevo\/"},{"@type":"ListItem","position":2,"name":"Ayuda alimentaria a familias vulnerables"}]},{"@type":"WebSite","@id":"https:\/\/corporacionpba.org\/nuevo\/#website","url":"https:\/\/corporacionpba.org\/nuevo\/","name":"Corporacion PBA","description":"Innovaci&oacute;n Rural para el Desarrollo","potentialAction":[{"@type":"SearchAction","target":{"@type":"EntryPoint","urlTemplate":"https:\/\/corporacionpba.org\/nuevo\/?s={search_term_string}"},"query-input":{"@type":"PropertyValueSpecification","valueRequired":true,"valueName":"search_term_string"}}],"inLanguage":"es"},{"@type":"Person","@id":"https:\/\/corporacionpba.org\/nuevo\/#\/schema\/person\/2afc3982f9e2f023fdf3b43d4ce4b3b7","name":"adminMAO","image":{"@type":"ImageObject","inLanguage":"es","@id":"https:\/\/secure.gravatar.com\/avatar\/59aa8da0e6eecfa55967a19706053b4fba3b146cebb13c8d724ffc29cf8e73b5?s=96&d=mm&r=g","url":"https:\/\/secure.gravatar.com\/avatar\/59aa8da0e6eecfa55967a19706053b4fba3b146cebb13c8d724ffc29cf8e73b5?s=96&d=mm&r=g","contentUrl":"https:\/\/secure.gravatar.com\/avatar\/59aa8da0e6eecfa55967a19706053b4fba3b146cebb13c8d724ffc29cf8e73b5?s=96&d=mm&r=g","caption":"adminMAO"},"sameAs":["https:\/\/corporacionpba.org\/nuevo"],"url":"https:\/\/corporacionpba.org\/nuevo\/author\/adminMAO\/"}]}},"_links":{"self":[{"href":"https:\/\/corporacionpba.org\/nuevo\/wp-json\/wp\/v2\/posts\/816","targetHints":{"allow":["GET"]}}],"collection":[{"href":"https:\/\/corporacionpba.org\/nuevo\/wp-json\/wp\/v2\/posts"}],"about":[{"href":"https:\/\/corporacionpba.org\/nuevo\/wp-json\/wp\/v2\/types\/post"}],"author":[{"embeddable":true,"href":"https:\/\/corporacionpba.org\/nuevo\/wp-json\/wp\/v2\/users\/1"}],"replies":[{"embeddable":true,"href":"https:\/\/corporacionpba.org\/nuevo\/wp-json\/wp\/v2\/comments?post=816"}],"version-history":[{"count":3,"href":"https:\/\/corporacionpba.org\/nuevo\/wp-json\/wp\/v2\/posts\/816\/revisions"}],"predecessor-version":[{"id":1047,"href":"https:\/\/corporacionpba.org\/nuevo\/wp-json\/wp\/v2\/posts\/816\/revisions\/1047"}],"wp:featuredmedia":[{"embeddable":true,"href":"https:\/\/corporacionpba.org\/nuevo\/wp-json\/wp\/v2\/media\/845"}],"wp:attachment":[{"href":"https:\/\/corporacionpba.org\/nuevo\/wp-json\/wp\/v2\/media?parent=816"}],"wp:term":[{"taxonomy":"category","embeddable":true,"href":"https:\/\/corporacionpba.org\/nuevo\/wp-json\/wp\/v2\/categories?post=816"},{"taxonomy":"post_tag","embeddable":true,"href":"https:\/\/corporacionpba.org\/nuevo\/wp-json\/wp\/v2\/tags?post=816"}],"curies":[{"name":"wp","href":"https:\/\/api.w.org\/{rel}","templated":true}]}}