{"id":850,"date":"2019-09-28T15:05:41","date_gmt":"2019-09-28T15:05:41","guid":{"rendered":"https:\/\/corporacionpba.org\/nuevo\/?p=850"},"modified":"2020-08-27T22:35:42","modified_gmt":"2020-08-27T22:35:42","slug":"promoviendo-el-turismo-responsable-y-comunitario-en-la-region-caribe","status":"publish","type":"post","link":"https:\/\/corporacionpba.org\/nuevo\/promoviendo-el-turismo-responsable-y-comunitario-en-la-region-caribe\/","title":{"rendered":"Promoviendo el turismo responsable y comunitario en la regi\u00f3n Caribe"},"content":{"rendered":"<p>[et_pb_section][et_pb_row][et_pb_column type=\u00bb4_4&#8243;][et_pb_text]<\/p>\n<p><img loading=\"lazy\" decoding=\"async\" class=\"wp-image-1095 alignleft\" src=\"https:\/\/corporacionpba.org\/nuevo\/wp-content\/uploads\/2019\/06\/Harambee.png\" alt=\"\" width=\"302\" height=\"151\" \/><br \/>\n<span class=\"chapo\">Desde hace algunos a\u00f1os la Corporaci\u00f3n PBA ha venido acompa\u00f1ando y fortaleciendo<\/span>\u00a0a varias organizaciones de productores y comunidades \u00e9tnicas que hacen parte del Sistema Territorial de Innovaci\u00f3n (STI) de la Zona Costanera de C\u00f3rdoba y Sucre. Se han conformado comisiones de temas espec\u00edficos que trabajan en todo el territorio y, en los \u00faltimos meses, se ha impulsado el fortalecimiento integral en los aspectos sociales, productivos y empresariales-comerciales, contribuyendo a la generaci\u00f3n de empleo en la comunidad y al incremento de sus ingresos.<\/p>\n<p>Dentro de la comisi\u00f3n de turismo, y de las distintas organizaciones que hacen parte de este proceso, se encuentra la agencia tur\u00edstica Harambee, del Consejo Comunitario Afrodescendiente Manuel Zapata Olivella, en el municipio de San Antero. Como parte del proceso y del fortalecimiento de su propuesta de turismo \u00e9tnico, cultural, rural y comunitario, Harambee realiz\u00f3 un video para promocionar sus servicios, que compartimos a continuaci\u00f3n.<\/p>\n<p>[\/et_pb_text][\/et_pb_column][\/et_pb_row][\/et_pb_section]<\/p>\n","protected":false},"excerpt":{"rendered":"<p>[et_pb_section][et_pb_row][et_pb_column type=\u00bb4_4&#8243;][et_pb_text] Desde hace algunos a\u00f1os la Corporaci\u00f3n PBA ha venido acompa\u00f1ando y fortaleciendo\u00a0a varias organizaciones de productores y comunidades \u00e9tnicas que hacen parte del Sistema Territorial de Innovaci\u00f3n (STI) de la Zona Costanera de C\u00f3rdoba y Sucre. Se han conformado comisiones de temas espec\u00edficos que trabajan en todo el territorio y, en los \u00faltimos [&hellip;]<\/p>\n","protected":false},"author":1,"featured_media":856,"comment_status":"open","ping_status":"open","sticky":false,"template":"","format":"standard","meta":{"_et_pb_use_builder":"on","_et_pb_old_content":"<p><img class=\"wp-image-1095 alignleft\" src=\"https:\/\/corporacionpba.org\/nuevo\/wp-content\/uploads\/2019\/06\/Harambee.png\" alt=\"\" width=\"302\" height=\"151\" \/><br \/><span class=\"chapo\">Desde hace algunos a\u00f1os la Corporaci\u00f3n PBA ha venido acompa\u00f1ando y fortaleciendo<\/span>\u00a0a varias organizaciones de productores y comunidades \u00e9tnicas que hacen parte del Sistema Territorial de Innovaci\u00f3n (STI) de la Zona Costanera de C\u00f3rdoba y Sucre. Se han conformado comisiones de temas espec\u00edficos que trabajan en todo el territorio y, en los \u00faltimos meses, se ha impulsado el fortalecimiento integral en los aspectos sociales, productivos y empresariales-comerciales, contribuyendo a la generaci\u00f3n de empleo en la comunidad y al incremento de sus ingresos.<\/p><p>Dentro de la comisi\u00f3n de turismo, y de las distintas organizaciones que hacen parte de este proceso, se encuentra la agencia tur\u00edstica Harambee, del Consejo Comunitario Afrodescendiente Manuel Zapata Olivella, en el municipio de San Antero. Como parte del proceso y del fortalecimiento de su propuesta de turismo \u00e9tnico, cultural, rural y comunitario, Harambee realiz\u00f3 un video para promocionar sus servicios, que compartimos a continuaci\u00f3n.<\/p>","footnotes":""},"categories":[11],"tags":[],"class_list":["post-850","post","type-post","status-publish","format-standard","has-post-thumbnail","hentry","category-articulo"],"yoast_head":"<!-- This site is optimized with the Yoast SEO plugin v27.2 - https:\/\/yoast.com\/product\/yoast-seo-wordpress\/ -->\n<title>Promoviendo el turismo responsable y comunitario en la regi\u00f3n Caribe - Corporacion PBA<\/title>\n<meta name=\"robots\" content=\"index, follow, max-snippet:-1, max-image-preview:large, max-video-preview:-1\" \/>\n<link rel=\"canonical\" href=\"https:\/\/corporacionpba.org\/nuevo\/promoviendo-el-turismo-responsable-y-comunitario-en-la-region-caribe\/\" \/>\n<meta property=\"og:locale\" content=\"es_ES\" \/>\n<meta property=\"og:type\" content=\"article\" \/>\n<meta property=\"og:title\" content=\"Promoviendo el turismo responsable y comunitario en la regi\u00f3n Caribe - Corporacion PBA\" \/>\n<meta property=\"og:description\" content=\"[et_pb_section][et_pb_row][et_pb_column type=\u00bb4_4&#8243;][et_pb_text] Desde hace algunos a\u00f1os la Corporaci\u00f3n PBA ha venido acompa\u00f1ando y fortaleciendo\u00a0a varias organizaciones de productores y comunidades \u00e9tnicas que hacen parte del Sistema Territorial de Innovaci\u00f3n (STI) de la Zona Costanera de C\u00f3rdoba y Sucre. Se han conformado comisiones de temas espec\u00edficos que trabajan en todo el territorio y, en los \u00faltimos [&hellip;]\" \/>\n<meta property=\"og:url\" content=\"https:\/\/corporacionpba.org\/nuevo\/promoviendo-el-turismo-responsable-y-comunitario-en-la-region-caribe\/\" \/>\n<meta property=\"og:site_name\" content=\"Corporacion PBA\" \/>\n<meta property=\"article:published_time\" content=\"2019-09-28T15:05:41+00:00\" \/>\n<meta property=\"article:modified_time\" content=\"2020-08-27T22:35:42+00:00\" \/>\n<meta property=\"og:image\" content=\"https:\/\/corporacionpba.org\/nuevo\/wp-content\/uploads\/2020\/06\/art-15.jpg\" \/>\n\t<meta property=\"og:image:width\" content=\"600\" \/>\n\t<meta property=\"og:image:height\" content=\"600\" \/>\n\t<meta property=\"og:image:type\" content=\"image\/jpeg\" \/>\n<meta name=\"author\" content=\"adminMAO\" \/>\n<meta name=\"twitter:card\" content=\"summary_large_image\" \/>\n<meta name=\"twitter:label1\" content=\"Escrito por\" \/>\n\t<meta name=\"twitter:data1\" content=\"adminMAO\" \/>\n\t<meta name=\"twitter:label2\" content=\"Tiempo de lectura\" \/>\n\t<meta name=\"twitter:data2\" content=\"1 minuto\" \/>\n<script type=\"application\/ld+json\" class=\"yoast-schema-graph\">{\"@context\":\"https:\/\/schema.org\",\"@graph\":[{\"@type\":\"Article\",\"@id\":\"https:\/\/corporacionpba.org\/nuevo\/promoviendo-el-turismo-responsable-y-comunitario-en-la-region-caribe\/#article\",\"isPartOf\":{\"@id\":\"https:\/\/corporacionpba.org\/nuevo\/promoviendo-el-turismo-responsable-y-comunitario-en-la-region-caribe\/\"},\"author\":{\"name\":\"adminMAO\",\"@id\":\"https:\/\/corporacionpba.org\/nuevo\/#\/schema\/person\/2afc3982f9e2f023fdf3b43d4ce4b3b7\"},\"headline\":\"Promoviendo el turismo responsable y comunitario en la regi\u00f3n Caribe\",\"datePublished\":\"2019-09-28T15:05:41+00:00\",\"dateModified\":\"2020-08-27T22:35:42+00:00\",\"mainEntityOfPage\":{\"@id\":\"https:\/\/corporacionpba.org\/nuevo\/promoviendo-el-turismo-responsable-y-comunitario-en-la-region-caribe\/\"},\"wordCount\":194,\"commentCount\":0,\"image\":{\"@id\":\"https:\/\/corporacionpba.org\/nuevo\/promoviendo-el-turismo-responsable-y-comunitario-en-la-region-caribe\/#primaryimage\"},\"thumbnailUrl\":\"https:\/\/corporacionpba.org\/nuevo\/wp-content\/uploads\/2020\/06\/art-15.jpg\",\"articleSection\":[\"Art\u00edculo\"],\"inLanguage\":\"es\",\"potentialAction\":[{\"@type\":\"CommentAction\",\"name\":\"Comment\",\"target\":[\"https:\/\/corporacionpba.org\/nuevo\/promoviendo-el-turismo-responsable-y-comunitario-en-la-region-caribe\/#respond\"]}]},{\"@type\":\"WebPage\",\"@id\":\"https:\/\/corporacionpba.org\/nuevo\/promoviendo-el-turismo-responsable-y-comunitario-en-la-region-caribe\/\",\"url\":\"https:\/\/corporacionpba.org\/nuevo\/promoviendo-el-turismo-responsable-y-comunitario-en-la-region-caribe\/\",\"name\":\"Promoviendo el turismo responsable y comunitario en la regi\u00f3n Caribe - Corporacion PBA\",\"isPartOf\":{\"@id\":\"https:\/\/corporacionpba.org\/nuevo\/#website\"},\"primaryImageOfPage\":{\"@id\":\"https:\/\/corporacionpba.org\/nuevo\/promoviendo-el-turismo-responsable-y-comunitario-en-la-region-caribe\/#primaryimage\"},\"image\":{\"@id\":\"https:\/\/corporacionpba.org\/nuevo\/promoviendo-el-turismo-responsable-y-comunitario-en-la-region-caribe\/#primaryimage\"},\"thumbnailUrl\":\"https:\/\/corporacionpba.org\/nuevo\/wp-content\/uploads\/2020\/06\/art-15.jpg\",\"datePublished\":\"2019-09-28T15:05:41+00:00\",\"dateModified\":\"2020-08-27T22:35:42+00:00\",\"author\":{\"@id\":\"https:\/\/corporacionpba.org\/nuevo\/#\/schema\/person\/2afc3982f9e2f023fdf3b43d4ce4b3b7\"},\"breadcrumb\":{\"@id\":\"https:\/\/corporacionpba.org\/nuevo\/promoviendo-el-turismo-responsable-y-comunitario-en-la-region-caribe\/#breadcrumb\"},\"inLanguage\":\"es\",\"potentialAction\":[{\"@type\":\"ReadAction\",\"target\":[\"https:\/\/corporacionpba.org\/nuevo\/promoviendo-el-turismo-responsable-y-comunitario-en-la-region-caribe\/\"]}]},{\"@type\":\"ImageObject\",\"inLanguage\":\"es\",\"@id\":\"https:\/\/corporacionpba.org\/nuevo\/promoviendo-el-turismo-responsable-y-comunitario-en-la-region-caribe\/#primaryimage\",\"url\":\"https:\/\/corporacionpba.org\/nuevo\/wp-content\/uploads\/2020\/06\/art-15.jpg\",\"contentUrl\":\"https:\/\/corporacionpba.org\/nuevo\/wp-content\/uploads\/2020\/06\/art-15.jpg\",\"width\":600,\"height\":600},{\"@type\":\"BreadcrumbList\",\"@id\":\"https:\/\/corporacionpba.org\/nuevo\/promoviendo-el-turismo-responsable-y-comunitario-en-la-region-caribe\/#breadcrumb\",\"itemListElement\":[{\"@type\":\"ListItem\",\"position\":1,\"name\":\"Portada\",\"item\":\"https:\/\/corporacionpba.org\/nuevo\/\"},{\"@type\":\"ListItem\",\"position\":2,\"name\":\"Promoviendo el turismo responsable y comunitario en la regi\u00f3n Caribe\"}]},{\"@type\":\"WebSite\",\"@id\":\"https:\/\/corporacionpba.org\/nuevo\/#website\",\"url\":\"https:\/\/corporacionpba.org\/nuevo\/\",\"name\":\"Corporacion PBA\",\"description\":\"Innovaci&oacute;n Rural para el Desarrollo\",\"potentialAction\":[{\"@type\":\"SearchAction\",\"target\":{\"@type\":\"EntryPoint\",\"urlTemplate\":\"https:\/\/corporacionpba.org\/nuevo\/?s={search_term_string}\"},\"query-input\":{\"@type\":\"PropertyValueSpecification\",\"valueRequired\":true,\"valueName\":\"search_term_string\"}}],\"inLanguage\":\"es\"},{\"@type\":\"Person\",\"@id\":\"https:\/\/corporacionpba.org\/nuevo\/#\/schema\/person\/2afc3982f9e2f023fdf3b43d4ce4b3b7\",\"name\":\"adminMAO\",\"image\":{\"@type\":\"ImageObject\",\"inLanguage\":\"es\",\"@id\":\"https:\/\/secure.gravatar.com\/avatar\/59aa8da0e6eecfa55967a19706053b4fba3b146cebb13c8d724ffc29cf8e73b5?s=96&d=mm&r=g\",\"url\":\"https:\/\/secure.gravatar.com\/avatar\/59aa8da0e6eecfa55967a19706053b4fba3b146cebb13c8d724ffc29cf8e73b5?s=96&d=mm&r=g\",\"contentUrl\":\"https:\/\/secure.gravatar.com\/avatar\/59aa8da0e6eecfa55967a19706053b4fba3b146cebb13c8d724ffc29cf8e73b5?s=96&d=mm&r=g\",\"caption\":\"adminMAO\"},\"sameAs\":[\"https:\/\/corporacionpba.org\/nuevo\"],\"url\":\"https:\/\/corporacionpba.org\/nuevo\/author\/adminMAO\/\"}]}<\/script>\n<!-- \/ Yoast SEO plugin. -->","yoast_head_json":{"title":"Promoviendo el turismo responsable y comunitario en la regi\u00f3n Caribe - Corporacion PBA","robots":{"index":"index","follow":"follow","max-snippet":"max-snippet:-1","max-image-preview":"max-image-preview:large","max-video-preview":"max-video-preview:-1"},"canonical":"https:\/\/corporacionpba.org\/nuevo\/promoviendo-el-turismo-responsable-y-comunitario-en-la-region-caribe\/","og_locale":"es_ES","og_type":"article","og_title":"Promoviendo el turismo responsable y comunitario en la regi\u00f3n Caribe - Corporacion PBA","og_description":"[et_pb_section][et_pb_row][et_pb_column type=\u00bb4_4&#8243;][et_pb_text] Desde hace algunos a\u00f1os la Corporaci\u00f3n PBA ha venido acompa\u00f1ando y fortaleciendo\u00a0a varias organizaciones de productores y comunidades \u00e9tnicas que hacen parte del Sistema Territorial de Innovaci\u00f3n (STI) de la Zona Costanera de C\u00f3rdoba y Sucre. Se han conformado comisiones de temas espec\u00edficos que trabajan en todo el territorio y, en los \u00faltimos [&hellip;]","og_url":"https:\/\/corporacionpba.org\/nuevo\/promoviendo-el-turismo-responsable-y-comunitario-en-la-region-caribe\/","og_site_name":"Corporacion PBA","article_published_time":"2019-09-28T15:05:41+00:00","article_modified_time":"2020-08-27T22:35:42+00:00","og_image":[{"width":600,"height":600,"url":"https:\/\/corporacionpba.org\/nuevo\/wp-content\/uploads\/2020\/06\/art-15.jpg","type":"image\/jpeg"}],"author":"adminMAO","twitter_card":"summary_large_image","twitter_misc":{"Escrito por":"adminMAO","Tiempo de lectura":"1 minuto"},"schema":{"@context":"https:\/\/schema.org","@graph":[{"@type":"Article","@id":"https:\/\/corporacionpba.org\/nuevo\/promoviendo-el-turismo-responsable-y-comunitario-en-la-region-caribe\/#article","isPartOf":{"@id":"https:\/\/corporacionpba.org\/nuevo\/promoviendo-el-turismo-responsable-y-comunitario-en-la-region-caribe\/"},"author":{"name":"adminMAO","@id":"https:\/\/corporacionpba.org\/nuevo\/#\/schema\/person\/2afc3982f9e2f023fdf3b43d4ce4b3b7"},"headline":"Promoviendo el turismo responsable y comunitario en la regi\u00f3n Caribe","datePublished":"2019-09-28T15:05:41+00:00","dateModified":"2020-08-27T22:35:42+00:00","mainEntityOfPage":{"@id":"https:\/\/corporacionpba.org\/nuevo\/promoviendo-el-turismo-responsable-y-comunitario-en-la-region-caribe\/"},"wordCount":194,"commentCount":0,"image":{"@id":"https:\/\/corporacionpba.org\/nuevo\/promoviendo-el-turismo-responsable-y-comunitario-en-la-region-caribe\/#primaryimage"},"thumbnailUrl":"https:\/\/corporacionpba.org\/nuevo\/wp-content\/uploads\/2020\/06\/art-15.jpg","articleSection":["Art\u00edculo"],"inLanguage":"es","potentialAction":[{"@type":"CommentAction","name":"Comment","target":["https:\/\/corporacionpba.org\/nuevo\/promoviendo-el-turismo-responsable-y-comunitario-en-la-region-caribe\/#respond"]}]},{"@type":"WebPage","@id":"https:\/\/corporacionpba.org\/nuevo\/promoviendo-el-turismo-responsable-y-comunitario-en-la-region-caribe\/","url":"https:\/\/corporacionpba.org\/nuevo\/promoviendo-el-turismo-responsable-y-comunitario-en-la-region-caribe\/","name":"Promoviendo el turismo responsable y comunitario en la regi\u00f3n Caribe - Corporacion PBA","isPartOf":{"@id":"https:\/\/corporacionpba.org\/nuevo\/#website"},"primaryImageOfPage":{"@id":"https:\/\/corporacionpba.org\/nuevo\/promoviendo-el-turismo-responsable-y-comunitario-en-la-region-caribe\/#primaryimage"},"image":{"@id":"https:\/\/corporacionpba.org\/nuevo\/promoviendo-el-turismo-responsable-y-comunitario-en-la-region-caribe\/#primaryimage"},"thumbnailUrl":"https:\/\/corporacionpba.org\/nuevo\/wp-content\/uploads\/2020\/06\/art-15.jpg","datePublished":"2019-09-28T15:05:41+00:00","dateModified":"2020-08-27T22:35:42+00:00","author":{"@id":"https:\/\/corporacionpba.org\/nuevo\/#\/schema\/person\/2afc3982f9e2f023fdf3b43d4ce4b3b7"},"breadcrumb":{"@id":"https:\/\/corporacionpba.org\/nuevo\/promoviendo-el-turismo-responsable-y-comunitario-en-la-region-caribe\/#breadcrumb"},"inLanguage":"es","potentialAction":[{"@type":"ReadAction","target":["https:\/\/corporacionpba.org\/nuevo\/promoviendo-el-turismo-responsable-y-comunitario-en-la-region-caribe\/"]}]},{"@type":"ImageObject","inLanguage":"es","@id":"https:\/\/corporacionpba.org\/nuevo\/promoviendo-el-turismo-responsable-y-comunitario-en-la-region-caribe\/#primaryimage","url":"https:\/\/corporacionpba.org\/nuevo\/wp-content\/uploads\/2020\/06\/art-15.jpg","contentUrl":"https:\/\/corporacionpba.org\/nuevo\/wp-content\/uploads\/2020\/06\/art-15.jpg","width":600,"height":600},{"@type":"BreadcrumbList","@id":"https:\/\/corporacionpba.org\/nuevo\/promoviendo-el-turismo-responsable-y-comunitario-en-la-region-caribe\/#breadcrumb","itemListElement":[{"@type":"ListItem","position":1,"name":"Portada","item":"https:\/\/corporacionpba.org\/nuevo\/"},{"@type":"ListItem","position":2,"name":"Promoviendo el turismo responsable y comunitario en la regi\u00f3n Caribe"}]},{"@type":"WebSite","@id":"https:\/\/corporacionpba.org\/nuevo\/#website","url":"https:\/\/corporacionpba.org\/nuevo\/","name":"Corporacion PBA","description":"Innovaci&oacute;n Rural para el Desarrollo","potentialAction":[{"@type":"SearchAction","target":{"@type":"EntryPoint","urlTemplate":"https:\/\/corporacionpba.org\/nuevo\/?s={search_term_string}"},"query-input":{"@type":"PropertyValueSpecification","valueRequired":true,"valueName":"search_term_string"}}],"inLanguage":"es"},{"@type":"Person","@id":"https:\/\/corporacionpba.org\/nuevo\/#\/schema\/person\/2afc3982f9e2f023fdf3b43d4ce4b3b7","name":"adminMAO","image":{"@type":"ImageObject","inLanguage":"es","@id":"https:\/\/secure.gravatar.com\/avatar\/59aa8da0e6eecfa55967a19706053b4fba3b146cebb13c8d724ffc29cf8e73b5?s=96&d=mm&r=g","url":"https:\/\/secure.gravatar.com\/avatar\/59aa8da0e6eecfa55967a19706053b4fba3b146cebb13c8d724ffc29cf8e73b5?s=96&d=mm&r=g","contentUrl":"https:\/\/secure.gravatar.com\/avatar\/59aa8da0e6eecfa55967a19706053b4fba3b146cebb13c8d724ffc29cf8e73b5?s=96&d=mm&r=g","caption":"adminMAO"},"sameAs":["https:\/\/corporacionpba.org\/nuevo"],"url":"https:\/\/corporacionpba.org\/nuevo\/author\/adminMAO\/"}]}},"_links":{"self":[{"href":"https:\/\/corporacionpba.org\/nuevo\/wp-json\/wp\/v2\/posts\/850","targetHints":{"allow":["GET"]}}],"collection":[{"href":"https:\/\/corporacionpba.org\/nuevo\/wp-json\/wp\/v2\/posts"}],"about":[{"href":"https:\/\/corporacionpba.org\/nuevo\/wp-json\/wp\/v2\/types\/post"}],"author":[{"embeddable":true,"href":"https:\/\/corporacionpba.org\/nuevo\/wp-json\/wp\/v2\/users\/1"}],"replies":[{"embeddable":true,"href":"https:\/\/corporacionpba.org\/nuevo\/wp-json\/wp\/v2\/comments?post=850"}],"version-history":[{"count":3,"href":"https:\/\/corporacionpba.org\/nuevo\/wp-json\/wp\/v2\/posts\/850\/revisions"}],"predecessor-version":[{"id":1097,"href":"https:\/\/corporacionpba.org\/nuevo\/wp-json\/wp\/v2\/posts\/850\/revisions\/1097"}],"wp:featuredmedia":[{"embeddable":true,"href":"https:\/\/corporacionpba.org\/nuevo\/wp-json\/wp\/v2\/media\/856"}],"wp:attachment":[{"href":"https:\/\/corporacionpba.org\/nuevo\/wp-json\/wp\/v2\/media?parent=850"}],"wp:term":[{"taxonomy":"category","embeddable":true,"href":"https:\/\/corporacionpba.org\/nuevo\/wp-json\/wp\/v2\/categories?post=850"},{"taxonomy":"post_tag","embeddable":true,"href":"https:\/\/corporacionpba.org\/nuevo\/wp-json\/wp\/v2\/tags?post=850"}],"curies":[{"name":"wp","href":"https:\/\/api.w.org\/{rel}","templated":true}]}}