{"id":861,"date":"2020-03-27T15:07:05","date_gmt":"2020-03-27T15:07:05","guid":{"rendered":"https:\/\/corporacionpba.org\/nuevo\/?p=861"},"modified":"2020-08-27T22:35:17","modified_gmt":"2020-08-27T22:35:17","slug":"que-hay-detras-de-una-taza-de-cafe","status":"publish","type":"post","link":"https:\/\/corporacionpba.org\/nuevo\/que-hay-detras-de-una-taza-de-cafe\/","title":{"rendered":"\u00bfQu\u00e9 hay detr\u00e1s de una taza de caf\u00e9?"},"content":{"rendered":"<p><img loading=\"lazy\" decoding=\"async\" class=\"alignnone size-medium wp-image-851 aligncenter\" src=\"https:\/\/corporacionpba.org\/nuevo\/wp-content\/uploads\/2020\/06\/art-19-300x300.jpg\" alt=\"\" width=\"300\" height=\"300\" srcset=\"https:\/\/corporacionpba.org\/nuevo\/wp-content\/uploads\/2020\/06\/art-19-300x300.jpg 300w, https:\/\/corporacionpba.org\/nuevo\/wp-content\/uploads\/2020\/06\/art-19-150x150.jpg 150w, https:\/\/corporacionpba.org\/nuevo\/wp-content\/uploads\/2020\/06\/art-19.jpg 600w\" sizes=\"auto, (max-width: 300px) 100vw, 300px\" \/><\/p>\n<p>El caf\u00e9 se ha convertido en un referente importante de exportaci\u00f3n para Colombia, gracias a que hoy por hoy es uno de los cultivos pioneros en el pa\u00eds, por sus amplias propiedades sensoriales, organol\u00e9pticas y su alta demanda en el mercado. Detr\u00e1s de todo esto hay un arsenal de familias caficultoras. \u00a1Aqu\u00ed les contamos un poquito de su d\u00eda a d\u00eda!<\/p>\n<p>En el departamento del Huila, entre monta\u00f1as rodeadas de fincas cafeteras se encuentra el corregimiento de Monserrate, en el municipio de La Plata, en donde todas las ma\u00f1anas muchas madres cabeza de hogar salen muy temprano, casi a la par con los imponentes rayos del sol. Sin embargo, su d\u00eda laboral ha comenzado unas horas atr\u00e1s, pues antes de salir tienen la responsabilidad de sus hijos y los deberes que como madres deben cumplir. Entre los muchos sacrificios que estas caficultoras hacen est\u00e1 el dejarlos al cuidado de docentes y madres comunitarias para poder ir a trabajar.<\/p>\n<p>Lleg\u00f3 la hora de salir de casa y a pesar de tener un trabajo con requerimientos muy fuertes, poco aptos para una mujer, la jornada debe comenzar. Con balde en mano y una radiante sonrisa se sumergen en medio de los cafetales buscando que cada grano recolectado represente la esperanza de cubrir sus necesidades econ\u00f3micas, para brindarles una mejor calidad de vida. Con muchos sacrificios y un gran trabajo en equipo, entre los productores y los recolectores, se lleva a cabo un proceso muy cuidadoso para poder obtener un grano pergamino seco en \u00f3ptimas condiciones.<\/p>\n<p>Por eso, cada vez que percibimos el aroma de una buena taza de caf\u00e9 servida en nuestros hogares debemos recordar que esta viene del esfuerzo y orgullo de miles de mujeres que luchan porque esos m\u00e1gicos granos de caf\u00e9 sean valorados y porque se exalte y reconozca a la MUJER caficultora colombiana.<\/p>\n<p>Por: Luisa Andrade<br \/>\nComunicadora rural<\/p>\n","protected":false},"excerpt":{"rendered":"<p>El caf\u00e9 se ha convertido en un referente importante de exportaci\u00f3n para Colombia, gracias a que hoy por hoy es uno de los cultivos pioneros en el pa\u00eds, por sus amplias propiedades sensoriales, organol\u00e9pticas y su alta demanda en el mercado. Detr\u00e1s de todo esto hay un arsenal de familias caficultoras. \u00a1Aqu\u00ed les contamos un [&hellip;]<\/p>\n","protected":false},"author":1,"featured_media":851,"comment_status":"open","ping_status":"open","sticky":false,"template":"","format":"standard","meta":{"_et_pb_use_builder":"","_et_pb_old_content":"","footnotes":""},"categories":[11],"tags":[],"class_list":["post-861","post","type-post","status-publish","format-standard","has-post-thumbnail","hentry","category-articulo"],"yoast_head":"<!-- This site is optimized with the Yoast SEO plugin v27.2 - https:\/\/yoast.com\/product\/yoast-seo-wordpress\/ -->\n<title>\u00bfQu\u00e9 hay detr\u00e1s de una taza de caf\u00e9? - Corporacion PBA<\/title>\n<meta name=\"robots\" content=\"index, follow, max-snippet:-1, max-image-preview:large, max-video-preview:-1\" \/>\n<link rel=\"canonical\" href=\"https:\/\/corporacionpba.org\/nuevo\/que-hay-detras-de-una-taza-de-cafe\/\" \/>\n<meta property=\"og:locale\" content=\"es_ES\" \/>\n<meta property=\"og:type\" content=\"article\" \/>\n<meta property=\"og:title\" content=\"\u00bfQu\u00e9 hay detr\u00e1s de una taza de caf\u00e9? - Corporacion PBA\" \/>\n<meta property=\"og:description\" content=\"El caf\u00e9 se ha convertido en un referente importante de exportaci\u00f3n para Colombia, gracias a que hoy por hoy es uno de los cultivos pioneros en el pa\u00eds, por sus amplias propiedades sensoriales, organol\u00e9pticas y su alta demanda en el mercado. Detr\u00e1s de todo esto hay un arsenal de familias caficultoras. \u00a1Aqu\u00ed les contamos un [&hellip;]\" \/>\n<meta property=\"og:url\" content=\"https:\/\/corporacionpba.org\/nuevo\/que-hay-detras-de-una-taza-de-cafe\/\" \/>\n<meta property=\"og:site_name\" content=\"Corporacion PBA\" \/>\n<meta property=\"article:published_time\" content=\"2020-03-27T15:07:05+00:00\" \/>\n<meta property=\"article:modified_time\" content=\"2020-08-27T22:35:17+00:00\" \/>\n<meta property=\"og:image\" content=\"https:\/\/corporacionpba.org\/nuevo\/wp-content\/uploads\/2020\/06\/art-19.jpg\" \/>\n\t<meta property=\"og:image:width\" content=\"600\" \/>\n\t<meta property=\"og:image:height\" content=\"600\" \/>\n\t<meta property=\"og:image:type\" content=\"image\/jpeg\" \/>\n<meta name=\"author\" content=\"adminMAO\" \/>\n<meta name=\"twitter:card\" content=\"summary_large_image\" \/>\n<meta name=\"twitter:label1\" content=\"Escrito por\" \/>\n\t<meta name=\"twitter:data1\" content=\"adminMAO\" \/>\n\t<meta name=\"twitter:label2\" content=\"Tiempo de lectura\" \/>\n\t<meta name=\"twitter:data2\" content=\"2 minutos\" \/>\n<script type=\"application\/ld+json\" class=\"yoast-schema-graph\">{\"@context\":\"https:\/\/schema.org\",\"@graph\":[{\"@type\":\"Article\",\"@id\":\"https:\/\/corporacionpba.org\/nuevo\/que-hay-detras-de-una-taza-de-cafe\/#article\",\"isPartOf\":{\"@id\":\"https:\/\/corporacionpba.org\/nuevo\/que-hay-detras-de-una-taza-de-cafe\/\"},\"author\":{\"name\":\"adminMAO\",\"@id\":\"https:\/\/corporacionpba.org\/nuevo\/#\/schema\/person\/2afc3982f9e2f023fdf3b43d4ce4b3b7\"},\"headline\":\"\u00bfQu\u00e9 hay detr\u00e1s de una taza de caf\u00e9?\",\"datePublished\":\"2020-03-27T15:07:05+00:00\",\"dateModified\":\"2020-08-27T22:35:17+00:00\",\"mainEntityOfPage\":{\"@id\":\"https:\/\/corporacionpba.org\/nuevo\/que-hay-detras-de-una-taza-de-cafe\/\"},\"wordCount\":331,\"commentCount\":0,\"image\":{\"@id\":\"https:\/\/corporacionpba.org\/nuevo\/que-hay-detras-de-una-taza-de-cafe\/#primaryimage\"},\"thumbnailUrl\":\"https:\/\/corporacionpba.org\/nuevo\/wp-content\/uploads\/2020\/06\/art-19.jpg\",\"articleSection\":[\"Art\u00edculo\"],\"inLanguage\":\"es\",\"potentialAction\":[{\"@type\":\"CommentAction\",\"name\":\"Comment\",\"target\":[\"https:\/\/corporacionpba.org\/nuevo\/que-hay-detras-de-una-taza-de-cafe\/#respond\"]}]},{\"@type\":\"WebPage\",\"@id\":\"https:\/\/corporacionpba.org\/nuevo\/que-hay-detras-de-una-taza-de-cafe\/\",\"url\":\"https:\/\/corporacionpba.org\/nuevo\/que-hay-detras-de-una-taza-de-cafe\/\",\"name\":\"\u00bfQu\u00e9 hay detr\u00e1s de una taza de caf\u00e9? - Corporacion PBA\",\"isPartOf\":{\"@id\":\"https:\/\/corporacionpba.org\/nuevo\/#website\"},\"primaryImageOfPage\":{\"@id\":\"https:\/\/corporacionpba.org\/nuevo\/que-hay-detras-de-una-taza-de-cafe\/#primaryimage\"},\"image\":{\"@id\":\"https:\/\/corporacionpba.org\/nuevo\/que-hay-detras-de-una-taza-de-cafe\/#primaryimage\"},\"thumbnailUrl\":\"https:\/\/corporacionpba.org\/nuevo\/wp-content\/uploads\/2020\/06\/art-19.jpg\",\"datePublished\":\"2020-03-27T15:07:05+00:00\",\"dateModified\":\"2020-08-27T22:35:17+00:00\",\"author\":{\"@id\":\"https:\/\/corporacionpba.org\/nuevo\/#\/schema\/person\/2afc3982f9e2f023fdf3b43d4ce4b3b7\"},\"breadcrumb\":{\"@id\":\"https:\/\/corporacionpba.org\/nuevo\/que-hay-detras-de-una-taza-de-cafe\/#breadcrumb\"},\"inLanguage\":\"es\",\"potentialAction\":[{\"@type\":\"ReadAction\",\"target\":[\"https:\/\/corporacionpba.org\/nuevo\/que-hay-detras-de-una-taza-de-cafe\/\"]}]},{\"@type\":\"ImageObject\",\"inLanguage\":\"es\",\"@id\":\"https:\/\/corporacionpba.org\/nuevo\/que-hay-detras-de-una-taza-de-cafe\/#primaryimage\",\"url\":\"https:\/\/corporacionpba.org\/nuevo\/wp-content\/uploads\/2020\/06\/art-19.jpg\",\"contentUrl\":\"https:\/\/corporacionpba.org\/nuevo\/wp-content\/uploads\/2020\/06\/art-19.jpg\",\"width\":600,\"height\":600},{\"@type\":\"BreadcrumbList\",\"@id\":\"https:\/\/corporacionpba.org\/nuevo\/que-hay-detras-de-una-taza-de-cafe\/#breadcrumb\",\"itemListElement\":[{\"@type\":\"ListItem\",\"position\":1,\"name\":\"Portada\",\"item\":\"https:\/\/corporacionpba.org\/nuevo\/\"},{\"@type\":\"ListItem\",\"position\":2,\"name\":\"\u00bfQu\u00e9 hay detr\u00e1s de una taza de caf\u00e9?\"}]},{\"@type\":\"WebSite\",\"@id\":\"https:\/\/corporacionpba.org\/nuevo\/#website\",\"url\":\"https:\/\/corporacionpba.org\/nuevo\/\",\"name\":\"Corporacion PBA\",\"description\":\"Innovaci&oacute;n Rural para el Desarrollo\",\"potentialAction\":[{\"@type\":\"SearchAction\",\"target\":{\"@type\":\"EntryPoint\",\"urlTemplate\":\"https:\/\/corporacionpba.org\/nuevo\/?s={search_term_string}\"},\"query-input\":{\"@type\":\"PropertyValueSpecification\",\"valueRequired\":true,\"valueName\":\"search_term_string\"}}],\"inLanguage\":\"es\"},{\"@type\":\"Person\",\"@id\":\"https:\/\/corporacionpba.org\/nuevo\/#\/schema\/person\/2afc3982f9e2f023fdf3b43d4ce4b3b7\",\"name\":\"adminMAO\",\"image\":{\"@type\":\"ImageObject\",\"inLanguage\":\"es\",\"@id\":\"https:\/\/secure.gravatar.com\/avatar\/59aa8da0e6eecfa55967a19706053b4fba3b146cebb13c8d724ffc29cf8e73b5?s=96&d=mm&r=g\",\"url\":\"https:\/\/secure.gravatar.com\/avatar\/59aa8da0e6eecfa55967a19706053b4fba3b146cebb13c8d724ffc29cf8e73b5?s=96&d=mm&r=g\",\"contentUrl\":\"https:\/\/secure.gravatar.com\/avatar\/59aa8da0e6eecfa55967a19706053b4fba3b146cebb13c8d724ffc29cf8e73b5?s=96&d=mm&r=g\",\"caption\":\"adminMAO\"},\"sameAs\":[\"https:\/\/corporacionpba.org\/nuevo\"],\"url\":\"https:\/\/corporacionpba.org\/nuevo\/author\/adminMAO\/\"}]}<\/script>\n<!-- \/ Yoast SEO plugin. -->","yoast_head_json":{"title":"\u00bfQu\u00e9 hay detr\u00e1s de una taza de caf\u00e9? - Corporacion PBA","robots":{"index":"index","follow":"follow","max-snippet":"max-snippet:-1","max-image-preview":"max-image-preview:large","max-video-preview":"max-video-preview:-1"},"canonical":"https:\/\/corporacionpba.org\/nuevo\/que-hay-detras-de-una-taza-de-cafe\/","og_locale":"es_ES","og_type":"article","og_title":"\u00bfQu\u00e9 hay detr\u00e1s de una taza de caf\u00e9? - Corporacion PBA","og_description":"El caf\u00e9 se ha convertido en un referente importante de exportaci\u00f3n para Colombia, gracias a que hoy por hoy es uno de los cultivos pioneros en el pa\u00eds, por sus amplias propiedades sensoriales, organol\u00e9pticas y su alta demanda en el mercado. Detr\u00e1s de todo esto hay un arsenal de familias caficultoras. \u00a1Aqu\u00ed les contamos un [&hellip;]","og_url":"https:\/\/corporacionpba.org\/nuevo\/que-hay-detras-de-una-taza-de-cafe\/","og_site_name":"Corporacion PBA","article_published_time":"2020-03-27T15:07:05+00:00","article_modified_time":"2020-08-27T22:35:17+00:00","og_image":[{"width":600,"height":600,"url":"https:\/\/corporacionpba.org\/nuevo\/wp-content\/uploads\/2020\/06\/art-19.jpg","type":"image\/jpeg"}],"author":"adminMAO","twitter_card":"summary_large_image","twitter_misc":{"Escrito por":"adminMAO","Tiempo de lectura":"2 minutos"},"schema":{"@context":"https:\/\/schema.org","@graph":[{"@type":"Article","@id":"https:\/\/corporacionpba.org\/nuevo\/que-hay-detras-de-una-taza-de-cafe\/#article","isPartOf":{"@id":"https:\/\/corporacionpba.org\/nuevo\/que-hay-detras-de-una-taza-de-cafe\/"},"author":{"name":"adminMAO","@id":"https:\/\/corporacionpba.org\/nuevo\/#\/schema\/person\/2afc3982f9e2f023fdf3b43d4ce4b3b7"},"headline":"\u00bfQu\u00e9 hay detr\u00e1s de una taza de caf\u00e9?","datePublished":"2020-03-27T15:07:05+00:00","dateModified":"2020-08-27T22:35:17+00:00","mainEntityOfPage":{"@id":"https:\/\/corporacionpba.org\/nuevo\/que-hay-detras-de-una-taza-de-cafe\/"},"wordCount":331,"commentCount":0,"image":{"@id":"https:\/\/corporacionpba.org\/nuevo\/que-hay-detras-de-una-taza-de-cafe\/#primaryimage"},"thumbnailUrl":"https:\/\/corporacionpba.org\/nuevo\/wp-content\/uploads\/2020\/06\/art-19.jpg","articleSection":["Art\u00edculo"],"inLanguage":"es","potentialAction":[{"@type":"CommentAction","name":"Comment","target":["https:\/\/corporacionpba.org\/nuevo\/que-hay-detras-de-una-taza-de-cafe\/#respond"]}]},{"@type":"WebPage","@id":"https:\/\/corporacionpba.org\/nuevo\/que-hay-detras-de-una-taza-de-cafe\/","url":"https:\/\/corporacionpba.org\/nuevo\/que-hay-detras-de-una-taza-de-cafe\/","name":"\u00bfQu\u00e9 hay detr\u00e1s de una taza de caf\u00e9? - Corporacion PBA","isPartOf":{"@id":"https:\/\/corporacionpba.org\/nuevo\/#website"},"primaryImageOfPage":{"@id":"https:\/\/corporacionpba.org\/nuevo\/que-hay-detras-de-una-taza-de-cafe\/#primaryimage"},"image":{"@id":"https:\/\/corporacionpba.org\/nuevo\/que-hay-detras-de-una-taza-de-cafe\/#primaryimage"},"thumbnailUrl":"https:\/\/corporacionpba.org\/nuevo\/wp-content\/uploads\/2020\/06\/art-19.jpg","datePublished":"2020-03-27T15:07:05+00:00","dateModified":"2020-08-27T22:35:17+00:00","author":{"@id":"https:\/\/corporacionpba.org\/nuevo\/#\/schema\/person\/2afc3982f9e2f023fdf3b43d4ce4b3b7"},"breadcrumb":{"@id":"https:\/\/corporacionpba.org\/nuevo\/que-hay-detras-de-una-taza-de-cafe\/#breadcrumb"},"inLanguage":"es","potentialAction":[{"@type":"ReadAction","target":["https:\/\/corporacionpba.org\/nuevo\/que-hay-detras-de-una-taza-de-cafe\/"]}]},{"@type":"ImageObject","inLanguage":"es","@id":"https:\/\/corporacionpba.org\/nuevo\/que-hay-detras-de-una-taza-de-cafe\/#primaryimage","url":"https:\/\/corporacionpba.org\/nuevo\/wp-content\/uploads\/2020\/06\/art-19.jpg","contentUrl":"https:\/\/corporacionpba.org\/nuevo\/wp-content\/uploads\/2020\/06\/art-19.jpg","width":600,"height":600},{"@type":"BreadcrumbList","@id":"https:\/\/corporacionpba.org\/nuevo\/que-hay-detras-de-una-taza-de-cafe\/#breadcrumb","itemListElement":[{"@type":"ListItem","position":1,"name":"Portada","item":"https:\/\/corporacionpba.org\/nuevo\/"},{"@type":"ListItem","position":2,"name":"\u00bfQu\u00e9 hay detr\u00e1s de una taza de caf\u00e9?"}]},{"@type":"WebSite","@id":"https:\/\/corporacionpba.org\/nuevo\/#website","url":"https:\/\/corporacionpba.org\/nuevo\/","name":"Corporacion PBA","description":"Innovaci&oacute;n Rural para el Desarrollo","potentialAction":[{"@type":"SearchAction","target":{"@type":"EntryPoint","urlTemplate":"https:\/\/corporacionpba.org\/nuevo\/?s={search_term_string}"},"query-input":{"@type":"PropertyValueSpecification","valueRequired":true,"valueName":"search_term_string"}}],"inLanguage":"es"},{"@type":"Person","@id":"https:\/\/corporacionpba.org\/nuevo\/#\/schema\/person\/2afc3982f9e2f023fdf3b43d4ce4b3b7","name":"adminMAO","image":{"@type":"ImageObject","inLanguage":"es","@id":"https:\/\/secure.gravatar.com\/avatar\/59aa8da0e6eecfa55967a19706053b4fba3b146cebb13c8d724ffc29cf8e73b5?s=96&d=mm&r=g","url":"https:\/\/secure.gravatar.com\/avatar\/59aa8da0e6eecfa55967a19706053b4fba3b146cebb13c8d724ffc29cf8e73b5?s=96&d=mm&r=g","contentUrl":"https:\/\/secure.gravatar.com\/avatar\/59aa8da0e6eecfa55967a19706053b4fba3b146cebb13c8d724ffc29cf8e73b5?s=96&d=mm&r=g","caption":"adminMAO"},"sameAs":["https:\/\/corporacionpba.org\/nuevo"],"url":"https:\/\/corporacionpba.org\/nuevo\/author\/adminMAO\/"}]}},"_links":{"self":[{"href":"https:\/\/corporacionpba.org\/nuevo\/wp-json\/wp\/v2\/posts\/861","targetHints":{"allow":["GET"]}}],"collection":[{"href":"https:\/\/corporacionpba.org\/nuevo\/wp-json\/wp\/v2\/posts"}],"about":[{"href":"https:\/\/corporacionpba.org\/nuevo\/wp-json\/wp\/v2\/types\/post"}],"author":[{"embeddable":true,"href":"https:\/\/corporacionpba.org\/nuevo\/wp-json\/wp\/v2\/users\/1"}],"replies":[{"embeddable":true,"href":"https:\/\/corporacionpba.org\/nuevo\/wp-json\/wp\/v2\/comments?post=861"}],"version-history":[{"count":2,"href":"https:\/\/corporacionpba.org\/nuevo\/wp-json\/wp\/v2\/posts\/861\/revisions"}],"predecessor-version":[{"id":1098,"href":"https:\/\/corporacionpba.org\/nuevo\/wp-json\/wp\/v2\/posts\/861\/revisions\/1098"}],"wp:featuredmedia":[{"embeddable":true,"href":"https:\/\/corporacionpba.org\/nuevo\/wp-json\/wp\/v2\/media\/851"}],"wp:attachment":[{"href":"https:\/\/corporacionpba.org\/nuevo\/wp-json\/wp\/v2\/media?parent=861"}],"wp:term":[{"taxonomy":"category","embeddable":true,"href":"https:\/\/corporacionpba.org\/nuevo\/wp-json\/wp\/v2\/categories?post=861"},{"taxonomy":"post_tag","embeddable":true,"href":"https:\/\/corporacionpba.org\/nuevo\/wp-json\/wp\/v2\/tags?post=861"}],"curies":[{"name":"wp","href":"https:\/\/api.w.org\/{rel}","templated":true}]}}