{"id":863,"date":"2019-09-28T15:08:02","date_gmt":"2019-09-28T15:08:02","guid":{"rendered":"https:\/\/corporacionpba.org\/nuevo\/?p=863"},"modified":"2020-08-27T22:34:31","modified_gmt":"2020-08-27T22:34:31","slug":"la-corporacion-pba-repite-premio-al-valor-social","status":"publish","type":"post","link":"https:\/\/corporacionpba.org\/nuevo\/la-corporacion-pba-repite-premio-al-valor-social\/","title":{"rendered":"La Corporaci\u00f3n PBA repite premio al valor social"},"content":{"rendered":"<p><img loading=\"lazy\" decoding=\"async\" class=\" wp-image-1100 alignleft\" src=\"https:\/\/corporacionpba.org\/nuevo\/wp-content\/uploads\/2019\/06\/PREMIOSVSOCIAL_03A2297-web-1.jpg\" alt=\"\" width=\"220\" height=\"110\" \/><\/p>\n<p><span class=\"chapo\">Por segundo a\u00f1o consecutivo<\/span>\u00a0la Corporaci\u00f3n PBA fue una de las entidades ganadoras de los premios al valor social que entrega anualmente la Fundaci\u00f3n CEPSA en Colombia. En esta ocasi\u00f3n, se premi\u00f3 el proyecto que se est\u00e1 desarrollando en los municipios de Mo\u00f1itos y San Bernardo del Viento, en la zona costanera de C\u00f3rdoba, con dos organizaciones de mujeres que producen aceite de coco virgen.<\/p>\n<p>A la ceremonia, que se llev\u00f3 a cabo el pasado martes 11 de diciembre, asistieron Lucelis Gonz\u00e1lez, representante de la Asociaci\u00f3n de mujeres productoras de aceite de coco de San Bernardo del Viento, Mar\u00eda del Carmen Franco, representante de la Asociaci\u00f3n de mujeres productoras de aceite de coco de Mo\u00f1itos, y Santiago Perry, Director Ejecutivo de la Corporaci\u00f3n PBA, encargados de recoger la placa de reconocimiento.<\/p>\n<p>El acompa\u00f1amiento que le ha brindado la Corporaci\u00f3n a estas dos asociaciones ha sido fundamental para su fortalecimiento organizativo y para el aumento de su producci\u00f3n. Al respecto, Lucelis coment\u00f3 \u201ccomenzamos con una producci\u00f3n muy peque\u00f1a y hoy en d\u00eda ya tenemos una producci\u00f3n alta de 400 litros mensuales\u201d. La producci\u00f3n de aceite de las dos organizaciones sigue creciendo y lo har\u00e1 a\u00fan m\u00e1s con la maquinaria y los equipos conseguidos a trav\u00e9s de la Fundaci\u00f3n CEPSA y gracias al apoyo de la Corporaci\u00f3n PBA.<\/p>\n<p>Por su parte, Mar\u00eda del Carmen asegur\u00f3 que \u201cel apoyo que hemos recibido por parte de la Corporaci\u00f3n PBA ha sido total. La parte productiva ha venido creciendo y estamos trabajando en la parte organizativa, en donde estamos creando los estatutos y formando la junta directiva\u201d. Las dos representantes asistentes al evento recalcaron su emoci\u00f3n, y la de las dem\u00e1s asociadas, al momento de recibir la noticia del premio.<\/p>\n<p>Simult\u00e1neamente, otra de las organizaciones premiadas en esta edici\u00f3n fue Asoproch, tambi\u00e9n de C\u00f3rdoba, la cual ha sido acompa\u00f1ada, desde sus inicios, por la Corporaci\u00f3n PBA en los temas de yuca y ganader\u00eda. El reconocimiento otorgado por CEPSA fue por la labor que adelantan en la cadena de la yuca.<\/p>\n","protected":false},"excerpt":{"rendered":"<p>Por segundo a\u00f1o consecutivo\u00a0la Corporaci\u00f3n PBA fue una de las entidades ganadoras de los premios al valor social que entrega anualmente la Fundaci\u00f3n CEPSA en Colombia. En esta ocasi\u00f3n, se premi\u00f3 el proyecto que se est\u00e1 desarrollando en los municipios de Mo\u00f1itos y San Bernardo del Viento, en la zona costanera de C\u00f3rdoba, con dos [&hellip;]<\/p>\n","protected":false},"author":1,"featured_media":880,"comment_status":"open","ping_status":"open","sticky":false,"template":"","format":"standard","meta":{"_et_pb_use_builder":"","_et_pb_old_content":"","footnotes":""},"categories":[11],"tags":[],"class_list":["post-863","post","type-post","status-publish","format-standard","has-post-thumbnail","hentry","category-articulo"],"yoast_head":"<!-- This site is optimized with the Yoast SEO plugin v27.2 - https:\/\/yoast.com\/product\/yoast-seo-wordpress\/ -->\n<title>La Corporaci\u00f3n PBA repite premio al valor social - Corporacion PBA<\/title>\n<meta name=\"robots\" content=\"index, follow, max-snippet:-1, max-image-preview:large, max-video-preview:-1\" \/>\n<link rel=\"canonical\" href=\"https:\/\/corporacionpba.org\/nuevo\/la-corporacion-pba-repite-premio-al-valor-social\/\" \/>\n<meta property=\"og:locale\" content=\"es_ES\" \/>\n<meta property=\"og:type\" content=\"article\" \/>\n<meta property=\"og:title\" content=\"La Corporaci\u00f3n PBA repite premio al valor social - Corporacion PBA\" \/>\n<meta property=\"og:description\" content=\"Por segundo a\u00f1o consecutivo\u00a0la Corporaci\u00f3n PBA fue una de las entidades ganadoras de los premios al valor social que entrega anualmente la Fundaci\u00f3n CEPSA en Colombia. En esta ocasi\u00f3n, se premi\u00f3 el proyecto que se est\u00e1 desarrollando en los municipios de Mo\u00f1itos y San Bernardo del Viento, en la zona costanera de C\u00f3rdoba, con dos [&hellip;]\" \/>\n<meta property=\"og:url\" content=\"https:\/\/corporacionpba.org\/nuevo\/la-corporacion-pba-repite-premio-al-valor-social\/\" \/>\n<meta property=\"og:site_name\" content=\"Corporacion PBA\" \/>\n<meta property=\"article:published_time\" content=\"2019-09-28T15:08:02+00:00\" \/>\n<meta property=\"article:modified_time\" content=\"2020-08-27T22:34:31+00:00\" \/>\n<meta property=\"og:image\" content=\"https:\/\/corporacionpba.org\/nuevo\/wp-content\/uploads\/2020\/06\/art-20.jpg\" \/>\n\t<meta property=\"og:image:width\" content=\"600\" \/>\n\t<meta property=\"og:image:height\" content=\"600\" \/>\n\t<meta property=\"og:image:type\" content=\"image\/jpeg\" \/>\n<meta name=\"author\" content=\"adminMAO\" \/>\n<meta name=\"twitter:card\" content=\"summary_large_image\" \/>\n<meta name=\"twitter:label1\" content=\"Escrito por\" \/>\n\t<meta name=\"twitter:data1\" content=\"adminMAO\" \/>\n\t<meta name=\"twitter:label2\" content=\"Tiempo de lectura\" \/>\n\t<meta name=\"twitter:data2\" content=\"2 minutos\" \/>\n<script type=\"application\/ld+json\" class=\"yoast-schema-graph\">{\"@context\":\"https:\/\/schema.org\",\"@graph\":[{\"@type\":\"Article\",\"@id\":\"https:\/\/corporacionpba.org\/nuevo\/la-corporacion-pba-repite-premio-al-valor-social\/#article\",\"isPartOf\":{\"@id\":\"https:\/\/corporacionpba.org\/nuevo\/la-corporacion-pba-repite-premio-al-valor-social\/\"},\"author\":{\"name\":\"adminMAO\",\"@id\":\"https:\/\/corporacionpba.org\/nuevo\/#\/schema\/person\/2afc3982f9e2f023fdf3b43d4ce4b3b7\"},\"headline\":\"La Corporaci\u00f3n PBA repite premio al valor social\",\"datePublished\":\"2019-09-28T15:08:02+00:00\",\"dateModified\":\"2020-08-27T22:34:31+00:00\",\"mainEntityOfPage\":{\"@id\":\"https:\/\/corporacionpba.org\/nuevo\/la-corporacion-pba-repite-premio-al-valor-social\/\"},\"wordCount\":378,\"commentCount\":0,\"image\":{\"@id\":\"https:\/\/corporacionpba.org\/nuevo\/la-corporacion-pba-repite-premio-al-valor-social\/#primaryimage\"},\"thumbnailUrl\":\"https:\/\/corporacionpba.org\/nuevo\/wp-content\/uploads\/2020\/06\/art-20.jpg\",\"articleSection\":[\"Art\u00edculo\"],\"inLanguage\":\"es\",\"potentialAction\":[{\"@type\":\"CommentAction\",\"name\":\"Comment\",\"target\":[\"https:\/\/corporacionpba.org\/nuevo\/la-corporacion-pba-repite-premio-al-valor-social\/#respond\"]}]},{\"@type\":\"WebPage\",\"@id\":\"https:\/\/corporacionpba.org\/nuevo\/la-corporacion-pba-repite-premio-al-valor-social\/\",\"url\":\"https:\/\/corporacionpba.org\/nuevo\/la-corporacion-pba-repite-premio-al-valor-social\/\",\"name\":\"La Corporaci\u00f3n PBA repite premio al valor social - Corporacion PBA\",\"isPartOf\":{\"@id\":\"https:\/\/corporacionpba.org\/nuevo\/#website\"},\"primaryImageOfPage\":{\"@id\":\"https:\/\/corporacionpba.org\/nuevo\/la-corporacion-pba-repite-premio-al-valor-social\/#primaryimage\"},\"image\":{\"@id\":\"https:\/\/corporacionpba.org\/nuevo\/la-corporacion-pba-repite-premio-al-valor-social\/#primaryimage\"},\"thumbnailUrl\":\"https:\/\/corporacionpba.org\/nuevo\/wp-content\/uploads\/2020\/06\/art-20.jpg\",\"datePublished\":\"2019-09-28T15:08:02+00:00\",\"dateModified\":\"2020-08-27T22:34:31+00:00\",\"author\":{\"@id\":\"https:\/\/corporacionpba.org\/nuevo\/#\/schema\/person\/2afc3982f9e2f023fdf3b43d4ce4b3b7\"},\"breadcrumb\":{\"@id\":\"https:\/\/corporacionpba.org\/nuevo\/la-corporacion-pba-repite-premio-al-valor-social\/#breadcrumb\"},\"inLanguage\":\"es\",\"potentialAction\":[{\"@type\":\"ReadAction\",\"target\":[\"https:\/\/corporacionpba.org\/nuevo\/la-corporacion-pba-repite-premio-al-valor-social\/\"]}]},{\"@type\":\"ImageObject\",\"inLanguage\":\"es\",\"@id\":\"https:\/\/corporacionpba.org\/nuevo\/la-corporacion-pba-repite-premio-al-valor-social\/#primaryimage\",\"url\":\"https:\/\/corporacionpba.org\/nuevo\/wp-content\/uploads\/2020\/06\/art-20.jpg\",\"contentUrl\":\"https:\/\/corporacionpba.org\/nuevo\/wp-content\/uploads\/2020\/06\/art-20.jpg\",\"width\":600,\"height\":600},{\"@type\":\"BreadcrumbList\",\"@id\":\"https:\/\/corporacionpba.org\/nuevo\/la-corporacion-pba-repite-premio-al-valor-social\/#breadcrumb\",\"itemListElement\":[{\"@type\":\"ListItem\",\"position\":1,\"name\":\"Portada\",\"item\":\"https:\/\/corporacionpba.org\/nuevo\/\"},{\"@type\":\"ListItem\",\"position\":2,\"name\":\"La Corporaci\u00f3n PBA repite premio al valor social\"}]},{\"@type\":\"WebSite\",\"@id\":\"https:\/\/corporacionpba.org\/nuevo\/#website\",\"url\":\"https:\/\/corporacionpba.org\/nuevo\/\",\"name\":\"Corporacion PBA\",\"description\":\"Innovaci&oacute;n Rural para el Desarrollo\",\"potentialAction\":[{\"@type\":\"SearchAction\",\"target\":{\"@type\":\"EntryPoint\",\"urlTemplate\":\"https:\/\/corporacionpba.org\/nuevo\/?s={search_term_string}\"},\"query-input\":{\"@type\":\"PropertyValueSpecification\",\"valueRequired\":true,\"valueName\":\"search_term_string\"}}],\"inLanguage\":\"es\"},{\"@type\":\"Person\",\"@id\":\"https:\/\/corporacionpba.org\/nuevo\/#\/schema\/person\/2afc3982f9e2f023fdf3b43d4ce4b3b7\",\"name\":\"adminMAO\",\"image\":{\"@type\":\"ImageObject\",\"inLanguage\":\"es\",\"@id\":\"https:\/\/secure.gravatar.com\/avatar\/59aa8da0e6eecfa55967a19706053b4fba3b146cebb13c8d724ffc29cf8e73b5?s=96&d=mm&r=g\",\"url\":\"https:\/\/secure.gravatar.com\/avatar\/59aa8da0e6eecfa55967a19706053b4fba3b146cebb13c8d724ffc29cf8e73b5?s=96&d=mm&r=g\",\"contentUrl\":\"https:\/\/secure.gravatar.com\/avatar\/59aa8da0e6eecfa55967a19706053b4fba3b146cebb13c8d724ffc29cf8e73b5?s=96&d=mm&r=g\",\"caption\":\"adminMAO\"},\"sameAs\":[\"https:\/\/corporacionpba.org\/nuevo\"],\"url\":\"https:\/\/corporacionpba.org\/nuevo\/author\/adminMAO\/\"}]}<\/script>\n<!-- \/ Yoast SEO plugin. -->","yoast_head_json":{"title":"La Corporaci\u00f3n PBA repite premio al valor social - Corporacion PBA","robots":{"index":"index","follow":"follow","max-snippet":"max-snippet:-1","max-image-preview":"max-image-preview:large","max-video-preview":"max-video-preview:-1"},"canonical":"https:\/\/corporacionpba.org\/nuevo\/la-corporacion-pba-repite-premio-al-valor-social\/","og_locale":"es_ES","og_type":"article","og_title":"La Corporaci\u00f3n PBA repite premio al valor social - Corporacion PBA","og_description":"Por segundo a\u00f1o consecutivo\u00a0la Corporaci\u00f3n PBA fue una de las entidades ganadoras de los premios al valor social que entrega anualmente la Fundaci\u00f3n CEPSA en Colombia. En esta ocasi\u00f3n, se premi\u00f3 el proyecto que se est\u00e1 desarrollando en los municipios de Mo\u00f1itos y San Bernardo del Viento, en la zona costanera de C\u00f3rdoba, con dos [&hellip;]","og_url":"https:\/\/corporacionpba.org\/nuevo\/la-corporacion-pba-repite-premio-al-valor-social\/","og_site_name":"Corporacion PBA","article_published_time":"2019-09-28T15:08:02+00:00","article_modified_time":"2020-08-27T22:34:31+00:00","og_image":[{"width":600,"height":600,"url":"https:\/\/corporacionpba.org\/nuevo\/wp-content\/uploads\/2020\/06\/art-20.jpg","type":"image\/jpeg"}],"author":"adminMAO","twitter_card":"summary_large_image","twitter_misc":{"Escrito por":"adminMAO","Tiempo de lectura":"2 minutos"},"schema":{"@context":"https:\/\/schema.org","@graph":[{"@type":"Article","@id":"https:\/\/corporacionpba.org\/nuevo\/la-corporacion-pba-repite-premio-al-valor-social\/#article","isPartOf":{"@id":"https:\/\/corporacionpba.org\/nuevo\/la-corporacion-pba-repite-premio-al-valor-social\/"},"author":{"name":"adminMAO","@id":"https:\/\/corporacionpba.org\/nuevo\/#\/schema\/person\/2afc3982f9e2f023fdf3b43d4ce4b3b7"},"headline":"La Corporaci\u00f3n PBA repite premio al valor social","datePublished":"2019-09-28T15:08:02+00:00","dateModified":"2020-08-27T22:34:31+00:00","mainEntityOfPage":{"@id":"https:\/\/corporacionpba.org\/nuevo\/la-corporacion-pba-repite-premio-al-valor-social\/"},"wordCount":378,"commentCount":0,"image":{"@id":"https:\/\/corporacionpba.org\/nuevo\/la-corporacion-pba-repite-premio-al-valor-social\/#primaryimage"},"thumbnailUrl":"https:\/\/corporacionpba.org\/nuevo\/wp-content\/uploads\/2020\/06\/art-20.jpg","articleSection":["Art\u00edculo"],"inLanguage":"es","potentialAction":[{"@type":"CommentAction","name":"Comment","target":["https:\/\/corporacionpba.org\/nuevo\/la-corporacion-pba-repite-premio-al-valor-social\/#respond"]}]},{"@type":"WebPage","@id":"https:\/\/corporacionpba.org\/nuevo\/la-corporacion-pba-repite-premio-al-valor-social\/","url":"https:\/\/corporacionpba.org\/nuevo\/la-corporacion-pba-repite-premio-al-valor-social\/","name":"La Corporaci\u00f3n PBA repite premio al valor social - Corporacion PBA","isPartOf":{"@id":"https:\/\/corporacionpba.org\/nuevo\/#website"},"primaryImageOfPage":{"@id":"https:\/\/corporacionpba.org\/nuevo\/la-corporacion-pba-repite-premio-al-valor-social\/#primaryimage"},"image":{"@id":"https:\/\/corporacionpba.org\/nuevo\/la-corporacion-pba-repite-premio-al-valor-social\/#primaryimage"},"thumbnailUrl":"https:\/\/corporacionpba.org\/nuevo\/wp-content\/uploads\/2020\/06\/art-20.jpg","datePublished":"2019-09-28T15:08:02+00:00","dateModified":"2020-08-27T22:34:31+00:00","author":{"@id":"https:\/\/corporacionpba.org\/nuevo\/#\/schema\/person\/2afc3982f9e2f023fdf3b43d4ce4b3b7"},"breadcrumb":{"@id":"https:\/\/corporacionpba.org\/nuevo\/la-corporacion-pba-repite-premio-al-valor-social\/#breadcrumb"},"inLanguage":"es","potentialAction":[{"@type":"ReadAction","target":["https:\/\/corporacionpba.org\/nuevo\/la-corporacion-pba-repite-premio-al-valor-social\/"]}]},{"@type":"ImageObject","inLanguage":"es","@id":"https:\/\/corporacionpba.org\/nuevo\/la-corporacion-pba-repite-premio-al-valor-social\/#primaryimage","url":"https:\/\/corporacionpba.org\/nuevo\/wp-content\/uploads\/2020\/06\/art-20.jpg","contentUrl":"https:\/\/corporacionpba.org\/nuevo\/wp-content\/uploads\/2020\/06\/art-20.jpg","width":600,"height":600},{"@type":"BreadcrumbList","@id":"https:\/\/corporacionpba.org\/nuevo\/la-corporacion-pba-repite-premio-al-valor-social\/#breadcrumb","itemListElement":[{"@type":"ListItem","position":1,"name":"Portada","item":"https:\/\/corporacionpba.org\/nuevo\/"},{"@type":"ListItem","position":2,"name":"La Corporaci\u00f3n PBA repite premio al valor social"}]},{"@type":"WebSite","@id":"https:\/\/corporacionpba.org\/nuevo\/#website","url":"https:\/\/corporacionpba.org\/nuevo\/","name":"Corporacion PBA","description":"Innovaci&oacute;n Rural para el Desarrollo","potentialAction":[{"@type":"SearchAction","target":{"@type":"EntryPoint","urlTemplate":"https:\/\/corporacionpba.org\/nuevo\/?s={search_term_string}"},"query-input":{"@type":"PropertyValueSpecification","valueRequired":true,"valueName":"search_term_string"}}],"inLanguage":"es"},{"@type":"Person","@id":"https:\/\/corporacionpba.org\/nuevo\/#\/schema\/person\/2afc3982f9e2f023fdf3b43d4ce4b3b7","name":"adminMAO","image":{"@type":"ImageObject","inLanguage":"es","@id":"https:\/\/secure.gravatar.com\/avatar\/59aa8da0e6eecfa55967a19706053b4fba3b146cebb13c8d724ffc29cf8e73b5?s=96&d=mm&r=g","url":"https:\/\/secure.gravatar.com\/avatar\/59aa8da0e6eecfa55967a19706053b4fba3b146cebb13c8d724ffc29cf8e73b5?s=96&d=mm&r=g","contentUrl":"https:\/\/secure.gravatar.com\/avatar\/59aa8da0e6eecfa55967a19706053b4fba3b146cebb13c8d724ffc29cf8e73b5?s=96&d=mm&r=g","caption":"adminMAO"},"sameAs":["https:\/\/corporacionpba.org\/nuevo"],"url":"https:\/\/corporacionpba.org\/nuevo\/author\/adminMAO\/"}]}},"_links":{"self":[{"href":"https:\/\/corporacionpba.org\/nuevo\/wp-json\/wp\/v2\/posts\/863","targetHints":{"allow":["GET"]}}],"collection":[{"href":"https:\/\/corporacionpba.org\/nuevo\/wp-json\/wp\/v2\/posts"}],"about":[{"href":"https:\/\/corporacionpba.org\/nuevo\/wp-json\/wp\/v2\/types\/post"}],"author":[{"embeddable":true,"href":"https:\/\/corporacionpba.org\/nuevo\/wp-json\/wp\/v2\/users\/1"}],"replies":[{"embeddable":true,"href":"https:\/\/corporacionpba.org\/nuevo\/wp-json\/wp\/v2\/comments?post=863"}],"version-history":[{"count":3,"href":"https:\/\/corporacionpba.org\/nuevo\/wp-json\/wp\/v2\/posts\/863\/revisions"}],"predecessor-version":[{"id":1101,"href":"https:\/\/corporacionpba.org\/nuevo\/wp-json\/wp\/v2\/posts\/863\/revisions\/1101"}],"wp:featuredmedia":[{"embeddable":true,"href":"https:\/\/corporacionpba.org\/nuevo\/wp-json\/wp\/v2\/media\/880"}],"wp:attachment":[{"href":"https:\/\/corporacionpba.org\/nuevo\/wp-json\/wp\/v2\/media?parent=863"}],"wp:term":[{"taxonomy":"category","embeddable":true,"href":"https:\/\/corporacionpba.org\/nuevo\/wp-json\/wp\/v2\/categories?post=863"},{"taxonomy":"post_tag","embeddable":true,"href":"https:\/\/corporacionpba.org\/nuevo\/wp-json\/wp\/v2\/tags?post=863"}],"curies":[{"name":"wp","href":"https:\/\/api.w.org\/{rel}","templated":true}]}}