{"id":865,"date":"2020-01-09T15:09:10","date_gmt":"2020-01-09T15:09:10","guid":{"rendered":"https:\/\/corporacionpba.org\/nuevo\/?p=865"},"modified":"2020-08-27T22:33:04","modified_gmt":"2020-08-27T22:33:04","slug":"del-campo-a-la-planta-de-procesamiento","status":"publish","type":"post","link":"https:\/\/corporacionpba.org\/nuevo\/del-campo-a-la-planta-de-procesamiento\/","title":{"rendered":"Del campo a la planta de procesamiento"},"content":{"rendered":"<p><img loading=\"lazy\" decoding=\"async\" class=\"size-medium wp-image-854 aligncenter\" src=\"https:\/\/corporacionpba.org\/nuevo\/wp-content\/uploads\/2020\/06\/art-13-300x300.jpg\" alt=\"\" width=\"300\" height=\"300\" srcset=\"https:\/\/corporacionpba.org\/nuevo\/wp-content\/uploads\/2020\/06\/art-13-300x300.jpg 300w, https:\/\/corporacionpba.org\/nuevo\/wp-content\/uploads\/2020\/06\/art-13-150x150.jpg 150w, https:\/\/corporacionpba.org\/nuevo\/wp-content\/uploads\/2020\/06\/art-13.jpg 600w\" sizes=\"auto, (max-width: 300px) 100vw, 300px\" \/><\/p>\n<p><span class=\"chapo\">El pasado mes de marzo<\/span>, un grupo de productores de Asoagrorobledal, del municipio de Ubal\u00e1, Cundinamarca, visit\u00f3 la planta de producci\u00f3n de Salaty, la empresa que transforma el frijol que ofrece McDonald\u2019s en cada uno de sus puntos de venta. Esta organizaci\u00f3n rural hace parte del programa Redes, impulsado por la Fundaci\u00f3n Social Acer\u00edas Paz del R\u00edo, que cuenta con el acompa\u00f1amiento de la Corporaci\u00f3n PBA desde el a\u00f1o 2017.<\/p>\n<p>Con esta actividad se buscaba que los agricultores conocieran todo el proceso que conlleva el producto que ellos cultivan hasta el consumidor final. \u201cHoy, gracias a esta visita, ya sabemos cu\u00e1l es el proceso y qu\u00e9 requieren de nosotros, que estamos en el campo, para poder seleccionar y trabajar con un alimento de mayor calidad. Esto nos ense\u00f1\u00f3 que debemos esmerarnos en cultivar y sacar adelante unas plantas con buen abono y buena cosecha\u201d, afirm\u00f3 Ana Esther Rodr\u00edguez, miembro de Asoagrobledal.<\/p>\n<p>Esta gira \u00a0empresarial hace parte de las actividades de sensibilizaci\u00f3n y fortalecimiento de habilidades priorizadas en el marco del acuerdo comercial entre la Asociaci\u00f3n de peque\u00f1os productores de frijol voluble y arbustivo del municipio de Ubal\u00e1, Salaty y McDonald\u2019s, que ha contado con el acompa\u00f1amiento de la Corporaci\u00f3n PBA, la Fundaci\u00f3n Social Acer\u00edas Paz del R\u00edo y la Fundaci\u00f3n ANDI. El acuerdo comercial est\u00e1 proyectado para la producci\u00f3n de 24 toneladas\/a\u00f1o de la variedad de fr\u00edjol radical para su men\u00fa t\u00edpico colombiano, que se ofrece en todos los puntos de venta del pa\u00eds.<\/p>\n<p>Por: Antonio Camargo<\/p>\n<p>Corporaci\u00f3n PBA<\/p>\n","protected":false},"excerpt":{"rendered":"<p>El pasado mes de marzo, un grupo de productores de Asoagrorobledal, del municipio de Ubal\u00e1, Cundinamarca, visit\u00f3 la planta de producci\u00f3n de Salaty, la empresa que transforma el frijol que ofrece McDonald\u2019s en cada uno de sus puntos de venta. Esta organizaci\u00f3n rural hace parte del programa Redes, impulsado por la Fundaci\u00f3n Social Acer\u00edas Paz [&hellip;]<\/p>\n","protected":false},"author":1,"featured_media":854,"comment_status":"open","ping_status":"open","sticky":false,"template":"","format":"standard","meta":{"_et_pb_use_builder":"","_et_pb_old_content":"","footnotes":""},"categories":[11],"tags":[],"class_list":["post-865","post","type-post","status-publish","format-standard","has-post-thumbnail","hentry","category-articulo"],"yoast_head":"<!-- This site is optimized with the Yoast SEO plugin v27.2 - https:\/\/yoast.com\/product\/yoast-seo-wordpress\/ -->\n<title>Del campo a la planta de procesamiento - Corporacion PBA<\/title>\n<meta name=\"robots\" content=\"index, follow, max-snippet:-1, max-image-preview:large, max-video-preview:-1\" \/>\n<link rel=\"canonical\" href=\"https:\/\/corporacionpba.org\/nuevo\/del-campo-a-la-planta-de-procesamiento\/\" \/>\n<meta property=\"og:locale\" content=\"es_ES\" \/>\n<meta property=\"og:type\" content=\"article\" \/>\n<meta property=\"og:title\" content=\"Del campo a la planta de procesamiento - Corporacion PBA\" \/>\n<meta property=\"og:description\" content=\"El pasado mes de marzo, un grupo de productores de Asoagrorobledal, del municipio de Ubal\u00e1, Cundinamarca, visit\u00f3 la planta de producci\u00f3n de Salaty, la empresa que transforma el frijol que ofrece McDonald\u2019s en cada uno de sus puntos de venta. Esta organizaci\u00f3n rural hace parte del programa Redes, impulsado por la Fundaci\u00f3n Social Acer\u00edas Paz [&hellip;]\" \/>\n<meta property=\"og:url\" content=\"https:\/\/corporacionpba.org\/nuevo\/del-campo-a-la-planta-de-procesamiento\/\" \/>\n<meta property=\"og:site_name\" content=\"Corporacion PBA\" \/>\n<meta property=\"article:published_time\" content=\"2020-01-09T15:09:10+00:00\" \/>\n<meta property=\"article:modified_time\" content=\"2020-08-27T22:33:04+00:00\" \/>\n<meta property=\"og:image\" content=\"https:\/\/corporacionpba.org\/nuevo\/wp-content\/uploads\/2020\/06\/art-13.jpg\" \/>\n\t<meta property=\"og:image:width\" content=\"600\" \/>\n\t<meta property=\"og:image:height\" content=\"600\" \/>\n\t<meta property=\"og:image:type\" content=\"image\/jpeg\" \/>\n<meta name=\"author\" content=\"adminMAO\" \/>\n<meta name=\"twitter:card\" content=\"summary_large_image\" \/>\n<meta name=\"twitter:label1\" content=\"Escrito por\" \/>\n\t<meta name=\"twitter:data1\" content=\"adminMAO\" \/>\n\t<meta name=\"twitter:label2\" content=\"Tiempo de lectura\" \/>\n\t<meta name=\"twitter:data2\" content=\"1 minuto\" \/>\n<script type=\"application\/ld+json\" class=\"yoast-schema-graph\">{\"@context\":\"https:\/\/schema.org\",\"@graph\":[{\"@type\":\"Article\",\"@id\":\"https:\/\/corporacionpba.org\/nuevo\/del-campo-a-la-planta-de-procesamiento\/#article\",\"isPartOf\":{\"@id\":\"https:\/\/corporacionpba.org\/nuevo\/del-campo-a-la-planta-de-procesamiento\/\"},\"author\":{\"name\":\"adminMAO\",\"@id\":\"https:\/\/corporacionpba.org\/nuevo\/#\/schema\/person\/2afc3982f9e2f023fdf3b43d4ce4b3b7\"},\"headline\":\"Del campo a la planta de procesamiento\",\"datePublished\":\"2020-01-09T15:09:10+00:00\",\"dateModified\":\"2020-08-27T22:33:04+00:00\",\"mainEntityOfPage\":{\"@id\":\"https:\/\/corporacionpba.org\/nuevo\/del-campo-a-la-planta-de-procesamiento\/\"},\"wordCount\":282,\"commentCount\":0,\"image\":{\"@id\":\"https:\/\/corporacionpba.org\/nuevo\/del-campo-a-la-planta-de-procesamiento\/#primaryimage\"},\"thumbnailUrl\":\"https:\/\/corporacionpba.org\/nuevo\/wp-content\/uploads\/2020\/06\/art-13.jpg\",\"articleSection\":[\"Art\u00edculo\"],\"inLanguage\":\"es\",\"potentialAction\":[{\"@type\":\"CommentAction\",\"name\":\"Comment\",\"target\":[\"https:\/\/corporacionpba.org\/nuevo\/del-campo-a-la-planta-de-procesamiento\/#respond\"]}]},{\"@type\":\"WebPage\",\"@id\":\"https:\/\/corporacionpba.org\/nuevo\/del-campo-a-la-planta-de-procesamiento\/\",\"url\":\"https:\/\/corporacionpba.org\/nuevo\/del-campo-a-la-planta-de-procesamiento\/\",\"name\":\"Del campo a la planta de procesamiento - Corporacion PBA\",\"isPartOf\":{\"@id\":\"https:\/\/corporacionpba.org\/nuevo\/#website\"},\"primaryImageOfPage\":{\"@id\":\"https:\/\/corporacionpba.org\/nuevo\/del-campo-a-la-planta-de-procesamiento\/#primaryimage\"},\"image\":{\"@id\":\"https:\/\/corporacionpba.org\/nuevo\/del-campo-a-la-planta-de-procesamiento\/#primaryimage\"},\"thumbnailUrl\":\"https:\/\/corporacionpba.org\/nuevo\/wp-content\/uploads\/2020\/06\/art-13.jpg\",\"datePublished\":\"2020-01-09T15:09:10+00:00\",\"dateModified\":\"2020-08-27T22:33:04+00:00\",\"author\":{\"@id\":\"https:\/\/corporacionpba.org\/nuevo\/#\/schema\/person\/2afc3982f9e2f023fdf3b43d4ce4b3b7\"},\"breadcrumb\":{\"@id\":\"https:\/\/corporacionpba.org\/nuevo\/del-campo-a-la-planta-de-procesamiento\/#breadcrumb\"},\"inLanguage\":\"es\",\"potentialAction\":[{\"@type\":\"ReadAction\",\"target\":[\"https:\/\/corporacionpba.org\/nuevo\/del-campo-a-la-planta-de-procesamiento\/\"]}]},{\"@type\":\"ImageObject\",\"inLanguage\":\"es\",\"@id\":\"https:\/\/corporacionpba.org\/nuevo\/del-campo-a-la-planta-de-procesamiento\/#primaryimage\",\"url\":\"https:\/\/corporacionpba.org\/nuevo\/wp-content\/uploads\/2020\/06\/art-13.jpg\",\"contentUrl\":\"https:\/\/corporacionpba.org\/nuevo\/wp-content\/uploads\/2020\/06\/art-13.jpg\",\"width\":600,\"height\":600},{\"@type\":\"BreadcrumbList\",\"@id\":\"https:\/\/corporacionpba.org\/nuevo\/del-campo-a-la-planta-de-procesamiento\/#breadcrumb\",\"itemListElement\":[{\"@type\":\"ListItem\",\"position\":1,\"name\":\"Portada\",\"item\":\"https:\/\/corporacionpba.org\/nuevo\/\"},{\"@type\":\"ListItem\",\"position\":2,\"name\":\"Del campo a la planta de procesamiento\"}]},{\"@type\":\"WebSite\",\"@id\":\"https:\/\/corporacionpba.org\/nuevo\/#website\",\"url\":\"https:\/\/corporacionpba.org\/nuevo\/\",\"name\":\"Corporacion PBA\",\"description\":\"Innovaci&oacute;n Rural para el Desarrollo\",\"potentialAction\":[{\"@type\":\"SearchAction\",\"target\":{\"@type\":\"EntryPoint\",\"urlTemplate\":\"https:\/\/corporacionpba.org\/nuevo\/?s={search_term_string}\"},\"query-input\":{\"@type\":\"PropertyValueSpecification\",\"valueRequired\":true,\"valueName\":\"search_term_string\"}}],\"inLanguage\":\"es\"},{\"@type\":\"Person\",\"@id\":\"https:\/\/corporacionpba.org\/nuevo\/#\/schema\/person\/2afc3982f9e2f023fdf3b43d4ce4b3b7\",\"name\":\"adminMAO\",\"image\":{\"@type\":\"ImageObject\",\"inLanguage\":\"es\",\"@id\":\"https:\/\/secure.gravatar.com\/avatar\/59aa8da0e6eecfa55967a19706053b4fba3b146cebb13c8d724ffc29cf8e73b5?s=96&d=mm&r=g\",\"url\":\"https:\/\/secure.gravatar.com\/avatar\/59aa8da0e6eecfa55967a19706053b4fba3b146cebb13c8d724ffc29cf8e73b5?s=96&d=mm&r=g\",\"contentUrl\":\"https:\/\/secure.gravatar.com\/avatar\/59aa8da0e6eecfa55967a19706053b4fba3b146cebb13c8d724ffc29cf8e73b5?s=96&d=mm&r=g\",\"caption\":\"adminMAO\"},\"sameAs\":[\"https:\/\/corporacionpba.org\/nuevo\"],\"url\":\"https:\/\/corporacionpba.org\/nuevo\/author\/adminMAO\/\"}]}<\/script>\n<!-- \/ Yoast SEO plugin. -->","yoast_head_json":{"title":"Del campo a la planta de procesamiento - Corporacion PBA","robots":{"index":"index","follow":"follow","max-snippet":"max-snippet:-1","max-image-preview":"max-image-preview:large","max-video-preview":"max-video-preview:-1"},"canonical":"https:\/\/corporacionpba.org\/nuevo\/del-campo-a-la-planta-de-procesamiento\/","og_locale":"es_ES","og_type":"article","og_title":"Del campo a la planta de procesamiento - Corporacion PBA","og_description":"El pasado mes de marzo, un grupo de productores de Asoagrorobledal, del municipio de Ubal\u00e1, Cundinamarca, visit\u00f3 la planta de producci\u00f3n de Salaty, la empresa que transforma el frijol que ofrece McDonald\u2019s en cada uno de sus puntos de venta. Esta organizaci\u00f3n rural hace parte del programa Redes, impulsado por la Fundaci\u00f3n Social Acer\u00edas Paz [&hellip;]","og_url":"https:\/\/corporacionpba.org\/nuevo\/del-campo-a-la-planta-de-procesamiento\/","og_site_name":"Corporacion PBA","article_published_time":"2020-01-09T15:09:10+00:00","article_modified_time":"2020-08-27T22:33:04+00:00","og_image":[{"width":600,"height":600,"url":"https:\/\/corporacionpba.org\/nuevo\/wp-content\/uploads\/2020\/06\/art-13.jpg","type":"image\/jpeg"}],"author":"adminMAO","twitter_card":"summary_large_image","twitter_misc":{"Escrito por":"adminMAO","Tiempo de lectura":"1 minuto"},"schema":{"@context":"https:\/\/schema.org","@graph":[{"@type":"Article","@id":"https:\/\/corporacionpba.org\/nuevo\/del-campo-a-la-planta-de-procesamiento\/#article","isPartOf":{"@id":"https:\/\/corporacionpba.org\/nuevo\/del-campo-a-la-planta-de-procesamiento\/"},"author":{"name":"adminMAO","@id":"https:\/\/corporacionpba.org\/nuevo\/#\/schema\/person\/2afc3982f9e2f023fdf3b43d4ce4b3b7"},"headline":"Del campo a la planta de procesamiento","datePublished":"2020-01-09T15:09:10+00:00","dateModified":"2020-08-27T22:33:04+00:00","mainEntityOfPage":{"@id":"https:\/\/corporacionpba.org\/nuevo\/del-campo-a-la-planta-de-procesamiento\/"},"wordCount":282,"commentCount":0,"image":{"@id":"https:\/\/corporacionpba.org\/nuevo\/del-campo-a-la-planta-de-procesamiento\/#primaryimage"},"thumbnailUrl":"https:\/\/corporacionpba.org\/nuevo\/wp-content\/uploads\/2020\/06\/art-13.jpg","articleSection":["Art\u00edculo"],"inLanguage":"es","potentialAction":[{"@type":"CommentAction","name":"Comment","target":["https:\/\/corporacionpba.org\/nuevo\/del-campo-a-la-planta-de-procesamiento\/#respond"]}]},{"@type":"WebPage","@id":"https:\/\/corporacionpba.org\/nuevo\/del-campo-a-la-planta-de-procesamiento\/","url":"https:\/\/corporacionpba.org\/nuevo\/del-campo-a-la-planta-de-procesamiento\/","name":"Del campo a la planta de procesamiento - Corporacion PBA","isPartOf":{"@id":"https:\/\/corporacionpba.org\/nuevo\/#website"},"primaryImageOfPage":{"@id":"https:\/\/corporacionpba.org\/nuevo\/del-campo-a-la-planta-de-procesamiento\/#primaryimage"},"image":{"@id":"https:\/\/corporacionpba.org\/nuevo\/del-campo-a-la-planta-de-procesamiento\/#primaryimage"},"thumbnailUrl":"https:\/\/corporacionpba.org\/nuevo\/wp-content\/uploads\/2020\/06\/art-13.jpg","datePublished":"2020-01-09T15:09:10+00:00","dateModified":"2020-08-27T22:33:04+00:00","author":{"@id":"https:\/\/corporacionpba.org\/nuevo\/#\/schema\/person\/2afc3982f9e2f023fdf3b43d4ce4b3b7"},"breadcrumb":{"@id":"https:\/\/corporacionpba.org\/nuevo\/del-campo-a-la-planta-de-procesamiento\/#breadcrumb"},"inLanguage":"es","potentialAction":[{"@type":"ReadAction","target":["https:\/\/corporacionpba.org\/nuevo\/del-campo-a-la-planta-de-procesamiento\/"]}]},{"@type":"ImageObject","inLanguage":"es","@id":"https:\/\/corporacionpba.org\/nuevo\/del-campo-a-la-planta-de-procesamiento\/#primaryimage","url":"https:\/\/corporacionpba.org\/nuevo\/wp-content\/uploads\/2020\/06\/art-13.jpg","contentUrl":"https:\/\/corporacionpba.org\/nuevo\/wp-content\/uploads\/2020\/06\/art-13.jpg","width":600,"height":600},{"@type":"BreadcrumbList","@id":"https:\/\/corporacionpba.org\/nuevo\/del-campo-a-la-planta-de-procesamiento\/#breadcrumb","itemListElement":[{"@type":"ListItem","position":1,"name":"Portada","item":"https:\/\/corporacionpba.org\/nuevo\/"},{"@type":"ListItem","position":2,"name":"Del campo a la planta de procesamiento"}]},{"@type":"WebSite","@id":"https:\/\/corporacionpba.org\/nuevo\/#website","url":"https:\/\/corporacionpba.org\/nuevo\/","name":"Corporacion PBA","description":"Innovaci&oacute;n Rural para el Desarrollo","potentialAction":[{"@type":"SearchAction","target":{"@type":"EntryPoint","urlTemplate":"https:\/\/corporacionpba.org\/nuevo\/?s={search_term_string}"},"query-input":{"@type":"PropertyValueSpecification","valueRequired":true,"valueName":"search_term_string"}}],"inLanguage":"es"},{"@type":"Person","@id":"https:\/\/corporacionpba.org\/nuevo\/#\/schema\/person\/2afc3982f9e2f023fdf3b43d4ce4b3b7","name":"adminMAO","image":{"@type":"ImageObject","inLanguage":"es","@id":"https:\/\/secure.gravatar.com\/avatar\/59aa8da0e6eecfa55967a19706053b4fba3b146cebb13c8d724ffc29cf8e73b5?s=96&d=mm&r=g","url":"https:\/\/secure.gravatar.com\/avatar\/59aa8da0e6eecfa55967a19706053b4fba3b146cebb13c8d724ffc29cf8e73b5?s=96&d=mm&r=g","contentUrl":"https:\/\/secure.gravatar.com\/avatar\/59aa8da0e6eecfa55967a19706053b4fba3b146cebb13c8d724ffc29cf8e73b5?s=96&d=mm&r=g","caption":"adminMAO"},"sameAs":["https:\/\/corporacionpba.org\/nuevo"],"url":"https:\/\/corporacionpba.org\/nuevo\/author\/adminMAO\/"}]}},"_links":{"self":[{"href":"https:\/\/corporacionpba.org\/nuevo\/wp-json\/wp\/v2\/posts\/865","targetHints":{"allow":["GET"]}}],"collection":[{"href":"https:\/\/corporacionpba.org\/nuevo\/wp-json\/wp\/v2\/posts"}],"about":[{"href":"https:\/\/corporacionpba.org\/nuevo\/wp-json\/wp\/v2\/types\/post"}],"author":[{"embeddable":true,"href":"https:\/\/corporacionpba.org\/nuevo\/wp-json\/wp\/v2\/users\/1"}],"replies":[{"embeddable":true,"href":"https:\/\/corporacionpba.org\/nuevo\/wp-json\/wp\/v2\/comments?post=865"}],"version-history":[{"count":3,"href":"https:\/\/corporacionpba.org\/nuevo\/wp-json\/wp\/v2\/posts\/865\/revisions"}],"predecessor-version":[{"id":1103,"href":"https:\/\/corporacionpba.org\/nuevo\/wp-json\/wp\/v2\/posts\/865\/revisions\/1103"}],"wp:featuredmedia":[{"embeddable":true,"href":"https:\/\/corporacionpba.org\/nuevo\/wp-json\/wp\/v2\/media\/854"}],"wp:attachment":[{"href":"https:\/\/corporacionpba.org\/nuevo\/wp-json\/wp\/v2\/media?parent=865"}],"wp:term":[{"taxonomy":"category","embeddable":true,"href":"https:\/\/corporacionpba.org\/nuevo\/wp-json\/wp\/v2\/categories?post=865"},{"taxonomy":"post_tag","embeddable":true,"href":"https:\/\/corporacionpba.org\/nuevo\/wp-json\/wp\/v2\/tags?post=865"}],"curies":[{"name":"wp","href":"https:\/\/api.w.org\/{rel}","templated":true}]}}