{"id":871,"date":"2020-04-15T15:12:27","date_gmt":"2020-04-15T15:12:27","guid":{"rendered":"https:\/\/corporacionpba.org\/nuevo\/?p=871"},"modified":"2020-08-27T22:30:42","modified_gmt":"2020-08-27T22:30:42","slug":"inicia-la-recoleccion-de-residuos-solidos-en-el-centro-poblado-doima","status":"publish","type":"post","link":"https:\/\/corporacionpba.org\/nuevo\/inicia-la-recoleccion-de-residuos-solidos-en-el-centro-poblado-doima\/","title":{"rendered":"Inicia la recolecci\u00f3n de residuos s\u00f3lidos en el centro poblado Doima"},"content":{"rendered":"<p><img loading=\"lazy\" decoding=\"async\" class=\"size-medium wp-image-852 aligncenter\" src=\"https:\/\/corporacionpba.org\/nuevo\/wp-content\/uploads\/2020\/06\/art-11-300x300.jpg\" alt=\"\" width=\"300\" height=\"300\" srcset=\"https:\/\/corporacionpba.org\/nuevo\/wp-content\/uploads\/2020\/06\/art-11-300x300.jpg 300w, https:\/\/corporacionpba.org\/nuevo\/wp-content\/uploads\/2020\/06\/art-11-150x150.jpg 150w, https:\/\/corporacionpba.org\/nuevo\/wp-content\/uploads\/2020\/06\/art-11.jpg 600w\" sizes=\"auto, (max-width: 300px) 100vw, 300px\" \/><\/p>\n<p><span class=\"chapo\">El 14 de septiembre<\/span>\u00a0del 2019 se llev\u00f3 a cabo la primera jornada piloto de sensibilizaci\u00f3n y recolecci\u00f3n de residuos s\u00f3lidos en el centro poblado Doima, la cual hace parte del proceso de implementaci\u00f3n del proyecto de reciclaje de residuos s\u00f3lidos de la Asociaci\u00f3n de Productores Campesinos Despertar (APROCADE). Dicho proyecto es apoyado por la Fundaci\u00f3n Grupo BIOS y la Fundaci\u00f3n Bol\u00edvar Davivienda.<\/p>\n<p>La jornada piloto fue realizada por miembros de APROCADE, quienes planificaron con anticipaci\u00f3n la actividad a realizar, acompa\u00f1ados por los profesionales de la Corporaci\u00f3n PBA. Se adelant\u00f3 en dos barrios del centro poblado y un sector de la vereda Las Villas, en donde los miembros de APROCADE, en equipos de dos personas, realizaron visitas puerta a puerta a 50 familias locales. Durante la visita, los asociados dieron a conocer a la comunidad el perfil de la organizaci\u00f3n, los objetivos de la visita y la importancia de reciclar para garantizar un mejor vivir en el territorio y en toda la sociedad.<\/p>\n<p>Durante la visita se entreg\u00f3, a cada familia, dos lonas -una para la recolecci\u00f3n de cart\u00f3n y papel y la otra para la de pl\u00e1sticos-, un plegable explicativo y promocional del reciclaje y un adhesivo de reconocimiento por reciclar, para poner en las puertas.<\/p>\n<p>La jornada fue bastante positiva pues la comunidad recibi\u00f3 con muy buena actitud a los j\u00f3venes encargados de las visitas y al planteamiento realizado por ellos con respecto al reciclaje de los residuos s\u00f3lidos org\u00e1nicos e inorg\u00e1nicos. Finalmente, APROCADE se compromet\u00f3 en recoger semanalmente los residuos reciclados.<\/p>\n<p>Esta actividad constituye el inicio de un proceso que pretende ofrecer una soluci\u00f3n para realizar un manejo adecuado de los residuos s\u00f3lidos en el municipio de Piedras, en alianza con las fundaciones \u00a0Grupo BIOS y Bol\u00edvar Davivienda y con el acompa\u00f1amiento de la Corporaci\u00f3n PBA.<\/p>\n","protected":false},"excerpt":{"rendered":"<p>El 14 de septiembre\u00a0del 2019 se llev\u00f3 a cabo la primera jornada piloto de sensibilizaci\u00f3n y recolecci\u00f3n de residuos s\u00f3lidos en el centro poblado Doima, la cual hace parte del proceso de implementaci\u00f3n del proyecto de reciclaje de residuos s\u00f3lidos de la Asociaci\u00f3n de Productores Campesinos Despertar (APROCADE). Dicho proyecto es apoyado por la Fundaci\u00f3n [&hellip;]<\/p>\n","protected":false},"author":1,"featured_media":852,"comment_status":"open","ping_status":"open","sticky":false,"template":"","format":"standard","meta":{"_et_pb_use_builder":"","_et_pb_old_content":"","footnotes":""},"categories":[11],"tags":[],"class_list":["post-871","post","type-post","status-publish","format-standard","has-post-thumbnail","hentry","category-articulo"],"yoast_head":"<!-- This site is optimized with the Yoast SEO plugin v27.2 - https:\/\/yoast.com\/product\/yoast-seo-wordpress\/ -->\n<title>Inicia la recolecci\u00f3n de residuos s\u00f3lidos en el centro poblado Doima - Corporacion PBA<\/title>\n<meta name=\"robots\" content=\"index, follow, max-snippet:-1, max-image-preview:large, max-video-preview:-1\" \/>\n<link rel=\"canonical\" href=\"https:\/\/corporacionpba.org\/nuevo\/inicia-la-recoleccion-de-residuos-solidos-en-el-centro-poblado-doima\/\" \/>\n<meta property=\"og:locale\" content=\"es_ES\" \/>\n<meta property=\"og:type\" content=\"article\" \/>\n<meta property=\"og:title\" content=\"Inicia la recolecci\u00f3n de residuos s\u00f3lidos en el centro poblado Doima - Corporacion PBA\" \/>\n<meta property=\"og:description\" content=\"El 14 de septiembre\u00a0del 2019 se llev\u00f3 a cabo la primera jornada piloto de sensibilizaci\u00f3n y recolecci\u00f3n de residuos s\u00f3lidos en el centro poblado Doima, la cual hace parte del proceso de implementaci\u00f3n del proyecto de reciclaje de residuos s\u00f3lidos de la Asociaci\u00f3n de Productores Campesinos Despertar (APROCADE). Dicho proyecto es apoyado por la Fundaci\u00f3n [&hellip;]\" \/>\n<meta property=\"og:url\" content=\"https:\/\/corporacionpba.org\/nuevo\/inicia-la-recoleccion-de-residuos-solidos-en-el-centro-poblado-doima\/\" \/>\n<meta property=\"og:site_name\" content=\"Corporacion PBA\" \/>\n<meta property=\"article:published_time\" content=\"2020-04-15T15:12:27+00:00\" \/>\n<meta property=\"article:modified_time\" content=\"2020-08-27T22:30:42+00:00\" \/>\n<meta property=\"og:image\" content=\"https:\/\/corporacionpba.org\/nuevo\/wp-content\/uploads\/2020\/06\/art-11.jpg\" \/>\n\t<meta property=\"og:image:width\" content=\"600\" \/>\n\t<meta property=\"og:image:height\" content=\"600\" \/>\n\t<meta property=\"og:image:type\" content=\"image\/jpeg\" \/>\n<meta name=\"author\" content=\"adminMAO\" \/>\n<meta name=\"twitter:card\" content=\"summary_large_image\" \/>\n<meta name=\"twitter:label1\" content=\"Escrito por\" \/>\n\t<meta name=\"twitter:data1\" content=\"adminMAO\" \/>\n\t<meta name=\"twitter:label2\" content=\"Tiempo de lectura\" \/>\n\t<meta name=\"twitter:data2\" content=\"2 minutos\" \/>\n<script type=\"application\/ld+json\" class=\"yoast-schema-graph\">{\"@context\":\"https:\/\/schema.org\",\"@graph\":[{\"@type\":\"Article\",\"@id\":\"https:\/\/corporacionpba.org\/nuevo\/inicia-la-recoleccion-de-residuos-solidos-en-el-centro-poblado-doima\/#article\",\"isPartOf\":{\"@id\":\"https:\/\/corporacionpba.org\/nuevo\/inicia-la-recoleccion-de-residuos-solidos-en-el-centro-poblado-doima\/\"},\"author\":{\"name\":\"adminMAO\",\"@id\":\"https:\/\/corporacionpba.org\/nuevo\/#\/schema\/person\/2afc3982f9e2f023fdf3b43d4ce4b3b7\"},\"headline\":\"Inicia la recolecci\u00f3n de residuos s\u00f3lidos en el centro poblado Doima\",\"datePublished\":\"2020-04-15T15:12:27+00:00\",\"dateModified\":\"2020-08-27T22:30:42+00:00\",\"mainEntityOfPage\":{\"@id\":\"https:\/\/corporacionpba.org\/nuevo\/inicia-la-recoleccion-de-residuos-solidos-en-el-centro-poblado-doima\/\"},\"wordCount\":334,\"commentCount\":0,\"image\":{\"@id\":\"https:\/\/corporacionpba.org\/nuevo\/inicia-la-recoleccion-de-residuos-solidos-en-el-centro-poblado-doima\/#primaryimage\"},\"thumbnailUrl\":\"https:\/\/corporacionpba.org\/nuevo\/wp-content\/uploads\/2020\/06\/art-11.jpg\",\"articleSection\":[\"Art\u00edculo\"],\"inLanguage\":\"es\",\"potentialAction\":[{\"@type\":\"CommentAction\",\"name\":\"Comment\",\"target\":[\"https:\/\/corporacionpba.org\/nuevo\/inicia-la-recoleccion-de-residuos-solidos-en-el-centro-poblado-doima\/#respond\"]}]},{\"@type\":\"WebPage\",\"@id\":\"https:\/\/corporacionpba.org\/nuevo\/inicia-la-recoleccion-de-residuos-solidos-en-el-centro-poblado-doima\/\",\"url\":\"https:\/\/corporacionpba.org\/nuevo\/inicia-la-recoleccion-de-residuos-solidos-en-el-centro-poblado-doima\/\",\"name\":\"Inicia la recolecci\u00f3n de residuos s\u00f3lidos en el centro poblado Doima - Corporacion PBA\",\"isPartOf\":{\"@id\":\"https:\/\/corporacionpba.org\/nuevo\/#website\"},\"primaryImageOfPage\":{\"@id\":\"https:\/\/corporacionpba.org\/nuevo\/inicia-la-recoleccion-de-residuos-solidos-en-el-centro-poblado-doima\/#primaryimage\"},\"image\":{\"@id\":\"https:\/\/corporacionpba.org\/nuevo\/inicia-la-recoleccion-de-residuos-solidos-en-el-centro-poblado-doima\/#primaryimage\"},\"thumbnailUrl\":\"https:\/\/corporacionpba.org\/nuevo\/wp-content\/uploads\/2020\/06\/art-11.jpg\",\"datePublished\":\"2020-04-15T15:12:27+00:00\",\"dateModified\":\"2020-08-27T22:30:42+00:00\",\"author\":{\"@id\":\"https:\/\/corporacionpba.org\/nuevo\/#\/schema\/person\/2afc3982f9e2f023fdf3b43d4ce4b3b7\"},\"breadcrumb\":{\"@id\":\"https:\/\/corporacionpba.org\/nuevo\/inicia-la-recoleccion-de-residuos-solidos-en-el-centro-poblado-doima\/#breadcrumb\"},\"inLanguage\":\"es\",\"potentialAction\":[{\"@type\":\"ReadAction\",\"target\":[\"https:\/\/corporacionpba.org\/nuevo\/inicia-la-recoleccion-de-residuos-solidos-en-el-centro-poblado-doima\/\"]}]},{\"@type\":\"ImageObject\",\"inLanguage\":\"es\",\"@id\":\"https:\/\/corporacionpba.org\/nuevo\/inicia-la-recoleccion-de-residuos-solidos-en-el-centro-poblado-doima\/#primaryimage\",\"url\":\"https:\/\/corporacionpba.org\/nuevo\/wp-content\/uploads\/2020\/06\/art-11.jpg\",\"contentUrl\":\"https:\/\/corporacionpba.org\/nuevo\/wp-content\/uploads\/2020\/06\/art-11.jpg\",\"width\":600,\"height\":600},{\"@type\":\"BreadcrumbList\",\"@id\":\"https:\/\/corporacionpba.org\/nuevo\/inicia-la-recoleccion-de-residuos-solidos-en-el-centro-poblado-doima\/#breadcrumb\",\"itemListElement\":[{\"@type\":\"ListItem\",\"position\":1,\"name\":\"Portada\",\"item\":\"https:\/\/corporacionpba.org\/nuevo\/\"},{\"@type\":\"ListItem\",\"position\":2,\"name\":\"Inicia la recolecci\u00f3n de residuos s\u00f3lidos en el centro poblado Doima\"}]},{\"@type\":\"WebSite\",\"@id\":\"https:\/\/corporacionpba.org\/nuevo\/#website\",\"url\":\"https:\/\/corporacionpba.org\/nuevo\/\",\"name\":\"Corporacion PBA\",\"description\":\"Innovaci&oacute;n Rural para el Desarrollo\",\"potentialAction\":[{\"@type\":\"SearchAction\",\"target\":{\"@type\":\"EntryPoint\",\"urlTemplate\":\"https:\/\/corporacionpba.org\/nuevo\/?s={search_term_string}\"},\"query-input\":{\"@type\":\"PropertyValueSpecification\",\"valueRequired\":true,\"valueName\":\"search_term_string\"}}],\"inLanguage\":\"es\"},{\"@type\":\"Person\",\"@id\":\"https:\/\/corporacionpba.org\/nuevo\/#\/schema\/person\/2afc3982f9e2f023fdf3b43d4ce4b3b7\",\"name\":\"adminMAO\",\"image\":{\"@type\":\"ImageObject\",\"inLanguage\":\"es\",\"@id\":\"https:\/\/secure.gravatar.com\/avatar\/59aa8da0e6eecfa55967a19706053b4fba3b146cebb13c8d724ffc29cf8e73b5?s=96&d=mm&r=g\",\"url\":\"https:\/\/secure.gravatar.com\/avatar\/59aa8da0e6eecfa55967a19706053b4fba3b146cebb13c8d724ffc29cf8e73b5?s=96&d=mm&r=g\",\"contentUrl\":\"https:\/\/secure.gravatar.com\/avatar\/59aa8da0e6eecfa55967a19706053b4fba3b146cebb13c8d724ffc29cf8e73b5?s=96&d=mm&r=g\",\"caption\":\"adminMAO\"},\"sameAs\":[\"https:\/\/corporacionpba.org\/nuevo\"],\"url\":\"https:\/\/corporacionpba.org\/nuevo\/author\/adminMAO\/\"}]}<\/script>\n<!-- \/ Yoast SEO plugin. -->","yoast_head_json":{"title":"Inicia la recolecci\u00f3n de residuos s\u00f3lidos en el centro poblado Doima - Corporacion PBA","robots":{"index":"index","follow":"follow","max-snippet":"max-snippet:-1","max-image-preview":"max-image-preview:large","max-video-preview":"max-video-preview:-1"},"canonical":"https:\/\/corporacionpba.org\/nuevo\/inicia-la-recoleccion-de-residuos-solidos-en-el-centro-poblado-doima\/","og_locale":"es_ES","og_type":"article","og_title":"Inicia la recolecci\u00f3n de residuos s\u00f3lidos en el centro poblado Doima - Corporacion PBA","og_description":"El 14 de septiembre\u00a0del 2019 se llev\u00f3 a cabo la primera jornada piloto de sensibilizaci\u00f3n y recolecci\u00f3n de residuos s\u00f3lidos en el centro poblado Doima, la cual hace parte del proceso de implementaci\u00f3n del proyecto de reciclaje de residuos s\u00f3lidos de la Asociaci\u00f3n de Productores Campesinos Despertar (APROCADE). Dicho proyecto es apoyado por la Fundaci\u00f3n [&hellip;]","og_url":"https:\/\/corporacionpba.org\/nuevo\/inicia-la-recoleccion-de-residuos-solidos-en-el-centro-poblado-doima\/","og_site_name":"Corporacion PBA","article_published_time":"2020-04-15T15:12:27+00:00","article_modified_time":"2020-08-27T22:30:42+00:00","og_image":[{"width":600,"height":600,"url":"https:\/\/corporacionpba.org\/nuevo\/wp-content\/uploads\/2020\/06\/art-11.jpg","type":"image\/jpeg"}],"author":"adminMAO","twitter_card":"summary_large_image","twitter_misc":{"Escrito por":"adminMAO","Tiempo de lectura":"2 minutos"},"schema":{"@context":"https:\/\/schema.org","@graph":[{"@type":"Article","@id":"https:\/\/corporacionpba.org\/nuevo\/inicia-la-recoleccion-de-residuos-solidos-en-el-centro-poblado-doima\/#article","isPartOf":{"@id":"https:\/\/corporacionpba.org\/nuevo\/inicia-la-recoleccion-de-residuos-solidos-en-el-centro-poblado-doima\/"},"author":{"name":"adminMAO","@id":"https:\/\/corporacionpba.org\/nuevo\/#\/schema\/person\/2afc3982f9e2f023fdf3b43d4ce4b3b7"},"headline":"Inicia la recolecci\u00f3n de residuos s\u00f3lidos en el centro poblado Doima","datePublished":"2020-04-15T15:12:27+00:00","dateModified":"2020-08-27T22:30:42+00:00","mainEntityOfPage":{"@id":"https:\/\/corporacionpba.org\/nuevo\/inicia-la-recoleccion-de-residuos-solidos-en-el-centro-poblado-doima\/"},"wordCount":334,"commentCount":0,"image":{"@id":"https:\/\/corporacionpba.org\/nuevo\/inicia-la-recoleccion-de-residuos-solidos-en-el-centro-poblado-doima\/#primaryimage"},"thumbnailUrl":"https:\/\/corporacionpba.org\/nuevo\/wp-content\/uploads\/2020\/06\/art-11.jpg","articleSection":["Art\u00edculo"],"inLanguage":"es","potentialAction":[{"@type":"CommentAction","name":"Comment","target":["https:\/\/corporacionpba.org\/nuevo\/inicia-la-recoleccion-de-residuos-solidos-en-el-centro-poblado-doima\/#respond"]}]},{"@type":"WebPage","@id":"https:\/\/corporacionpba.org\/nuevo\/inicia-la-recoleccion-de-residuos-solidos-en-el-centro-poblado-doima\/","url":"https:\/\/corporacionpba.org\/nuevo\/inicia-la-recoleccion-de-residuos-solidos-en-el-centro-poblado-doima\/","name":"Inicia la recolecci\u00f3n de residuos s\u00f3lidos en el centro poblado Doima - Corporacion PBA","isPartOf":{"@id":"https:\/\/corporacionpba.org\/nuevo\/#website"},"primaryImageOfPage":{"@id":"https:\/\/corporacionpba.org\/nuevo\/inicia-la-recoleccion-de-residuos-solidos-en-el-centro-poblado-doima\/#primaryimage"},"image":{"@id":"https:\/\/corporacionpba.org\/nuevo\/inicia-la-recoleccion-de-residuos-solidos-en-el-centro-poblado-doima\/#primaryimage"},"thumbnailUrl":"https:\/\/corporacionpba.org\/nuevo\/wp-content\/uploads\/2020\/06\/art-11.jpg","datePublished":"2020-04-15T15:12:27+00:00","dateModified":"2020-08-27T22:30:42+00:00","author":{"@id":"https:\/\/corporacionpba.org\/nuevo\/#\/schema\/person\/2afc3982f9e2f023fdf3b43d4ce4b3b7"},"breadcrumb":{"@id":"https:\/\/corporacionpba.org\/nuevo\/inicia-la-recoleccion-de-residuos-solidos-en-el-centro-poblado-doima\/#breadcrumb"},"inLanguage":"es","potentialAction":[{"@type":"ReadAction","target":["https:\/\/corporacionpba.org\/nuevo\/inicia-la-recoleccion-de-residuos-solidos-en-el-centro-poblado-doima\/"]}]},{"@type":"ImageObject","inLanguage":"es","@id":"https:\/\/corporacionpba.org\/nuevo\/inicia-la-recoleccion-de-residuos-solidos-en-el-centro-poblado-doima\/#primaryimage","url":"https:\/\/corporacionpba.org\/nuevo\/wp-content\/uploads\/2020\/06\/art-11.jpg","contentUrl":"https:\/\/corporacionpba.org\/nuevo\/wp-content\/uploads\/2020\/06\/art-11.jpg","width":600,"height":600},{"@type":"BreadcrumbList","@id":"https:\/\/corporacionpba.org\/nuevo\/inicia-la-recoleccion-de-residuos-solidos-en-el-centro-poblado-doima\/#breadcrumb","itemListElement":[{"@type":"ListItem","position":1,"name":"Portada","item":"https:\/\/corporacionpba.org\/nuevo\/"},{"@type":"ListItem","position":2,"name":"Inicia la recolecci\u00f3n de residuos s\u00f3lidos en el centro poblado Doima"}]},{"@type":"WebSite","@id":"https:\/\/corporacionpba.org\/nuevo\/#website","url":"https:\/\/corporacionpba.org\/nuevo\/","name":"Corporacion PBA","description":"Innovaci&oacute;n Rural para el Desarrollo","potentialAction":[{"@type":"SearchAction","target":{"@type":"EntryPoint","urlTemplate":"https:\/\/corporacionpba.org\/nuevo\/?s={search_term_string}"},"query-input":{"@type":"PropertyValueSpecification","valueRequired":true,"valueName":"search_term_string"}}],"inLanguage":"es"},{"@type":"Person","@id":"https:\/\/corporacionpba.org\/nuevo\/#\/schema\/person\/2afc3982f9e2f023fdf3b43d4ce4b3b7","name":"adminMAO","image":{"@type":"ImageObject","inLanguage":"es","@id":"https:\/\/secure.gravatar.com\/avatar\/59aa8da0e6eecfa55967a19706053b4fba3b146cebb13c8d724ffc29cf8e73b5?s=96&d=mm&r=g","url":"https:\/\/secure.gravatar.com\/avatar\/59aa8da0e6eecfa55967a19706053b4fba3b146cebb13c8d724ffc29cf8e73b5?s=96&d=mm&r=g","contentUrl":"https:\/\/secure.gravatar.com\/avatar\/59aa8da0e6eecfa55967a19706053b4fba3b146cebb13c8d724ffc29cf8e73b5?s=96&d=mm&r=g","caption":"adminMAO"},"sameAs":["https:\/\/corporacionpba.org\/nuevo"],"url":"https:\/\/corporacionpba.org\/nuevo\/author\/adminMAO\/"}]}},"_links":{"self":[{"href":"https:\/\/corporacionpba.org\/nuevo\/wp-json\/wp\/v2\/posts\/871","targetHints":{"allow":["GET"]}}],"collection":[{"href":"https:\/\/corporacionpba.org\/nuevo\/wp-json\/wp\/v2\/posts"}],"about":[{"href":"https:\/\/corporacionpba.org\/nuevo\/wp-json\/wp\/v2\/types\/post"}],"author":[{"embeddable":true,"href":"https:\/\/corporacionpba.org\/nuevo\/wp-json\/wp\/v2\/users\/1"}],"replies":[{"embeddable":true,"href":"https:\/\/corporacionpba.org\/nuevo\/wp-json\/wp\/v2\/comments?post=871"}],"version-history":[{"count":3,"href":"https:\/\/corporacionpba.org\/nuevo\/wp-json\/wp\/v2\/posts\/871\/revisions"}],"predecessor-version":[{"id":1109,"href":"https:\/\/corporacionpba.org\/nuevo\/wp-json\/wp\/v2\/posts\/871\/revisions\/1109"}],"wp:featuredmedia":[{"embeddable":true,"href":"https:\/\/corporacionpba.org\/nuevo\/wp-json\/wp\/v2\/media\/852"}],"wp:attachment":[{"href":"https:\/\/corporacionpba.org\/nuevo\/wp-json\/wp\/v2\/media?parent=871"}],"wp:term":[{"taxonomy":"category","embeddable":true,"href":"https:\/\/corporacionpba.org\/nuevo\/wp-json\/wp\/v2\/categories?post=871"},{"taxonomy":"post_tag","embeddable":true,"href":"https:\/\/corporacionpba.org\/nuevo\/wp-json\/wp\/v2\/tags?post=871"}],"curies":[{"name":"wp","href":"https:\/\/api.w.org\/{rel}","templated":true}]}}