{"id":873,"date":"2020-04-28T15:13:12","date_gmt":"2020-04-28T15:13:12","guid":{"rendered":"https:\/\/corporacionpba.org\/nuevo\/?p=873"},"modified":"2020-08-27T22:29:26","modified_gmt":"2020-08-27T22:29:26","slug":"gira-de-intercambio-de-conocimientos-en-jardin-antioquia","status":"publish","type":"post","link":"https:\/\/corporacionpba.org\/nuevo\/gira-de-intercambio-de-conocimientos-en-jardin-antioquia\/","title":{"rendered":"Gira de intercambio de conocimientos en Jard\u00edn, Antioquia"},"content":{"rendered":"<p><img loading=\"lazy\" decoding=\"async\" class=\"alignnone size-medium wp-image-855 aligncenter\" src=\"https:\/\/corporacionpba.org\/nuevo\/wp-content\/uploads\/2020\/06\/art-14-300x300.jpg\" alt=\"\" width=\"300\" height=\"300\" srcset=\"https:\/\/corporacionpba.org\/nuevo\/wp-content\/uploads\/2020\/06\/art-14-300x300.jpg 300w, https:\/\/corporacionpba.org\/nuevo\/wp-content\/uploads\/2020\/06\/art-14-150x150.jpg 150w, https:\/\/corporacionpba.org\/nuevo\/wp-content\/uploads\/2020\/06\/art-14.jpg 600w\" sizes=\"auto, (max-width: 300px) 100vw, 300px\" \/><\/p>\n<p><span class=\"chapo\">En el marco de la socializaci\u00f3n<\/span>\u00a0del convenio con Regal\u00edas, la Corporaci\u00f3n PBA, Cepass y la Universidad Javeriana, tres integrantes del Grupo Participativo Local (GPL) de Isnos, Huila, viajaron al municipio de Jard\u00edn, Antioquia, para intercambiar experiencias con los productores de esa zona y conocer y aprovechar sus aportes y avances tecnol\u00f3gicos y organizacionales.<\/p>\n<p>La asociaci\u00f3n visitada fue Agrojar S.A.S. que se constituy\u00f3 hace cerca de diez a\u00f1os y se consolid\u00f3 como exportadora de gulupa hace tres a\u00f1os. Est\u00e1 ubicada en el municipio de Jard\u00edn, Antioquia, primer productor de gulupa del pa\u00eds. En el mes de noviembre del presente a\u00f1o le abri\u00f3 sus puertas a tres productores de Isnos -Ferney Lebaza, Oswaldo Lebaza y Katerine S\u00e1nchez- y comparti\u00f3 con ellos su conocimiento en cuanto al manejo, producci\u00f3n y comercializaci\u00f3n de productos como la gulupa y el aguacate, que ellos mismos los exportan en la actualidad.<\/p>\n<p>Uno de los aprendizajes m\u00e1s importantes que obtuvieron los productores visitantes fue en el tema organizacional, ya que les ense\u00f1aron que para crecer empresarialmente se deben tener en cuenta distintos cambios: en los procesos productivos, de puntuaci\u00f3n laboral y en el establecimiento de temas financieros. De la misma manera, hay que conformarse como grupo organizativo, asociaci\u00f3n o grupo empresarial.<\/p>\n<p>Esta gira de intercambio ha sido una gran oportunidad para generar conciencia y compartir los conocimientos adquiridos previamente por los integrantes de las dos organizaciones. Tras ella, los productores del GPL Isnos se dieron cuenta que a pesar de poseer tierras muy productivas y de haber adquirido varios aprendizajes en todos los procesos de acompa\u00f1amiento con las diferentes entidades, a\u00fan hay mucho por mejorar para lograr un tope productivo rentable, referencial y acorde con el medio en el que se mueven. El objetivo, entonces, es continuar con el fortalecimiento de la organizaci\u00f3n y avanzar en la conformaci\u00f3n de empresa, para poder trascender fronteras con sus productos.<\/p>\n<p>Jhonatan Valbuena<br \/>\nComunicador rural<\/p>\n","protected":false},"excerpt":{"rendered":"<p>En el marco de la socializaci\u00f3n\u00a0del convenio con Regal\u00edas, la Corporaci\u00f3n PBA, Cepass y la Universidad Javeriana, tres integrantes del Grupo Participativo Local (GPL) de Isnos, Huila, viajaron al municipio de Jard\u00edn, Antioquia, para intercambiar experiencias con los productores de esa zona y conocer y aprovechar sus aportes y avances tecnol\u00f3gicos y organizacionales. La asociaci\u00f3n [&hellip;]<\/p>\n","protected":false},"author":1,"featured_media":855,"comment_status":"open","ping_status":"open","sticky":false,"template":"","format":"standard","meta":{"_et_pb_use_builder":"","_et_pb_old_content":"","footnotes":""},"categories":[11],"tags":[],"class_list":["post-873","post","type-post","status-publish","format-standard","has-post-thumbnail","hentry","category-articulo"],"yoast_head":"<!-- This site is optimized with the Yoast SEO plugin v27.2 - https:\/\/yoast.com\/product\/yoast-seo-wordpress\/ -->\n<title>Gira de intercambio de conocimientos en Jard\u00edn, Antioquia - Corporacion PBA<\/title>\n<meta name=\"robots\" content=\"index, follow, max-snippet:-1, max-image-preview:large, max-video-preview:-1\" \/>\n<link rel=\"canonical\" href=\"https:\/\/corporacionpba.org\/nuevo\/gira-de-intercambio-de-conocimientos-en-jardin-antioquia\/\" \/>\n<meta property=\"og:locale\" content=\"es_ES\" \/>\n<meta property=\"og:type\" content=\"article\" \/>\n<meta property=\"og:title\" content=\"Gira de intercambio de conocimientos en Jard\u00edn, Antioquia - Corporacion PBA\" \/>\n<meta property=\"og:description\" content=\"En el marco de la socializaci\u00f3n\u00a0del convenio con Regal\u00edas, la Corporaci\u00f3n PBA, Cepass y la Universidad Javeriana, tres integrantes del Grupo Participativo Local (GPL) de Isnos, Huila, viajaron al municipio de Jard\u00edn, Antioquia, para intercambiar experiencias con los productores de esa zona y conocer y aprovechar sus aportes y avances tecnol\u00f3gicos y organizacionales. La asociaci\u00f3n [&hellip;]\" \/>\n<meta property=\"og:url\" content=\"https:\/\/corporacionpba.org\/nuevo\/gira-de-intercambio-de-conocimientos-en-jardin-antioquia\/\" \/>\n<meta property=\"og:site_name\" content=\"Corporacion PBA\" \/>\n<meta property=\"article:published_time\" content=\"2020-04-28T15:13:12+00:00\" \/>\n<meta property=\"article:modified_time\" content=\"2020-08-27T22:29:26+00:00\" \/>\n<meta property=\"og:image\" content=\"https:\/\/corporacionpba.org\/nuevo\/wp-content\/uploads\/2020\/06\/art-14.jpg\" \/>\n\t<meta property=\"og:image:width\" content=\"600\" \/>\n\t<meta property=\"og:image:height\" content=\"600\" \/>\n\t<meta property=\"og:image:type\" content=\"image\/jpeg\" \/>\n<meta name=\"author\" content=\"adminMAO\" \/>\n<meta name=\"twitter:card\" content=\"summary_large_image\" \/>\n<meta name=\"twitter:label1\" content=\"Escrito por\" \/>\n\t<meta name=\"twitter:data1\" content=\"adminMAO\" \/>\n\t<meta name=\"twitter:label2\" content=\"Tiempo de lectura\" \/>\n\t<meta name=\"twitter:data2\" content=\"2 minutos\" \/>\n<script type=\"application\/ld+json\" class=\"yoast-schema-graph\">{\"@context\":\"https:\/\/schema.org\",\"@graph\":[{\"@type\":\"Article\",\"@id\":\"https:\/\/corporacionpba.org\/nuevo\/gira-de-intercambio-de-conocimientos-en-jardin-antioquia\/#article\",\"isPartOf\":{\"@id\":\"https:\/\/corporacionpba.org\/nuevo\/gira-de-intercambio-de-conocimientos-en-jardin-antioquia\/\"},\"author\":{\"name\":\"adminMAO\",\"@id\":\"https:\/\/corporacionpba.org\/nuevo\/#\/schema\/person\/2afc3982f9e2f023fdf3b43d4ce4b3b7\"},\"headline\":\"Gira de intercambio de conocimientos en Jard\u00edn, Antioquia\",\"datePublished\":\"2020-04-28T15:13:12+00:00\",\"dateModified\":\"2020-08-27T22:29:26+00:00\",\"mainEntityOfPage\":{\"@id\":\"https:\/\/corporacionpba.org\/nuevo\/gira-de-intercambio-de-conocimientos-en-jardin-antioquia\/\"},\"wordCount\":347,\"commentCount\":0,\"image\":{\"@id\":\"https:\/\/corporacionpba.org\/nuevo\/gira-de-intercambio-de-conocimientos-en-jardin-antioquia\/#primaryimage\"},\"thumbnailUrl\":\"https:\/\/corporacionpba.org\/nuevo\/wp-content\/uploads\/2020\/06\/art-14.jpg\",\"articleSection\":[\"Art\u00edculo\"],\"inLanguage\":\"es\",\"potentialAction\":[{\"@type\":\"CommentAction\",\"name\":\"Comment\",\"target\":[\"https:\/\/corporacionpba.org\/nuevo\/gira-de-intercambio-de-conocimientos-en-jardin-antioquia\/#respond\"]}]},{\"@type\":\"WebPage\",\"@id\":\"https:\/\/corporacionpba.org\/nuevo\/gira-de-intercambio-de-conocimientos-en-jardin-antioquia\/\",\"url\":\"https:\/\/corporacionpba.org\/nuevo\/gira-de-intercambio-de-conocimientos-en-jardin-antioquia\/\",\"name\":\"Gira de intercambio de conocimientos en Jard\u00edn, Antioquia - Corporacion PBA\",\"isPartOf\":{\"@id\":\"https:\/\/corporacionpba.org\/nuevo\/#website\"},\"primaryImageOfPage\":{\"@id\":\"https:\/\/corporacionpba.org\/nuevo\/gira-de-intercambio-de-conocimientos-en-jardin-antioquia\/#primaryimage\"},\"image\":{\"@id\":\"https:\/\/corporacionpba.org\/nuevo\/gira-de-intercambio-de-conocimientos-en-jardin-antioquia\/#primaryimage\"},\"thumbnailUrl\":\"https:\/\/corporacionpba.org\/nuevo\/wp-content\/uploads\/2020\/06\/art-14.jpg\",\"datePublished\":\"2020-04-28T15:13:12+00:00\",\"dateModified\":\"2020-08-27T22:29:26+00:00\",\"author\":{\"@id\":\"https:\/\/corporacionpba.org\/nuevo\/#\/schema\/person\/2afc3982f9e2f023fdf3b43d4ce4b3b7\"},\"breadcrumb\":{\"@id\":\"https:\/\/corporacionpba.org\/nuevo\/gira-de-intercambio-de-conocimientos-en-jardin-antioquia\/#breadcrumb\"},\"inLanguage\":\"es\",\"potentialAction\":[{\"@type\":\"ReadAction\",\"target\":[\"https:\/\/corporacionpba.org\/nuevo\/gira-de-intercambio-de-conocimientos-en-jardin-antioquia\/\"]}]},{\"@type\":\"ImageObject\",\"inLanguage\":\"es\",\"@id\":\"https:\/\/corporacionpba.org\/nuevo\/gira-de-intercambio-de-conocimientos-en-jardin-antioquia\/#primaryimage\",\"url\":\"https:\/\/corporacionpba.org\/nuevo\/wp-content\/uploads\/2020\/06\/art-14.jpg\",\"contentUrl\":\"https:\/\/corporacionpba.org\/nuevo\/wp-content\/uploads\/2020\/06\/art-14.jpg\",\"width\":600,\"height\":600},{\"@type\":\"BreadcrumbList\",\"@id\":\"https:\/\/corporacionpba.org\/nuevo\/gira-de-intercambio-de-conocimientos-en-jardin-antioquia\/#breadcrumb\",\"itemListElement\":[{\"@type\":\"ListItem\",\"position\":1,\"name\":\"Portada\",\"item\":\"https:\/\/corporacionpba.org\/nuevo\/\"},{\"@type\":\"ListItem\",\"position\":2,\"name\":\"Gira de intercambio de conocimientos en Jard\u00edn, Antioquia\"}]},{\"@type\":\"WebSite\",\"@id\":\"https:\/\/corporacionpba.org\/nuevo\/#website\",\"url\":\"https:\/\/corporacionpba.org\/nuevo\/\",\"name\":\"Corporacion PBA\",\"description\":\"Innovaci&oacute;n Rural para el Desarrollo\",\"potentialAction\":[{\"@type\":\"SearchAction\",\"target\":{\"@type\":\"EntryPoint\",\"urlTemplate\":\"https:\/\/corporacionpba.org\/nuevo\/?s={search_term_string}\"},\"query-input\":{\"@type\":\"PropertyValueSpecification\",\"valueRequired\":true,\"valueName\":\"search_term_string\"}}],\"inLanguage\":\"es\"},{\"@type\":\"Person\",\"@id\":\"https:\/\/corporacionpba.org\/nuevo\/#\/schema\/person\/2afc3982f9e2f023fdf3b43d4ce4b3b7\",\"name\":\"adminMAO\",\"image\":{\"@type\":\"ImageObject\",\"inLanguage\":\"es\",\"@id\":\"https:\/\/secure.gravatar.com\/avatar\/59aa8da0e6eecfa55967a19706053b4fba3b146cebb13c8d724ffc29cf8e73b5?s=96&d=mm&r=g\",\"url\":\"https:\/\/secure.gravatar.com\/avatar\/59aa8da0e6eecfa55967a19706053b4fba3b146cebb13c8d724ffc29cf8e73b5?s=96&d=mm&r=g\",\"contentUrl\":\"https:\/\/secure.gravatar.com\/avatar\/59aa8da0e6eecfa55967a19706053b4fba3b146cebb13c8d724ffc29cf8e73b5?s=96&d=mm&r=g\",\"caption\":\"adminMAO\"},\"sameAs\":[\"https:\/\/corporacionpba.org\/nuevo\"],\"url\":\"https:\/\/corporacionpba.org\/nuevo\/author\/adminMAO\/\"}]}<\/script>\n<!-- \/ Yoast SEO plugin. -->","yoast_head_json":{"title":"Gira de intercambio de conocimientos en Jard\u00edn, Antioquia - Corporacion PBA","robots":{"index":"index","follow":"follow","max-snippet":"max-snippet:-1","max-image-preview":"max-image-preview:large","max-video-preview":"max-video-preview:-1"},"canonical":"https:\/\/corporacionpba.org\/nuevo\/gira-de-intercambio-de-conocimientos-en-jardin-antioquia\/","og_locale":"es_ES","og_type":"article","og_title":"Gira de intercambio de conocimientos en Jard\u00edn, Antioquia - Corporacion PBA","og_description":"En el marco de la socializaci\u00f3n\u00a0del convenio con Regal\u00edas, la Corporaci\u00f3n PBA, Cepass y la Universidad Javeriana, tres integrantes del Grupo Participativo Local (GPL) de Isnos, Huila, viajaron al municipio de Jard\u00edn, Antioquia, para intercambiar experiencias con los productores de esa zona y conocer y aprovechar sus aportes y avances tecnol\u00f3gicos y organizacionales. La asociaci\u00f3n [&hellip;]","og_url":"https:\/\/corporacionpba.org\/nuevo\/gira-de-intercambio-de-conocimientos-en-jardin-antioquia\/","og_site_name":"Corporacion PBA","article_published_time":"2020-04-28T15:13:12+00:00","article_modified_time":"2020-08-27T22:29:26+00:00","og_image":[{"width":600,"height":600,"url":"https:\/\/corporacionpba.org\/nuevo\/wp-content\/uploads\/2020\/06\/art-14.jpg","type":"image\/jpeg"}],"author":"adminMAO","twitter_card":"summary_large_image","twitter_misc":{"Escrito por":"adminMAO","Tiempo de lectura":"2 minutos"},"schema":{"@context":"https:\/\/schema.org","@graph":[{"@type":"Article","@id":"https:\/\/corporacionpba.org\/nuevo\/gira-de-intercambio-de-conocimientos-en-jardin-antioquia\/#article","isPartOf":{"@id":"https:\/\/corporacionpba.org\/nuevo\/gira-de-intercambio-de-conocimientos-en-jardin-antioquia\/"},"author":{"name":"adminMAO","@id":"https:\/\/corporacionpba.org\/nuevo\/#\/schema\/person\/2afc3982f9e2f023fdf3b43d4ce4b3b7"},"headline":"Gira de intercambio de conocimientos en Jard\u00edn, Antioquia","datePublished":"2020-04-28T15:13:12+00:00","dateModified":"2020-08-27T22:29:26+00:00","mainEntityOfPage":{"@id":"https:\/\/corporacionpba.org\/nuevo\/gira-de-intercambio-de-conocimientos-en-jardin-antioquia\/"},"wordCount":347,"commentCount":0,"image":{"@id":"https:\/\/corporacionpba.org\/nuevo\/gira-de-intercambio-de-conocimientos-en-jardin-antioquia\/#primaryimage"},"thumbnailUrl":"https:\/\/corporacionpba.org\/nuevo\/wp-content\/uploads\/2020\/06\/art-14.jpg","articleSection":["Art\u00edculo"],"inLanguage":"es","potentialAction":[{"@type":"CommentAction","name":"Comment","target":["https:\/\/corporacionpba.org\/nuevo\/gira-de-intercambio-de-conocimientos-en-jardin-antioquia\/#respond"]}]},{"@type":"WebPage","@id":"https:\/\/corporacionpba.org\/nuevo\/gira-de-intercambio-de-conocimientos-en-jardin-antioquia\/","url":"https:\/\/corporacionpba.org\/nuevo\/gira-de-intercambio-de-conocimientos-en-jardin-antioquia\/","name":"Gira de intercambio de conocimientos en Jard\u00edn, Antioquia - Corporacion PBA","isPartOf":{"@id":"https:\/\/corporacionpba.org\/nuevo\/#website"},"primaryImageOfPage":{"@id":"https:\/\/corporacionpba.org\/nuevo\/gira-de-intercambio-de-conocimientos-en-jardin-antioquia\/#primaryimage"},"image":{"@id":"https:\/\/corporacionpba.org\/nuevo\/gira-de-intercambio-de-conocimientos-en-jardin-antioquia\/#primaryimage"},"thumbnailUrl":"https:\/\/corporacionpba.org\/nuevo\/wp-content\/uploads\/2020\/06\/art-14.jpg","datePublished":"2020-04-28T15:13:12+00:00","dateModified":"2020-08-27T22:29:26+00:00","author":{"@id":"https:\/\/corporacionpba.org\/nuevo\/#\/schema\/person\/2afc3982f9e2f023fdf3b43d4ce4b3b7"},"breadcrumb":{"@id":"https:\/\/corporacionpba.org\/nuevo\/gira-de-intercambio-de-conocimientos-en-jardin-antioquia\/#breadcrumb"},"inLanguage":"es","potentialAction":[{"@type":"ReadAction","target":["https:\/\/corporacionpba.org\/nuevo\/gira-de-intercambio-de-conocimientos-en-jardin-antioquia\/"]}]},{"@type":"ImageObject","inLanguage":"es","@id":"https:\/\/corporacionpba.org\/nuevo\/gira-de-intercambio-de-conocimientos-en-jardin-antioquia\/#primaryimage","url":"https:\/\/corporacionpba.org\/nuevo\/wp-content\/uploads\/2020\/06\/art-14.jpg","contentUrl":"https:\/\/corporacionpba.org\/nuevo\/wp-content\/uploads\/2020\/06\/art-14.jpg","width":600,"height":600},{"@type":"BreadcrumbList","@id":"https:\/\/corporacionpba.org\/nuevo\/gira-de-intercambio-de-conocimientos-en-jardin-antioquia\/#breadcrumb","itemListElement":[{"@type":"ListItem","position":1,"name":"Portada","item":"https:\/\/corporacionpba.org\/nuevo\/"},{"@type":"ListItem","position":2,"name":"Gira de intercambio de conocimientos en Jard\u00edn, Antioquia"}]},{"@type":"WebSite","@id":"https:\/\/corporacionpba.org\/nuevo\/#website","url":"https:\/\/corporacionpba.org\/nuevo\/","name":"Corporacion PBA","description":"Innovaci&oacute;n Rural para el Desarrollo","potentialAction":[{"@type":"SearchAction","target":{"@type":"EntryPoint","urlTemplate":"https:\/\/corporacionpba.org\/nuevo\/?s={search_term_string}"},"query-input":{"@type":"PropertyValueSpecification","valueRequired":true,"valueName":"search_term_string"}}],"inLanguage":"es"},{"@type":"Person","@id":"https:\/\/corporacionpba.org\/nuevo\/#\/schema\/person\/2afc3982f9e2f023fdf3b43d4ce4b3b7","name":"adminMAO","image":{"@type":"ImageObject","inLanguage":"es","@id":"https:\/\/secure.gravatar.com\/avatar\/59aa8da0e6eecfa55967a19706053b4fba3b146cebb13c8d724ffc29cf8e73b5?s=96&d=mm&r=g","url":"https:\/\/secure.gravatar.com\/avatar\/59aa8da0e6eecfa55967a19706053b4fba3b146cebb13c8d724ffc29cf8e73b5?s=96&d=mm&r=g","contentUrl":"https:\/\/secure.gravatar.com\/avatar\/59aa8da0e6eecfa55967a19706053b4fba3b146cebb13c8d724ffc29cf8e73b5?s=96&d=mm&r=g","caption":"adminMAO"},"sameAs":["https:\/\/corporacionpba.org\/nuevo"],"url":"https:\/\/corporacionpba.org\/nuevo\/author\/adminMAO\/"}]}},"_links":{"self":[{"href":"https:\/\/corporacionpba.org\/nuevo\/wp-json\/wp\/v2\/posts\/873","targetHints":{"allow":["GET"]}}],"collection":[{"href":"https:\/\/corporacionpba.org\/nuevo\/wp-json\/wp\/v2\/posts"}],"about":[{"href":"https:\/\/corporacionpba.org\/nuevo\/wp-json\/wp\/v2\/types\/post"}],"author":[{"embeddable":true,"href":"https:\/\/corporacionpba.org\/nuevo\/wp-json\/wp\/v2\/users\/1"}],"replies":[{"embeddable":true,"href":"https:\/\/corporacionpba.org\/nuevo\/wp-json\/wp\/v2\/comments?post=873"}],"version-history":[{"count":2,"href":"https:\/\/corporacionpba.org\/nuevo\/wp-json\/wp\/v2\/posts\/873\/revisions"}],"predecessor-version":[{"id":1110,"href":"https:\/\/corporacionpba.org\/nuevo\/wp-json\/wp\/v2\/posts\/873\/revisions\/1110"}],"wp:featuredmedia":[{"embeddable":true,"href":"https:\/\/corporacionpba.org\/nuevo\/wp-json\/wp\/v2\/media\/855"}],"wp:attachment":[{"href":"https:\/\/corporacionpba.org\/nuevo\/wp-json\/wp\/v2\/media?parent=873"}],"wp:term":[{"taxonomy":"category","embeddable":true,"href":"https:\/\/corporacionpba.org\/nuevo\/wp-json\/wp\/v2\/categories?post=873"},{"taxonomy":"post_tag","embeddable":true,"href":"https:\/\/corporacionpba.org\/nuevo\/wp-json\/wp\/v2\/tags?post=873"}],"curies":[{"name":"wp","href":"https:\/\/api.w.org\/{rel}","templated":true}]}}