{"id":875,"date":"2020-05-13T15:13:54","date_gmt":"2020-05-13T15:13:54","guid":{"rendered":"https:\/\/corporacionpba.org\/nuevo\/?p=875"},"modified":"2020-08-27T22:27:46","modified_gmt":"2020-08-27T22:27:46","slug":"se-fortalecen-las-organizaciones-de-productores-en-cordoba","status":"publish","type":"post","link":"https:\/\/corporacionpba.org\/nuevo\/se-fortalecen-las-organizaciones-de-productores-en-cordoba\/","title":{"rendered":"Se fortalecen las organizaciones de productores en C\u00f3rdoba"},"content":{"rendered":"<p><span class=\"chapo\"><img loading=\"lazy\" decoding=\"async\" class=\"size-medium wp-image-859 aligncenter\" src=\"https:\/\/corporacionpba.org\/nuevo\/wp-content\/uploads\/2020\/06\/art-18-300x300.jpg\" alt=\"\" width=\"300\" height=\"300\" srcset=\"https:\/\/corporacionpba.org\/nuevo\/wp-content\/uploads\/2020\/06\/art-18-300x300.jpg 300w, https:\/\/corporacionpba.org\/nuevo\/wp-content\/uploads\/2020\/06\/art-18-150x150.jpg 150w, https:\/\/corporacionpba.org\/nuevo\/wp-content\/uploads\/2020\/06\/art-18.jpg 600w\" sizes=\"auto, (max-width: 300px) 100vw, 300px\" \/><\/span><\/p>\n<p><span class=\"chapo\">El pasado 16 de diciembre<\/span>\u00a0de 2019, en el corregimiento de R\u00edo Cedro, municipio de Mo\u00f1itos (C\u00f3rdoba), se llev\u00f3 a cabo la primera Asamblea de la Asociaci\u00f3n Agropecuaria de C\u00f3rdoba (AGROCORD). Esta organizaci\u00f3n de segundo nivel est\u00e1 integrada por 350 empresarios campesinos, miembros de 12 organizaciones productoras de pl\u00e1tano y 2 asociaciones productoras de aceite de coco virgen. La Asamblea fue presidida por el representante legal, Francisco Moreno, y asistieron como invitados el equipo de la Corporaci\u00f3n PBA, el alcalde electo del municipio de Mo\u00f1itos, Javier Francisco Olea, la ingeniera agr\u00f3noma Marledis \u00c1vila y el l\u00edder multiplicador Silfredo Fuentes.<\/p>\n<p>En la reuni\u00f3n se trataron varios temas importantes como el informe de gesti\u00f3n de AGROCORD, la presentaci\u00f3n de su estructura organizativa, el informe de cada una de las organizaciones asociadas, el registro ante el ICA, la propuesta de la titulaci\u00f3n de predios -presentada al alcalde-, la estrategia comercial y empresarial, la planeaci\u00f3n estrat\u00e9gica de la organizaci\u00f3n para el 2020 y el funcionamiento de la oficina.<\/p>\n<p>Actualmente, los productores que integran AGROCORD tienen establecidas cerca de 700 hect\u00e1reas de pl\u00e1tano, que producen un promedio mensual de 800.000 unidades. La comercializaci\u00f3n se realiza de forma conjunta en mercados locales y se est\u00e1n haciendo esfuerzos para lograr llegar a otros mercados especializados. AGROCORD tambi\u00e9n tiene visionada la agroindustria como estrategia de generaci\u00f3n de valor agregado.<\/p>\n<p>El proceso de creaci\u00f3n y fortalecimiento de AGROCORD hace parte del Sistema Territorial de Innovaci\u00f3n (STI) de la zona costanera de C\u00f3rdoba y Sucre, que desde hace 4 a\u00f1os se inici\u00f3 con la vinculaci\u00f3n de varios municipios, entre los que se destacan Puerto Escondido, Los C\u00f3rdobas, Canalete, San Bernardo del Viento, Mo\u00f1itos y San Antero. Este proceso, para fomentar y fortalecer el Sistema, viene siendo acompa\u00f1ado e impulsado por la Corporaci\u00f3n PBA, con el auspicio de la Fundaci\u00f3n Bol\u00edvar Davivienda.<\/p>\n<p>Por: Silfredo Fuentes<br \/>\nMultiplicador Rural<\/p>\n","protected":false},"excerpt":{"rendered":"<p>El pasado 16 de diciembre\u00a0de 2019, en el corregimiento de R\u00edo Cedro, municipio de Mo\u00f1itos (C\u00f3rdoba), se llev\u00f3 a cabo la primera Asamblea de la Asociaci\u00f3n Agropecuaria de C\u00f3rdoba (AGROCORD). Esta organizaci\u00f3n de segundo nivel est\u00e1 integrada por 350 empresarios campesinos, miembros de 12 organizaciones productoras de pl\u00e1tano y 2 asociaciones productoras de aceite de [&hellip;]<\/p>\n","protected":false},"author":1,"featured_media":859,"comment_status":"open","ping_status":"open","sticky":false,"template":"","format":"standard","meta":{"_et_pb_use_builder":"","_et_pb_old_content":"","footnotes":""},"categories":[11],"tags":[],"class_list":["post-875","post","type-post","status-publish","format-standard","has-post-thumbnail","hentry","category-articulo"],"yoast_head":"<!-- This site is optimized with the Yoast SEO plugin v27.2 - https:\/\/yoast.com\/product\/yoast-seo-wordpress\/ -->\n<title>Se fortalecen las organizaciones de productores en C\u00f3rdoba - Corporacion PBA<\/title>\n<meta name=\"robots\" content=\"index, follow, max-snippet:-1, max-image-preview:large, max-video-preview:-1\" \/>\n<link rel=\"canonical\" href=\"https:\/\/corporacionpba.org\/nuevo\/se-fortalecen-las-organizaciones-de-productores-en-cordoba\/\" \/>\n<meta property=\"og:locale\" content=\"es_ES\" \/>\n<meta property=\"og:type\" content=\"article\" \/>\n<meta property=\"og:title\" content=\"Se fortalecen las organizaciones de productores en C\u00f3rdoba - Corporacion PBA\" \/>\n<meta property=\"og:description\" content=\"El pasado 16 de diciembre\u00a0de 2019, en el corregimiento de R\u00edo Cedro, municipio de Mo\u00f1itos (C\u00f3rdoba), se llev\u00f3 a cabo la primera Asamblea de la Asociaci\u00f3n Agropecuaria de C\u00f3rdoba (AGROCORD). Esta organizaci\u00f3n de segundo nivel est\u00e1 integrada por 350 empresarios campesinos, miembros de 12 organizaciones productoras de pl\u00e1tano y 2 asociaciones productoras de aceite de [&hellip;]\" \/>\n<meta property=\"og:url\" content=\"https:\/\/corporacionpba.org\/nuevo\/se-fortalecen-las-organizaciones-de-productores-en-cordoba\/\" \/>\n<meta property=\"og:site_name\" content=\"Corporacion PBA\" \/>\n<meta property=\"article:published_time\" content=\"2020-05-13T15:13:54+00:00\" \/>\n<meta property=\"article:modified_time\" content=\"2020-08-27T22:27:46+00:00\" \/>\n<meta property=\"og:image\" content=\"https:\/\/corporacionpba.org\/nuevo\/wp-content\/uploads\/2020\/06\/art-18.jpg\" \/>\n\t<meta property=\"og:image:width\" content=\"600\" \/>\n\t<meta property=\"og:image:height\" content=\"600\" \/>\n\t<meta property=\"og:image:type\" content=\"image\/jpeg\" \/>\n<meta name=\"author\" content=\"adminMAO\" \/>\n<meta name=\"twitter:card\" content=\"summary_large_image\" \/>\n<meta name=\"twitter:label1\" content=\"Escrito por\" \/>\n\t<meta name=\"twitter:data1\" content=\"adminMAO\" \/>\n\t<meta name=\"twitter:label2\" content=\"Tiempo de lectura\" \/>\n\t<meta name=\"twitter:data2\" content=\"2 minutos\" \/>\n<script type=\"application\/ld+json\" class=\"yoast-schema-graph\">{\"@context\":\"https:\/\/schema.org\",\"@graph\":[{\"@type\":\"Article\",\"@id\":\"https:\/\/corporacionpba.org\/nuevo\/se-fortalecen-las-organizaciones-de-productores-en-cordoba\/#article\",\"isPartOf\":{\"@id\":\"https:\/\/corporacionpba.org\/nuevo\/se-fortalecen-las-organizaciones-de-productores-en-cordoba\/\"},\"author\":{\"name\":\"adminMAO\",\"@id\":\"https:\/\/corporacionpba.org\/nuevo\/#\/schema\/person\/2afc3982f9e2f023fdf3b43d4ce4b3b7\"},\"headline\":\"Se fortalecen las organizaciones de productores en C\u00f3rdoba\",\"datePublished\":\"2020-05-13T15:13:54+00:00\",\"dateModified\":\"2020-08-27T22:27:46+00:00\",\"mainEntityOfPage\":{\"@id\":\"https:\/\/corporacionpba.org\/nuevo\/se-fortalecen-las-organizaciones-de-productores-en-cordoba\/\"},\"wordCount\":341,\"commentCount\":0,\"image\":{\"@id\":\"https:\/\/corporacionpba.org\/nuevo\/se-fortalecen-las-organizaciones-de-productores-en-cordoba\/#primaryimage\"},\"thumbnailUrl\":\"https:\/\/corporacionpba.org\/nuevo\/wp-content\/uploads\/2020\/06\/art-18.jpg\",\"articleSection\":[\"Art\u00edculo\"],\"inLanguage\":\"es\",\"potentialAction\":[{\"@type\":\"CommentAction\",\"name\":\"Comment\",\"target\":[\"https:\/\/corporacionpba.org\/nuevo\/se-fortalecen-las-organizaciones-de-productores-en-cordoba\/#respond\"]}]},{\"@type\":\"WebPage\",\"@id\":\"https:\/\/corporacionpba.org\/nuevo\/se-fortalecen-las-organizaciones-de-productores-en-cordoba\/\",\"url\":\"https:\/\/corporacionpba.org\/nuevo\/se-fortalecen-las-organizaciones-de-productores-en-cordoba\/\",\"name\":\"Se fortalecen las organizaciones de productores en C\u00f3rdoba - Corporacion PBA\",\"isPartOf\":{\"@id\":\"https:\/\/corporacionpba.org\/nuevo\/#website\"},\"primaryImageOfPage\":{\"@id\":\"https:\/\/corporacionpba.org\/nuevo\/se-fortalecen-las-organizaciones-de-productores-en-cordoba\/#primaryimage\"},\"image\":{\"@id\":\"https:\/\/corporacionpba.org\/nuevo\/se-fortalecen-las-organizaciones-de-productores-en-cordoba\/#primaryimage\"},\"thumbnailUrl\":\"https:\/\/corporacionpba.org\/nuevo\/wp-content\/uploads\/2020\/06\/art-18.jpg\",\"datePublished\":\"2020-05-13T15:13:54+00:00\",\"dateModified\":\"2020-08-27T22:27:46+00:00\",\"author\":{\"@id\":\"https:\/\/corporacionpba.org\/nuevo\/#\/schema\/person\/2afc3982f9e2f023fdf3b43d4ce4b3b7\"},\"breadcrumb\":{\"@id\":\"https:\/\/corporacionpba.org\/nuevo\/se-fortalecen-las-organizaciones-de-productores-en-cordoba\/#breadcrumb\"},\"inLanguage\":\"es\",\"potentialAction\":[{\"@type\":\"ReadAction\",\"target\":[\"https:\/\/corporacionpba.org\/nuevo\/se-fortalecen-las-organizaciones-de-productores-en-cordoba\/\"]}]},{\"@type\":\"ImageObject\",\"inLanguage\":\"es\",\"@id\":\"https:\/\/corporacionpba.org\/nuevo\/se-fortalecen-las-organizaciones-de-productores-en-cordoba\/#primaryimage\",\"url\":\"https:\/\/corporacionpba.org\/nuevo\/wp-content\/uploads\/2020\/06\/art-18.jpg\",\"contentUrl\":\"https:\/\/corporacionpba.org\/nuevo\/wp-content\/uploads\/2020\/06\/art-18.jpg\",\"width\":600,\"height\":600},{\"@type\":\"BreadcrumbList\",\"@id\":\"https:\/\/corporacionpba.org\/nuevo\/se-fortalecen-las-organizaciones-de-productores-en-cordoba\/#breadcrumb\",\"itemListElement\":[{\"@type\":\"ListItem\",\"position\":1,\"name\":\"Portada\",\"item\":\"https:\/\/corporacionpba.org\/nuevo\/\"},{\"@type\":\"ListItem\",\"position\":2,\"name\":\"Se fortalecen las organizaciones de productores en C\u00f3rdoba\"}]},{\"@type\":\"WebSite\",\"@id\":\"https:\/\/corporacionpba.org\/nuevo\/#website\",\"url\":\"https:\/\/corporacionpba.org\/nuevo\/\",\"name\":\"Corporacion PBA\",\"description\":\"Innovaci&oacute;n Rural para el Desarrollo\",\"potentialAction\":[{\"@type\":\"SearchAction\",\"target\":{\"@type\":\"EntryPoint\",\"urlTemplate\":\"https:\/\/corporacionpba.org\/nuevo\/?s={search_term_string}\"},\"query-input\":{\"@type\":\"PropertyValueSpecification\",\"valueRequired\":true,\"valueName\":\"search_term_string\"}}],\"inLanguage\":\"es\"},{\"@type\":\"Person\",\"@id\":\"https:\/\/corporacionpba.org\/nuevo\/#\/schema\/person\/2afc3982f9e2f023fdf3b43d4ce4b3b7\",\"name\":\"adminMAO\",\"image\":{\"@type\":\"ImageObject\",\"inLanguage\":\"es\",\"@id\":\"https:\/\/secure.gravatar.com\/avatar\/59aa8da0e6eecfa55967a19706053b4fba3b146cebb13c8d724ffc29cf8e73b5?s=96&d=mm&r=g\",\"url\":\"https:\/\/secure.gravatar.com\/avatar\/59aa8da0e6eecfa55967a19706053b4fba3b146cebb13c8d724ffc29cf8e73b5?s=96&d=mm&r=g\",\"contentUrl\":\"https:\/\/secure.gravatar.com\/avatar\/59aa8da0e6eecfa55967a19706053b4fba3b146cebb13c8d724ffc29cf8e73b5?s=96&d=mm&r=g\",\"caption\":\"adminMAO\"},\"sameAs\":[\"https:\/\/corporacionpba.org\/nuevo\"],\"url\":\"https:\/\/corporacionpba.org\/nuevo\/author\/adminMAO\/\"}]}<\/script>\n<!-- \/ Yoast SEO plugin. -->","yoast_head_json":{"title":"Se fortalecen las organizaciones de productores en C\u00f3rdoba - Corporacion PBA","robots":{"index":"index","follow":"follow","max-snippet":"max-snippet:-1","max-image-preview":"max-image-preview:large","max-video-preview":"max-video-preview:-1"},"canonical":"https:\/\/corporacionpba.org\/nuevo\/se-fortalecen-las-organizaciones-de-productores-en-cordoba\/","og_locale":"es_ES","og_type":"article","og_title":"Se fortalecen las organizaciones de productores en C\u00f3rdoba - Corporacion PBA","og_description":"El pasado 16 de diciembre\u00a0de 2019, en el corregimiento de R\u00edo Cedro, municipio de Mo\u00f1itos (C\u00f3rdoba), se llev\u00f3 a cabo la primera Asamblea de la Asociaci\u00f3n Agropecuaria de C\u00f3rdoba (AGROCORD). Esta organizaci\u00f3n de segundo nivel est\u00e1 integrada por 350 empresarios campesinos, miembros de 12 organizaciones productoras de pl\u00e1tano y 2 asociaciones productoras de aceite de [&hellip;]","og_url":"https:\/\/corporacionpba.org\/nuevo\/se-fortalecen-las-organizaciones-de-productores-en-cordoba\/","og_site_name":"Corporacion PBA","article_published_time":"2020-05-13T15:13:54+00:00","article_modified_time":"2020-08-27T22:27:46+00:00","og_image":[{"width":600,"height":600,"url":"https:\/\/corporacionpba.org\/nuevo\/wp-content\/uploads\/2020\/06\/art-18.jpg","type":"image\/jpeg"}],"author":"adminMAO","twitter_card":"summary_large_image","twitter_misc":{"Escrito por":"adminMAO","Tiempo de lectura":"2 minutos"},"schema":{"@context":"https:\/\/schema.org","@graph":[{"@type":"Article","@id":"https:\/\/corporacionpba.org\/nuevo\/se-fortalecen-las-organizaciones-de-productores-en-cordoba\/#article","isPartOf":{"@id":"https:\/\/corporacionpba.org\/nuevo\/se-fortalecen-las-organizaciones-de-productores-en-cordoba\/"},"author":{"name":"adminMAO","@id":"https:\/\/corporacionpba.org\/nuevo\/#\/schema\/person\/2afc3982f9e2f023fdf3b43d4ce4b3b7"},"headline":"Se fortalecen las organizaciones de productores en C\u00f3rdoba","datePublished":"2020-05-13T15:13:54+00:00","dateModified":"2020-08-27T22:27:46+00:00","mainEntityOfPage":{"@id":"https:\/\/corporacionpba.org\/nuevo\/se-fortalecen-las-organizaciones-de-productores-en-cordoba\/"},"wordCount":341,"commentCount":0,"image":{"@id":"https:\/\/corporacionpba.org\/nuevo\/se-fortalecen-las-organizaciones-de-productores-en-cordoba\/#primaryimage"},"thumbnailUrl":"https:\/\/corporacionpba.org\/nuevo\/wp-content\/uploads\/2020\/06\/art-18.jpg","articleSection":["Art\u00edculo"],"inLanguage":"es","potentialAction":[{"@type":"CommentAction","name":"Comment","target":["https:\/\/corporacionpba.org\/nuevo\/se-fortalecen-las-organizaciones-de-productores-en-cordoba\/#respond"]}]},{"@type":"WebPage","@id":"https:\/\/corporacionpba.org\/nuevo\/se-fortalecen-las-organizaciones-de-productores-en-cordoba\/","url":"https:\/\/corporacionpba.org\/nuevo\/se-fortalecen-las-organizaciones-de-productores-en-cordoba\/","name":"Se fortalecen las organizaciones de productores en C\u00f3rdoba - Corporacion PBA","isPartOf":{"@id":"https:\/\/corporacionpba.org\/nuevo\/#website"},"primaryImageOfPage":{"@id":"https:\/\/corporacionpba.org\/nuevo\/se-fortalecen-las-organizaciones-de-productores-en-cordoba\/#primaryimage"},"image":{"@id":"https:\/\/corporacionpba.org\/nuevo\/se-fortalecen-las-organizaciones-de-productores-en-cordoba\/#primaryimage"},"thumbnailUrl":"https:\/\/corporacionpba.org\/nuevo\/wp-content\/uploads\/2020\/06\/art-18.jpg","datePublished":"2020-05-13T15:13:54+00:00","dateModified":"2020-08-27T22:27:46+00:00","author":{"@id":"https:\/\/corporacionpba.org\/nuevo\/#\/schema\/person\/2afc3982f9e2f023fdf3b43d4ce4b3b7"},"breadcrumb":{"@id":"https:\/\/corporacionpba.org\/nuevo\/se-fortalecen-las-organizaciones-de-productores-en-cordoba\/#breadcrumb"},"inLanguage":"es","potentialAction":[{"@type":"ReadAction","target":["https:\/\/corporacionpba.org\/nuevo\/se-fortalecen-las-organizaciones-de-productores-en-cordoba\/"]}]},{"@type":"ImageObject","inLanguage":"es","@id":"https:\/\/corporacionpba.org\/nuevo\/se-fortalecen-las-organizaciones-de-productores-en-cordoba\/#primaryimage","url":"https:\/\/corporacionpba.org\/nuevo\/wp-content\/uploads\/2020\/06\/art-18.jpg","contentUrl":"https:\/\/corporacionpba.org\/nuevo\/wp-content\/uploads\/2020\/06\/art-18.jpg","width":600,"height":600},{"@type":"BreadcrumbList","@id":"https:\/\/corporacionpba.org\/nuevo\/se-fortalecen-las-organizaciones-de-productores-en-cordoba\/#breadcrumb","itemListElement":[{"@type":"ListItem","position":1,"name":"Portada","item":"https:\/\/corporacionpba.org\/nuevo\/"},{"@type":"ListItem","position":2,"name":"Se fortalecen las organizaciones de productores en C\u00f3rdoba"}]},{"@type":"WebSite","@id":"https:\/\/corporacionpba.org\/nuevo\/#website","url":"https:\/\/corporacionpba.org\/nuevo\/","name":"Corporacion PBA","description":"Innovaci&oacute;n Rural para el Desarrollo","potentialAction":[{"@type":"SearchAction","target":{"@type":"EntryPoint","urlTemplate":"https:\/\/corporacionpba.org\/nuevo\/?s={search_term_string}"},"query-input":{"@type":"PropertyValueSpecification","valueRequired":true,"valueName":"search_term_string"}}],"inLanguage":"es"},{"@type":"Person","@id":"https:\/\/corporacionpba.org\/nuevo\/#\/schema\/person\/2afc3982f9e2f023fdf3b43d4ce4b3b7","name":"adminMAO","image":{"@type":"ImageObject","inLanguage":"es","@id":"https:\/\/secure.gravatar.com\/avatar\/59aa8da0e6eecfa55967a19706053b4fba3b146cebb13c8d724ffc29cf8e73b5?s=96&d=mm&r=g","url":"https:\/\/secure.gravatar.com\/avatar\/59aa8da0e6eecfa55967a19706053b4fba3b146cebb13c8d724ffc29cf8e73b5?s=96&d=mm&r=g","contentUrl":"https:\/\/secure.gravatar.com\/avatar\/59aa8da0e6eecfa55967a19706053b4fba3b146cebb13c8d724ffc29cf8e73b5?s=96&d=mm&r=g","caption":"adminMAO"},"sameAs":["https:\/\/corporacionpba.org\/nuevo"],"url":"https:\/\/corporacionpba.org\/nuevo\/author\/adminMAO\/"}]}},"_links":{"self":[{"href":"https:\/\/corporacionpba.org\/nuevo\/wp-json\/wp\/v2\/posts\/875","targetHints":{"allow":["GET"]}}],"collection":[{"href":"https:\/\/corporacionpba.org\/nuevo\/wp-json\/wp\/v2\/posts"}],"about":[{"href":"https:\/\/corporacionpba.org\/nuevo\/wp-json\/wp\/v2\/types\/post"}],"author":[{"embeddable":true,"href":"https:\/\/corporacionpba.org\/nuevo\/wp-json\/wp\/v2\/users\/1"}],"replies":[{"embeddable":true,"href":"https:\/\/corporacionpba.org\/nuevo\/wp-json\/wp\/v2\/comments?post=875"}],"version-history":[{"count":2,"href":"https:\/\/corporacionpba.org\/nuevo\/wp-json\/wp\/v2\/posts\/875\/revisions"}],"predecessor-version":[{"id":1111,"href":"https:\/\/corporacionpba.org\/nuevo\/wp-json\/wp\/v2\/posts\/875\/revisions\/1111"}],"wp:featuredmedia":[{"embeddable":true,"href":"https:\/\/corporacionpba.org\/nuevo\/wp-json\/wp\/v2\/media\/859"}],"wp:attachment":[{"href":"https:\/\/corporacionpba.org\/nuevo\/wp-json\/wp\/v2\/media?parent=875"}],"wp:term":[{"taxonomy":"category","embeddable":true,"href":"https:\/\/corporacionpba.org\/nuevo\/wp-json\/wp\/v2\/categories?post=875"},{"taxonomy":"post_tag","embeddable":true,"href":"https:\/\/corporacionpba.org\/nuevo\/wp-json\/wp\/v2\/tags?post=875"}],"curies":[{"name":"wp","href":"https:\/\/api.w.org\/{rel}","templated":true}]}}