{"id":877,"date":"2020-04-06T15:14:45","date_gmt":"2020-04-06T15:14:45","guid":{"rendered":"https:\/\/corporacionpba.org\/nuevo\/?p=877"},"modified":"2020-08-27T22:28:39","modified_gmt":"2020-08-27T22:28:39","slug":"visita-a-las-instalaciones-de-proagromil","status":"publish","type":"post","link":"https:\/\/corporacionpba.org\/nuevo\/visita-a-las-instalaciones-de-proagromil\/","title":{"rendered":"Visita a las instalaciones de Proagromil"},"content":{"rendered":"<p><img loading=\"lazy\" decoding=\"async\" class=\"alignnone size-medium wp-image-853 aligncenter\" src=\"https:\/\/corporacionpba.org\/nuevo\/wp-content\/uploads\/2020\/06\/art-12-300x300.jpg\" alt=\"\" width=\"300\" height=\"300\" srcset=\"https:\/\/corporacionpba.org\/nuevo\/wp-content\/uploads\/2020\/06\/art-12-300x300.jpg 300w, https:\/\/corporacionpba.org\/nuevo\/wp-content\/uploads\/2020\/06\/art-12-150x150.jpg 150w, https:\/\/corporacionpba.org\/nuevo\/wp-content\/uploads\/2020\/06\/art-12.jpg 600w\" sizes=\"auto, (max-width: 300px) 100vw, 300px\" \/><\/p>\n<p><span class=\"chapo\">El pasado 4 de marzo<\/span>\u00a0la Corporaci\u00f3n PBA, la Fundaci\u00f3n Bol\u00edvar Davivienda y Racaf\u00e9 visitaron la asociaci\u00f3n PROAGROMIL, una organizaci\u00f3n de 70 peque\u00f1os productores cafeteros del centro poblado Monserrate, en el municipio de La Plata, Huila. La visita ten\u00eda como objetivo conocer los avances que ha tenido la organizaci\u00f3n en el proceso de acompa\u00f1amiento que inici\u00f3 en el segundo semestre del 2019.<\/p>\n<p>Uno de los resultados obtenidos en los meses pasados, en los cuales se realizaron distintas actividades y jornadas de trabajo, fue la construcci\u00f3n de una biof\u00e1brica con los socios de la organizaci\u00f3n. Por medio de esta se dio a conocer, entre otros, la importancia de los abonos org\u00e1nicos en los cultivos de caf\u00e9, con el fin de reducir la aplicaci\u00f3n de productos qu\u00edmicos en el campo y las zonas rurales. Durante la visita los miembros de la organizaci\u00f3n realizaron una exposici\u00f3n en donde demostraron sus habilidades y fortalezas y expusieron el proceso y trabajo que se ha venido realizando con el acompa\u00f1amiento del proyecto.<\/p>\n<p>La mencionada jornada inici\u00f3 con la bienvenida y una deliciosa taza de caf\u00e9, cuyo aroma y sabor es indescriptible. Tras esto, se realiz\u00f3 la presentaci\u00f3n de los socios y de los miembros de las tres entidades visitantes y, con ello, la de una visita que no se esperaba pero que tambi\u00e9n ten\u00eda gran importancia y tra\u00eda nuevas expectativas: la de la Fundaci\u00f3n Grupo Bios, quien estaba interesada en conocer el proceso.<br \/>\nLuego se realizaron unas presentaciones din\u00e1micas en donde todos pudieron entender lo que se ha venido realizando fuera y dentro de las instalaciones de PROAGROMIL. Posteriormente nos dirigimos a la biof\u00e1brica para mostrar la importancia de los abonos org\u00e1nicos y el caldo de ceniza para los cultivos, con el fin de reducir el impacto ambiental, el qu\u00edmico y el econ\u00f3mico.<\/p>\n<p>Al final de la jornada los participantes compartieron algunas de sus experiencias en sus fincas cafeteras y de lo que estas generan en la econom\u00eda a nivel nacional, expusieron sus expectativas hacia un futuro financiero y la concentraci\u00f3n de todos en un tema espec\u00edfico: impactar al medio ambiente, de la mano de los socios, j\u00f3venes y mujeres cafeteras, de PROAGROMIL, cuyo objetivo principal es mejorar y resaltar la importancia del caf\u00e9 y del campo en general.<\/p>\n<p>Por: Luisa Andrade<br \/>\nComunicadora rural<\/p>\n","protected":false},"excerpt":{"rendered":"<p>El pasado 4 de marzo\u00a0la Corporaci\u00f3n PBA, la Fundaci\u00f3n Bol\u00edvar Davivienda y Racaf\u00e9 visitaron la asociaci\u00f3n PROAGROMIL, una organizaci\u00f3n de 70 peque\u00f1os productores cafeteros del centro poblado Monserrate, en el municipio de La Plata, Huila. La visita ten\u00eda como objetivo conocer los avances que ha tenido la organizaci\u00f3n en el proceso de acompa\u00f1amiento que inici\u00f3 [&hellip;]<\/p>\n","protected":false},"author":1,"featured_media":853,"comment_status":"open","ping_status":"open","sticky":false,"template":"","format":"standard","meta":{"_et_pb_use_builder":"","_et_pb_old_content":"","footnotes":""},"categories":[11],"tags":[],"class_list":["post-877","post","type-post","status-publish","format-standard","has-post-thumbnail","hentry","category-articulo"],"yoast_head":"<!-- This site is optimized with the Yoast SEO plugin v27.2 - https:\/\/yoast.com\/product\/yoast-seo-wordpress\/ -->\n<title>Visita a las instalaciones de Proagromil - Corporacion PBA<\/title>\n<meta name=\"robots\" content=\"index, follow, max-snippet:-1, max-image-preview:large, max-video-preview:-1\" \/>\n<link rel=\"canonical\" href=\"https:\/\/corporacionpba.org\/nuevo\/visita-a-las-instalaciones-de-proagromil\/\" \/>\n<meta property=\"og:locale\" content=\"es_ES\" \/>\n<meta property=\"og:type\" content=\"article\" \/>\n<meta property=\"og:title\" content=\"Visita a las instalaciones de Proagromil - Corporacion PBA\" \/>\n<meta property=\"og:description\" content=\"El pasado 4 de marzo\u00a0la Corporaci\u00f3n PBA, la Fundaci\u00f3n Bol\u00edvar Davivienda y Racaf\u00e9 visitaron la asociaci\u00f3n PROAGROMIL, una organizaci\u00f3n de 70 peque\u00f1os productores cafeteros del centro poblado Monserrate, en el municipio de La Plata, Huila. La visita ten\u00eda como objetivo conocer los avances que ha tenido la organizaci\u00f3n en el proceso de acompa\u00f1amiento que inici\u00f3 [&hellip;]\" \/>\n<meta property=\"og:url\" content=\"https:\/\/corporacionpba.org\/nuevo\/visita-a-las-instalaciones-de-proagromil\/\" \/>\n<meta property=\"og:site_name\" content=\"Corporacion PBA\" \/>\n<meta property=\"article:published_time\" content=\"2020-04-06T15:14:45+00:00\" \/>\n<meta property=\"article:modified_time\" content=\"2020-08-27T22:28:39+00:00\" \/>\n<meta property=\"og:image\" content=\"https:\/\/corporacionpba.org\/nuevo\/wp-content\/uploads\/2020\/06\/art-12.jpg\" \/>\n\t<meta property=\"og:image:width\" content=\"600\" \/>\n\t<meta property=\"og:image:height\" content=\"600\" \/>\n\t<meta property=\"og:image:type\" content=\"image\/jpeg\" \/>\n<meta name=\"author\" content=\"adminMAO\" \/>\n<meta name=\"twitter:card\" content=\"summary_large_image\" \/>\n<meta name=\"twitter:label1\" content=\"Escrito por\" \/>\n\t<meta name=\"twitter:data1\" content=\"adminMAO\" \/>\n\t<meta name=\"twitter:label2\" content=\"Tiempo de lectura\" \/>\n\t<meta name=\"twitter:data2\" content=\"2 minutos\" \/>\n<script type=\"application\/ld+json\" class=\"yoast-schema-graph\">{\"@context\":\"https:\/\/schema.org\",\"@graph\":[{\"@type\":\"Article\",\"@id\":\"https:\/\/corporacionpba.org\/nuevo\/visita-a-las-instalaciones-de-proagromil\/#article\",\"isPartOf\":{\"@id\":\"https:\/\/corporacionpba.org\/nuevo\/visita-a-las-instalaciones-de-proagromil\/\"},\"author\":{\"name\":\"adminMAO\",\"@id\":\"https:\/\/corporacionpba.org\/nuevo\/#\/schema\/person\/2afc3982f9e2f023fdf3b43d4ce4b3b7\"},\"headline\":\"Visita a las instalaciones de Proagromil\",\"datePublished\":\"2020-04-06T15:14:45+00:00\",\"dateModified\":\"2020-08-27T22:28:39+00:00\",\"mainEntityOfPage\":{\"@id\":\"https:\/\/corporacionpba.org\/nuevo\/visita-a-las-instalaciones-de-proagromil\/\"},\"wordCount\":413,\"commentCount\":0,\"image\":{\"@id\":\"https:\/\/corporacionpba.org\/nuevo\/visita-a-las-instalaciones-de-proagromil\/#primaryimage\"},\"thumbnailUrl\":\"https:\/\/corporacionpba.org\/nuevo\/wp-content\/uploads\/2020\/06\/art-12.jpg\",\"articleSection\":[\"Art\u00edculo\"],\"inLanguage\":\"es\",\"potentialAction\":[{\"@type\":\"CommentAction\",\"name\":\"Comment\",\"target\":[\"https:\/\/corporacionpba.org\/nuevo\/visita-a-las-instalaciones-de-proagromil\/#respond\"]}]},{\"@type\":\"WebPage\",\"@id\":\"https:\/\/corporacionpba.org\/nuevo\/visita-a-las-instalaciones-de-proagromil\/\",\"url\":\"https:\/\/corporacionpba.org\/nuevo\/visita-a-las-instalaciones-de-proagromil\/\",\"name\":\"Visita a las instalaciones de Proagromil - Corporacion PBA\",\"isPartOf\":{\"@id\":\"https:\/\/corporacionpba.org\/nuevo\/#website\"},\"primaryImageOfPage\":{\"@id\":\"https:\/\/corporacionpba.org\/nuevo\/visita-a-las-instalaciones-de-proagromil\/#primaryimage\"},\"image\":{\"@id\":\"https:\/\/corporacionpba.org\/nuevo\/visita-a-las-instalaciones-de-proagromil\/#primaryimage\"},\"thumbnailUrl\":\"https:\/\/corporacionpba.org\/nuevo\/wp-content\/uploads\/2020\/06\/art-12.jpg\",\"datePublished\":\"2020-04-06T15:14:45+00:00\",\"dateModified\":\"2020-08-27T22:28:39+00:00\",\"author\":{\"@id\":\"https:\/\/corporacionpba.org\/nuevo\/#\/schema\/person\/2afc3982f9e2f023fdf3b43d4ce4b3b7\"},\"breadcrumb\":{\"@id\":\"https:\/\/corporacionpba.org\/nuevo\/visita-a-las-instalaciones-de-proagromil\/#breadcrumb\"},\"inLanguage\":\"es\",\"potentialAction\":[{\"@type\":\"ReadAction\",\"target\":[\"https:\/\/corporacionpba.org\/nuevo\/visita-a-las-instalaciones-de-proagromil\/\"]}]},{\"@type\":\"ImageObject\",\"inLanguage\":\"es\",\"@id\":\"https:\/\/corporacionpba.org\/nuevo\/visita-a-las-instalaciones-de-proagromil\/#primaryimage\",\"url\":\"https:\/\/corporacionpba.org\/nuevo\/wp-content\/uploads\/2020\/06\/art-12.jpg\",\"contentUrl\":\"https:\/\/corporacionpba.org\/nuevo\/wp-content\/uploads\/2020\/06\/art-12.jpg\",\"width\":600,\"height\":600},{\"@type\":\"BreadcrumbList\",\"@id\":\"https:\/\/corporacionpba.org\/nuevo\/visita-a-las-instalaciones-de-proagromil\/#breadcrumb\",\"itemListElement\":[{\"@type\":\"ListItem\",\"position\":1,\"name\":\"Portada\",\"item\":\"https:\/\/corporacionpba.org\/nuevo\/\"},{\"@type\":\"ListItem\",\"position\":2,\"name\":\"Visita a las instalaciones de Proagromil\"}]},{\"@type\":\"WebSite\",\"@id\":\"https:\/\/corporacionpba.org\/nuevo\/#website\",\"url\":\"https:\/\/corporacionpba.org\/nuevo\/\",\"name\":\"Corporacion PBA\",\"description\":\"Innovaci&oacute;n Rural para el Desarrollo\",\"potentialAction\":[{\"@type\":\"SearchAction\",\"target\":{\"@type\":\"EntryPoint\",\"urlTemplate\":\"https:\/\/corporacionpba.org\/nuevo\/?s={search_term_string}\"},\"query-input\":{\"@type\":\"PropertyValueSpecification\",\"valueRequired\":true,\"valueName\":\"search_term_string\"}}],\"inLanguage\":\"es\"},{\"@type\":\"Person\",\"@id\":\"https:\/\/corporacionpba.org\/nuevo\/#\/schema\/person\/2afc3982f9e2f023fdf3b43d4ce4b3b7\",\"name\":\"adminMAO\",\"image\":{\"@type\":\"ImageObject\",\"inLanguage\":\"es\",\"@id\":\"https:\/\/secure.gravatar.com\/avatar\/59aa8da0e6eecfa55967a19706053b4fba3b146cebb13c8d724ffc29cf8e73b5?s=96&d=mm&r=g\",\"url\":\"https:\/\/secure.gravatar.com\/avatar\/59aa8da0e6eecfa55967a19706053b4fba3b146cebb13c8d724ffc29cf8e73b5?s=96&d=mm&r=g\",\"contentUrl\":\"https:\/\/secure.gravatar.com\/avatar\/59aa8da0e6eecfa55967a19706053b4fba3b146cebb13c8d724ffc29cf8e73b5?s=96&d=mm&r=g\",\"caption\":\"adminMAO\"},\"sameAs\":[\"https:\/\/corporacionpba.org\/nuevo\"],\"url\":\"https:\/\/corporacionpba.org\/nuevo\/author\/adminMAO\/\"}]}<\/script>\n<!-- \/ Yoast SEO plugin. -->","yoast_head_json":{"title":"Visita a las instalaciones de Proagromil - Corporacion PBA","robots":{"index":"index","follow":"follow","max-snippet":"max-snippet:-1","max-image-preview":"max-image-preview:large","max-video-preview":"max-video-preview:-1"},"canonical":"https:\/\/corporacionpba.org\/nuevo\/visita-a-las-instalaciones-de-proagromil\/","og_locale":"es_ES","og_type":"article","og_title":"Visita a las instalaciones de Proagromil - Corporacion PBA","og_description":"El pasado 4 de marzo\u00a0la Corporaci\u00f3n PBA, la Fundaci\u00f3n Bol\u00edvar Davivienda y Racaf\u00e9 visitaron la asociaci\u00f3n PROAGROMIL, una organizaci\u00f3n de 70 peque\u00f1os productores cafeteros del centro poblado Monserrate, en el municipio de La Plata, Huila. La visita ten\u00eda como objetivo conocer los avances que ha tenido la organizaci\u00f3n en el proceso de acompa\u00f1amiento que inici\u00f3 [&hellip;]","og_url":"https:\/\/corporacionpba.org\/nuevo\/visita-a-las-instalaciones-de-proagromil\/","og_site_name":"Corporacion PBA","article_published_time":"2020-04-06T15:14:45+00:00","article_modified_time":"2020-08-27T22:28:39+00:00","og_image":[{"width":600,"height":600,"url":"https:\/\/corporacionpba.org\/nuevo\/wp-content\/uploads\/2020\/06\/art-12.jpg","type":"image\/jpeg"}],"author":"adminMAO","twitter_card":"summary_large_image","twitter_misc":{"Escrito por":"adminMAO","Tiempo de lectura":"2 minutos"},"schema":{"@context":"https:\/\/schema.org","@graph":[{"@type":"Article","@id":"https:\/\/corporacionpba.org\/nuevo\/visita-a-las-instalaciones-de-proagromil\/#article","isPartOf":{"@id":"https:\/\/corporacionpba.org\/nuevo\/visita-a-las-instalaciones-de-proagromil\/"},"author":{"name":"adminMAO","@id":"https:\/\/corporacionpba.org\/nuevo\/#\/schema\/person\/2afc3982f9e2f023fdf3b43d4ce4b3b7"},"headline":"Visita a las instalaciones de Proagromil","datePublished":"2020-04-06T15:14:45+00:00","dateModified":"2020-08-27T22:28:39+00:00","mainEntityOfPage":{"@id":"https:\/\/corporacionpba.org\/nuevo\/visita-a-las-instalaciones-de-proagromil\/"},"wordCount":413,"commentCount":0,"image":{"@id":"https:\/\/corporacionpba.org\/nuevo\/visita-a-las-instalaciones-de-proagromil\/#primaryimage"},"thumbnailUrl":"https:\/\/corporacionpba.org\/nuevo\/wp-content\/uploads\/2020\/06\/art-12.jpg","articleSection":["Art\u00edculo"],"inLanguage":"es","potentialAction":[{"@type":"CommentAction","name":"Comment","target":["https:\/\/corporacionpba.org\/nuevo\/visita-a-las-instalaciones-de-proagromil\/#respond"]}]},{"@type":"WebPage","@id":"https:\/\/corporacionpba.org\/nuevo\/visita-a-las-instalaciones-de-proagromil\/","url":"https:\/\/corporacionpba.org\/nuevo\/visita-a-las-instalaciones-de-proagromil\/","name":"Visita a las instalaciones de Proagromil - Corporacion PBA","isPartOf":{"@id":"https:\/\/corporacionpba.org\/nuevo\/#website"},"primaryImageOfPage":{"@id":"https:\/\/corporacionpba.org\/nuevo\/visita-a-las-instalaciones-de-proagromil\/#primaryimage"},"image":{"@id":"https:\/\/corporacionpba.org\/nuevo\/visita-a-las-instalaciones-de-proagromil\/#primaryimage"},"thumbnailUrl":"https:\/\/corporacionpba.org\/nuevo\/wp-content\/uploads\/2020\/06\/art-12.jpg","datePublished":"2020-04-06T15:14:45+00:00","dateModified":"2020-08-27T22:28:39+00:00","author":{"@id":"https:\/\/corporacionpba.org\/nuevo\/#\/schema\/person\/2afc3982f9e2f023fdf3b43d4ce4b3b7"},"breadcrumb":{"@id":"https:\/\/corporacionpba.org\/nuevo\/visita-a-las-instalaciones-de-proagromil\/#breadcrumb"},"inLanguage":"es","potentialAction":[{"@type":"ReadAction","target":["https:\/\/corporacionpba.org\/nuevo\/visita-a-las-instalaciones-de-proagromil\/"]}]},{"@type":"ImageObject","inLanguage":"es","@id":"https:\/\/corporacionpba.org\/nuevo\/visita-a-las-instalaciones-de-proagromil\/#primaryimage","url":"https:\/\/corporacionpba.org\/nuevo\/wp-content\/uploads\/2020\/06\/art-12.jpg","contentUrl":"https:\/\/corporacionpba.org\/nuevo\/wp-content\/uploads\/2020\/06\/art-12.jpg","width":600,"height":600},{"@type":"BreadcrumbList","@id":"https:\/\/corporacionpba.org\/nuevo\/visita-a-las-instalaciones-de-proagromil\/#breadcrumb","itemListElement":[{"@type":"ListItem","position":1,"name":"Portada","item":"https:\/\/corporacionpba.org\/nuevo\/"},{"@type":"ListItem","position":2,"name":"Visita a las instalaciones de Proagromil"}]},{"@type":"WebSite","@id":"https:\/\/corporacionpba.org\/nuevo\/#website","url":"https:\/\/corporacionpba.org\/nuevo\/","name":"Corporacion PBA","description":"Innovaci&oacute;n Rural para el Desarrollo","potentialAction":[{"@type":"SearchAction","target":{"@type":"EntryPoint","urlTemplate":"https:\/\/corporacionpba.org\/nuevo\/?s={search_term_string}"},"query-input":{"@type":"PropertyValueSpecification","valueRequired":true,"valueName":"search_term_string"}}],"inLanguage":"es"},{"@type":"Person","@id":"https:\/\/corporacionpba.org\/nuevo\/#\/schema\/person\/2afc3982f9e2f023fdf3b43d4ce4b3b7","name":"adminMAO","image":{"@type":"ImageObject","inLanguage":"es","@id":"https:\/\/secure.gravatar.com\/avatar\/59aa8da0e6eecfa55967a19706053b4fba3b146cebb13c8d724ffc29cf8e73b5?s=96&d=mm&r=g","url":"https:\/\/secure.gravatar.com\/avatar\/59aa8da0e6eecfa55967a19706053b4fba3b146cebb13c8d724ffc29cf8e73b5?s=96&d=mm&r=g","contentUrl":"https:\/\/secure.gravatar.com\/avatar\/59aa8da0e6eecfa55967a19706053b4fba3b146cebb13c8d724ffc29cf8e73b5?s=96&d=mm&r=g","caption":"adminMAO"},"sameAs":["https:\/\/corporacionpba.org\/nuevo"],"url":"https:\/\/corporacionpba.org\/nuevo\/author\/adminMAO\/"}]}},"_links":{"self":[{"href":"https:\/\/corporacionpba.org\/nuevo\/wp-json\/wp\/v2\/posts\/877","targetHints":{"allow":["GET"]}}],"collection":[{"href":"https:\/\/corporacionpba.org\/nuevo\/wp-json\/wp\/v2\/posts"}],"about":[{"href":"https:\/\/corporacionpba.org\/nuevo\/wp-json\/wp\/v2\/types\/post"}],"author":[{"embeddable":true,"href":"https:\/\/corporacionpba.org\/nuevo\/wp-json\/wp\/v2\/users\/1"}],"replies":[{"embeddable":true,"href":"https:\/\/corporacionpba.org\/nuevo\/wp-json\/wp\/v2\/comments?post=877"}],"version-history":[{"count":3,"href":"https:\/\/corporacionpba.org\/nuevo\/wp-json\/wp\/v2\/posts\/877\/revisions"}],"predecessor-version":[{"id":1085,"href":"https:\/\/corporacionpba.org\/nuevo\/wp-json\/wp\/v2\/posts\/877\/revisions\/1085"}],"wp:featuredmedia":[{"embeddable":true,"href":"https:\/\/corporacionpba.org\/nuevo\/wp-json\/wp\/v2\/media\/853"}],"wp:attachment":[{"href":"https:\/\/corporacionpba.org\/nuevo\/wp-json\/wp\/v2\/media?parent=877"}],"wp:term":[{"taxonomy":"category","embeddable":true,"href":"https:\/\/corporacionpba.org\/nuevo\/wp-json\/wp\/v2\/categories?post=877"},{"taxonomy":"post_tag","embeddable":true,"href":"https:\/\/corporacionpba.org\/nuevo\/wp-json\/wp\/v2\/tags?post=877"}],"curies":[{"name":"wp","href":"https:\/\/api.w.org\/{rel}","templated":true}]}}